{"id":118,"date":"2013-02-14T10:24:25","date_gmt":"2013-02-14T08:24:25","guid":{"rendered":"http:\/\/blogs.hoy.es\/catalanaconjamon\/?p=118"},"modified":"2013-02-14T10:24:25","modified_gmt":"2013-02-14T08:24:25","slug":"empresarios-extremenos-y-catalanes-presentan-en-ifeba-un-nuevo-modelo-de-butacas-hospitalarias","status":"publish","type":"post","link":"https:\/\/blogs.hoy.es\/catalanaconjamon\/2013\/02\/14\/empresarios-extremenos-y-catalanes-presentan-en-ifeba-un-nuevo-modelo-de-butacas-hospitalarias\/","title":{"rendered":"Extreme\u00f1os y catalanes, unidos por las butacas hospitalarias"},"content":{"rendered":"<p><strong>Josep Morat\u00f3 es un empresario de Sant Feliu de Gu\u00edxols (Girona), que desde 2009 desarrolla su actividad en el sector de las butacas de descanso para las habitaciones de hospital, con la empresa Decam. Ahora, junto a empresarios extreme\u00f1os, acaba de crear una nueva sociedad, Abatibles de Extremadura, S.A. (ABEXSA), con la que quieren producir en M\u00e9rida nuevos modelos de butacas abatibles, tanto el\u00e9ctricas como manuales, no s\u00f3lo para el reposo de visitantes, sino tambi\u00e9n para mejorar la atenci\u00f3n a personas de escasa movilidad, tanto en el \u00e1mbito hospitalario, como en los propios hogares.<\/strong><\/p>\n<div id=\"attachment_119\" style=\"width: 235px\" class=\"wp-caption alignleft\"><a href=\"\/catalanaconjamon\/wp-content\/uploads\/sites\/49\/2013\/02\/Josep-Morat\u00f3-2.jpg\"><img aria-describedby=\"caption-attachment-119\" loading=\"lazy\" class=\"size-medium wp-image-119\" src=\"\/catalanaconjamon\/wp-content\/uploads\/sites\/49\/2013\/02\/Josep-Morat\u00f3-2.jpg\" alt=\"\" width=\"225\" height=\"300\" srcset=\"https:\/\/static-blogs.hoy.es\/wp-content\/uploads\/sites\/49\/2013\/02\/Josep-Morat\u00f3-2.jpg 768w, https:\/\/static-blogs.hoy.es\/wp-content\/uploads\/sites\/49\/2013\/02\/Josep-Morat\u00f3-2-225x300.jpg 225w\" sizes=\"(max-width: 225px) 100vw, 225px\" \/><\/a><p id=\"caption-attachment-119\" class=\"wp-caption-text\">Josep Morat\u00f3 en su oficina de Sant Feliu de Gu\u00edxols (Girona)<\/p><\/div>\n<p>Los prototipos de las nuevas butacas podr\u00e1n verse los pr\u00f3ximos d\u00edas, del 14 al 17 de febrero de 2013, en Badajoz, en el recinto de IFEBA, con motivo de la celebraci\u00f3n de la XVI edici\u00f3n de la Feria de los Mayores de Extremadura.<\/p>\n<p>El gerundense Josep Morat\u00f3, uno de los impulsores del proyecto, lleva desde los 18 a\u00f1os vinculado a diversos proyectos empresariales, alguno de los cuales a punto estuvo, hace casi 40 a\u00f1os, de traerlo ya a Extremadura.<\/p>\n<p>Seg\u00fan nos explica, entre 1971 y 1981 trabaj\u00f3 en una peque\u00f1a empresa familiar de tapones de corcho y le falt\u00f3 poco para instalarse en Extremadura, ya que un empresario catal\u00e1n le ofreci\u00f3 venir como gerente de una empresa que se dedicaba a la preparaci\u00f3n del corcho. Tras ese paso por el sector suber\u00edcola, Josep Morat\u00f3 se ha dedicado a sectores como el inmobiliario, las inversiones en hosteler\u00eda y turismo en pa\u00edses como Bulgaria y Brasil, la participaci\u00f3n en empresas industriales, la creaci\u00f3n de suelo urbanizable o la fabricaci\u00f3n de mobiliario para centros hospitalarios.<\/p>\n<p>Precisamente le preguntamos por ese \u00faltimo sector, que es el vinculado a la nueva sociedad que ha puesto en marcha en Extremadura.<\/p>\n<p><strong>\u00bfQu\u00e9 le lleva a introducirse en este sector de actividad?, \u00bfdesde hace cu\u00e1nto tiempo?<\/strong> El proyecto de <a href=\"http:\/\/www.decamlux.com\/?lang=es\">Decam<\/a> comenz\u00f3 en el a\u00f1o 2009. Mi actividad inmobiliaria me hizo entrar en contacto con las necesidades de las personas discapacitadas, tanto en proyectos de viviendas tuteladas, como en la reconversi\u00f3n de hoteles para hacer residencias asistenciales. Eso, unido a otras circunstancias, me llev\u00f3 a reflexionar sobre una necesidad que detect\u00e9: mejorar el descanso de aquellos familiares que acompa\u00f1an al paciente en la habitaci\u00f3n de un hospital. De ah\u00ed surgi\u00f3 el proyecto de mejorar las butacas abatibles existentes en los centros hospitalarios. La f\u00f3rmula consiste en depositarlas gratis, de tal modo que el paciente no pague nunca y el acompa\u00f1ante s\u00f3lo lo hace si las utiliza al completo, es decir, si la convierte en cama. En ese caso la tarifa es de 5\u20ac por d\u00eda. Es una inversi\u00f3n que te hace sentir bien, pues est\u00e1s solventando una necesidad de mucha gente, y te la planteas para rentabilizarla sin prisas, a medio plazo.<\/p>\n<p>Este sistema de depositar las butacas (<em>vending<\/em>), actualmente solo est\u00e1 disponible en Catalunya, a pesar de que otras comunidades tambi\u00e9n nos han pedido la posibilidad de la instalaci\u00f3n gratuita. Como empresa, creo que debemos crecer en funci\u00f3n de la inversi\u00f3n que podamos destinar\u2026 no podemos morir de \u00e9xito.<\/p>\n<div id=\"attachment_120\" style=\"width: 416px\" class=\"wp-caption alignright\"><img aria-describedby=\"caption-attachment-120\" loading=\"lazy\" class=\" wp-image-120\" src=\"\/catalanaconjamon\/wp-content\/uploads\/sites\/49\/2013\/02\/ABEXSA.jpg\" alt=\"\" width=\"406\" height=\"303\" srcset=\"https:\/\/static-blogs.hoy.es\/wp-content\/uploads\/sites\/49\/2013\/02\/ABEXSA.jpg 448w, https:\/\/static-blogs.hoy.es\/wp-content\/uploads\/sites\/49\/2013\/02\/ABEXSA-300x224.jpg 300w\" sizes=\"(max-width: 406px) 100vw, 406px\" \/><p id=\"caption-attachment-120\" class=\"wp-caption-text\">De izquierda a derecha, Leonardo Mart\u00ednez, Josep Morat\u00f3 y Jorge Gruart<\/p><\/div>\n<p><strong>\u00bfC\u00f3mo llega la decisi\u00f3n de dar el salto e iniciar actividad en Extremadura, constituyendo ABEXSA?<\/strong> El salto e inicio de actividad en Extremadura llega despu\u00e9s de muchas reuniones con el empresario Jorge Gruart. Hace m\u00e1s de un a\u00f1o vino a visitarnos por primera vez a nuestras oficinas de Decam, en Sant Feliu de Gu\u00edxols. Despu\u00e9s tuvimos nuevas reuniones en Madrid y Sevilla. Nos convenci\u00f3 para venir a Extremadura y constituir una sociedad, para realizar diferentes proyectos en fase de desarrollo.<\/p>\n<p><strong>Para ultimar algunos detalles t\u00e9cnicos del nuevo prototipo va a contar con el apoyo de <a href=\"http:\/\/www.cetiex.es\/\">CETIEX<\/a>. \u00bfEn qu\u00e9 va a consistir?<\/strong> En su proyecto, ABEXSA quiere ir de la mano de CETIEX. Su asesoramiento debe ser fundamental en los \u00e1mbitos de investigaci\u00f3n, innovaci\u00f3n, fabricaci\u00f3n y marketing. Desde luego no tengo m\u00e1s que palabras de agradecimiento para la acogida que han brindado a nuestro proyecto. Ya hemos tenido una primera reuni\u00f3n con los responsables y t\u00e9cnicos de CETIEX, y van a ser claves en el futuro de ABEXSA. Espero que estemos a la altura que nos requieran y podamos trabajar juntos en estos proyectos ya iniciados, uno de cuyos resultados tiene que ser, sin duda, la generaci\u00f3n de puestos de trabajo.<\/p>\n<p><strong>\u00bfConoc\u00eda Extremadura antes de esta aproximaci\u00f3n empresarial?, \u00bfle ha sorprendido especialmente algo de lo que ha visto en su reciente visita?<\/strong> S\u00ed, estuve har\u00e1 unos 10 a\u00f1os. Me gust\u00f3 much\u00edsimo. Recorrimos toda la comunidad. Fue un disfrute. La gente es muy simp\u00e1tica y te hacen sentir muy bien.<\/p>\n<p>De mi reciente viaje con motivo de las primeras presentaciones que hemos hecho del nuevo prototipo de butaca el\u00e9ctrica, me ha sorprendido Badajoz, una ciudad para vivir. La he encontrado muy cambiada, mejor ordenada y actualmente con mucho atractivo.<\/p>\n<p><strong>Entrando en un terreno m\u00e1s personal, usted es un empresario que en un momento dado, realiz\u00f3 un fugaz paso por la pol\u00edtica municipal en su pueblo. \u00bfQu\u00e9 le ha parecido esa experiencia?<\/strong> En cuanto a lo que me comentas de mi experiencia en la pol\u00edtica municipal, la verdad es que s\u00f3lo he permanecido en ella 14 meses. Alguna vez ten\u00eda la obligaci\u00f3n de probar. Fue a trav\u00e9s de una candidatura independiente de ciudadanos de Sant Feliu y, ciertamente, no me gust\u00f3. Estaba convencido de que el gobierno de la ciudad acabar\u00eda dej\u00e1ndose ayudar, que pod\u00eda aportar unos a\u00f1os de mi vida a mejorar mi localidad, solamente en los asuntos en que pod\u00eda aportar experiencia. Les demostr\u00e9 que pagaban facturas 4 \u00f3 5 veces m\u00e1s de lo que realmente val\u00edan las cosas, pero no hubo forma. Si no est\u00e1s en su equipo, no quieren ninguna ayuda. Como yo segu\u00eda teniendo inquietudes profesionales, sal\u00ed sin hacer ruido. De todas formas, creo que ten\u00eda que intentarlo, no me arrepiento&#8230;<\/p>\n<!-- AddThis Advanced Settings generic via filter on the_content --><!-- AddThis Share Buttons generic via filter on the_content -->","protected":false},"excerpt":{"rendered":"<p>Josep Morat\u00f3 es un empresario de Sant Feliu de Gu\u00edxols (Girona), que desde 2009 desarrolla su actividad en el sector de las butacas de descanso para las habitaciones de hospital, con la empresa Decam. Ahora, junto a empresarios extreme\u00f1os, acaba de crear una nueva sociedad, Abatibles de Extremadura, S.A. (ABEXSA), con la que quieren producir [&hellip;]<!-- AddThis Advanced Settings generic via filter on get_the_excerpt --><!-- AddThis Share Buttons generic via filter on get_the_excerpt --><\/p>\n","protected":false},"author":51,"featured_media":0,"comment_status":"open","ping_status":"closed","sticky":false,"template":"","format":"standard","meta":[],"categories":[7,9],"tags":[17,93,94,121,135,162,191,206,211,235,257,260,284,294,404,444],"_links":{"self":[{"href":"https:\/\/blogs.hoy.es\/catalanaconjamon\/wp-json\/wp\/v2\/posts\/118"}],"collection":[{"href":"https:\/\/blogs.hoy.es\/catalanaconjamon\/wp-json\/wp\/v2\/posts"}],"about":[{"href":"https:\/\/blogs.hoy.es\/catalanaconjamon\/wp-json\/wp\/v2\/types\/post"}],"author":[{"embeddable":true,"href":"https:\/\/blogs.hoy.es\/catalanaconjamon\/wp-json\/wp\/v2\/users\/51"}],"replies":[{"embeddable":true,"href":"https:\/\/blogs.hoy.es\/catalanaconjamon\/wp-json\/wp\/v2\/comments?post=118"}],"version-history":[{"count":0,"href":"https:\/\/blogs.hoy.es\/catalanaconjamon\/wp-json\/wp\/v2\/posts\/118\/revisions"}],"wp:attachment":[{"href":"https:\/\/blogs.hoy.es\/catalanaconjamon\/wp-json\/wp\/v2\/media?parent=118"}],"wp:term":[{"taxonomy":"category","embeddable":true,"href":"https:\/\/blogs.hoy.es\/catalanaconjamon\/wp-json\/wp\/v2\/categories?post=118"},{"taxonomy":"post_tag","embeddable":true,"href":"https:\/\/blogs.hoy.es\/catalanaconjamon\/wp-json\/wp\/v2\/tags?post=118"}],"curies":[{"name":"wp","href":"https:\/\/api.w.org\/{rel}","templated":true}]}}