{"id":12,"date":"2012-05-02T16:17:00","date_gmt":"2012-05-02T16:17:00","guid":{"rendered":"http:\/\/blogs.hoy.es\/catalanaconjamon\/2012\/05\/02\/luis-cidoncha-un-emeritense-pionero-en-dar-clases-de-catalan-en-santa-coloma\/"},"modified":"2012-05-02T16:17:00","modified_gmt":"2012-05-02T16:17:00","slug":"luis-cidoncha-un-emeritense-pionero-en-dar-clases-de-catalan-en-santa-coloma","status":"publish","type":"post","link":"https:\/\/blogs.hoy.es\/catalanaconjamon\/2012\/05\/02\/luis-cidoncha-un-emeritense-pionero-en-dar-clases-de-catalan-en-santa-coloma\/","title":{"rendered":">Luis Cidoncha, un emeritense pionero en dar clases de catal\u00e1n en Santa Coloma"},"content":{"rendered":"<p>><br \/><b><span>En septiembre de 1962, pronto har\u00e1 50 a\u00f1os, Luis Cidoncha Rom\u00e1n, un emeritense nacido en 1944, emprendi\u00f3 el camino que le llevar\u00eda hasta la que es su localidad de residencia hasta el d\u00eda hoy, Santa Coloma de Gramenet, en la periferia de Barcelona, al otro lado del r\u00edo Bes\u00f3s. La raz\u00f3n que le motiv\u00f3 a realizar este traslado fue la misma que la de miles de extreme\u00f1os que dejaron su tierra para instalarse en Catalunya: buscar un trabajo. All\u00ed se asent\u00f3 y se integr\u00f3, hasta el punto de ser pionero en la ense\u00f1anza del catal\u00e1n.<\/span><\/b> <\/p>\n<div class=\"MsoNormal\" style=\"margin-bottom: .0001pt;margin-bottom: 0cm;text-align: justify\"><\/div>\n<table cellpadding=\"0\" cellspacing=\"0\" class=\"tr-caption-container\" style=\"float: right;margin-left: 1em;text-align: right\">\n<tbody>\n<tr>\n<td style=\"text-align: center\"><a href=\"http:\/\/4.bp.blogspot.com\/-8b_Tb2duhiA\/T6FaXSOBjVI\/AAAAAAAABec\/Dg5bP3yckRk\/s1600\/Luis+Cidoncha.jpg\"><img border=\"0\" src=\"\/\/4.bp.blogspot.com\/-8b_Tb2duhiA\/T6FaXSOBjVI\/AAAAAAAABec\/Dg5bP3yckRk\/s1600\/Luis+Cidoncha.jpg\" \/><\/a><\/td>\n<\/tr>\n<tr>\n<td class=\"tr-caption\" style=\"text-align: center\">Luis Cidoncha.<\/td>\n<\/tr>\n<\/tbody>\n<\/table>\n<div class=\"MsoNormal\" style=\"margin-bottom: .0001pt;margin-bottom: 0cm;text-align: justify\"><span><b>Luis Cidoncha<\/b> es un personaje interesante por diversas razones. Unas relacionadas con su trayectoria profesional en Catalunya y otras por la forma en la que ha mantenido la relaci\u00f3n con su tierra extreme\u00f1a.<\/span><\/div>\n<div class=\"MsoNormal\" style=\"margin-bottom: .0001pt;margin-bottom: 0cm;text-align: justify\"><span>Entre las primeras hay que mencionar sin duda su vinculaci\u00f3n con la docencia en catal\u00e1n, como \u00e9l mismo explica cuando le preguntamos por su experiencia personal en Catalunya. <\/span><i><span>Pude comprobar a mi llegada <\/span><\/i><span>\u2013dice- <i>la situaci\u00f3n del catal\u00e1n y la pr\u00e1ctica ausencia de publicaciones en esa lengua. Creo que hacia 1965 apareci\u00f3 el semanal \u201cTele Estel\u201d y con \u00e9l tuve mis primeros contactos para intentar entenderla. Tambi\u00e9n por aquella \u00e9poca escuch\u00e9 la primera canci\u00f3n en catal\u00e1n: \u201cSe\u2019n va anar\u201d (se fue), de <b>Salom\u00e9<\/b>. En 1967 se comenz\u00f3 a permitir la ense\u00f1anza de dicha lengua y me apunt\u00e9 a un curso nocturno de nivel elemental. Mi idea por entonces se circunscrib\u00eda a ese curso. Como an\u00e9cdota, el primer libro de Gram\u00e1tica Catalana proced\u00eda de Andorra. <\/i><\/span><\/div>\n<div class=\"MsoNormal\" style=\"margin-bottom: .0001pt;margin-bottom: 0cm;text-align: justify\"><span>Su profesora le anim\u00f3 a continuar, as\u00ed que hizo tres cursos seguidos, y en el cuarto consigui\u00f3 el t\u00edtulo de profesor.<i>Me cabe el orgullo <\/i>\u2013a\u00f1ade- <i>de ser el primero en impartir catal\u00e1n en un colegio de Santa Coloma (por entonces voluntario y fuera del horario escolar).<\/i><\/span><\/div>\n<div class=\"MsoNormal\" style=\"margin-bottom: .0001pt;margin-bottom: 0cm;text-align: justify\"><span>La situaci\u00f3n que describe Luis Cidoncha se fue normalizando a partir del momento en el que la Generalitat cogi\u00f3 las riendas de la educaci\u00f3n. Y as\u00ed fue como llegamos a 1980, a\u00f1o en el que el Instituto de Ciencias de la Educaci\u00f3n (ICE) de la Universidad Aut\u00f3noma de Barcelona le ofreci\u00f3 la posibilidad de impartir a los profesores los cursos de reciclaje. Estuvo imparti\u00e9ndolos a todos los niveles durante 12 a\u00f1os. <\/span><\/div>\n<div class=\"MsoNormal\" style=\"margin-bottom: .0001pt;margin-bottom: 0cm;text-align: justify\"><span>Sin embargo Luis explica que <i>por desgracia, mi admiraci\u00f3n comenz\u00f3 a enfriarse porque consider\u00e9 que, poco a poco, la situaci\u00f3n ling\u00fc\u00edstica se iba pareciendo a la de los a\u00f1os 50-60, pero a la inversa. Desde la 2\u00aa Ley del Catal\u00e1n (en la que cabe la posibilidad de poner multas) cada vez lo utilizo menos.<\/i><\/span><\/div>\n<table cellpadding=\"0\" cellspacing=\"0\" class=\"tr-caption-container\" style=\"float: left;margin-right: 1em;text-align: left\">\n<tbody>\n<tr>\n<td style=\"text-align: center\"><a href=\"http:\/\/3.bp.blogspot.com\/-ksSu08p_Lh0\/T6FcmfA9YqI\/AAAAAAAABek\/fIK3J6Uoit8\/s1600\/santa+coloma+de+gramanet.jpg\"><img loading=\"lazy\" border=\"0\" height=\"266\" src=\"\/\/3.bp.blogspot.com\/-ksSu08p_Lh0\/T6FcmfA9YqI\/AAAAAAAABek\/fIK3J6Uoit8\/s400\/santa+coloma+de+gramanet.jpg\" width=\"400\" \/><\/a><\/td>\n<\/tr>\n<tr>\n<td class=\"tr-caption\" style=\"text-align: center\">Vista a\u00e9rea de Santa Coloma. A la derecha el Bes\u00f3s. Al fondo Sant Adri\u00e0.<\/td>\n<\/tr>\n<\/tbody>\n<\/table>\n<div class=\"MsoNormal\" style=\"text-align: justify\"><span>Pese a esto, preguntado por su valoraci\u00f3n de las diferentes lenguas existentes en Espa\u00f1a, cree que lo anterior es m\u00e1s que suficiente para demostrar su opini\u00f3n positiva hacia la riqueza cultural que representa la existencia de no s\u00f3lo varias lenguas, sino tambi\u00e9n de fiestas, m\u00fasica y otras manifestaciones. <i>Aprend\u00ed tambi\u00e9n a bailar sardanas <\/i>\u2013dice Luis-<i> y a contar sus pasos (en cambio, me falt\u00f3 saber repartirlos). Me apunt\u00e9 como socio en la Uni\u00f3 Excursionista de Catalunya con el fin de ir conociendo la tierra. Pero, por supuesto, siempre sin olvidar mis ra\u00edces.<\/i><\/span><\/div>\n<div class=\"MsoNormal\" style=\"text-align: justify\"><\/div>\n<div class=\"MsoNormal\" style=\"text-align: justify\"><b><span>Ha visitado todos los municipios de Extremadura<\/span><\/b><\/div>\n<div class=\"MsoNormal\" style=\"margin-bottom: .0001pt;margin-bottom: 0cm;text-align: justify\"><span>En todo este tiempo Luis no ha dejado de venir a Extremadura, hasta el punto de haber visitado todos los municipios de la regi\u00f3n. \u00c9l mismo lo explica as\u00ed: <i>desde mi marcha, cada a\u00f1o en julio y agosto mientras trabajaba. Desde mi jubilaci\u00f3n, de 1 a 3 veces cada a\u00f1o. En ambos casos resido con familiares, excepto las escapadas semanales que he ido haciendo durante m\u00e1s de 9 a\u00f1os (comenzadas en 1984) hasta lograr conocer los 383 municipios extreme\u00f1os. Obviamente, durante estas escapadas me alojaba en hoteles, hostales, pensiones, seg\u00fan el lugar que eleg\u00eda como \u201cbase de operaciones\u201d.<\/i><\/span><\/div>\n<div class=\"MsoNormal\" style=\"margin-bottom: .0001pt;margin-bottom: 0cm;text-align: justify\">\n<table cellpadding=\"0\" cellspacing=\"0\" class=\"tr-caption-container\" style=\"float: right;margin-left: 1em;text-align: right\">\n<tbody>\n<tr>\n<td style=\"text-align: center\"><a href=\"http:\/\/1.bp.blogspot.com\/-bR55Vity8IA\/T6LsSy6pJZI\/AAAAAAAABe0\/fFxrmIE5Kn8\/s1600\/_lc201107D_Lacara.JPG\"><img loading=\"lazy\" border=\"0\" height=\"320\" src=\"\/\/1.bp.blogspot.com\/-bR55Vity8IA\/T6LsSy6pJZI\/AAAAAAAABe0\/fFxrmIE5Kn8\/s320\/_lc201107D_Lacara.JPG\" width=\"254\" \/><\/a><\/td>\n<\/tr>\n<tr>\n<td class=\"tr-caption\" style=\"text-align: center\">En 2011 en el dolmen de L\u00e1cara<\/td>\n<\/tr>\n<\/tbody>\n<\/table>\n<p><span>Preguntado por cu\u00e1l ha sido, a su juicio, la evoluci\u00f3n de Extremadura en estos a\u00f1os, comenta que <i>de acuerdo con lo anterior, he podido comprobar esta evoluci\u00f3n en primera persona. En general la considero positiva. Sobre todo en lo referente a la mejora de las carreteras. Y, por supuesto, las relaciones sociales.<\/i><\/span><\/div>\n<div class=\"MsoNormal\" style=\"text-align: justify\"><span>Volvemos a Catalunya, y en este caso a la relaci\u00f3n y comunicaci\u00f3n existente entre los extreme\u00f1os que viven all\u00ed. Explica que hacia los a\u00f1os 80 empezaron a proliferar las <i>Casas de Extremadura<\/i>. La de Santa Coloma se cre\u00f3 en 1986. Inmediatamente ingres\u00f3 en ella. La relaci\u00f3n s\u00f3lo era entre socios. Por la misma \u00e9poca se cre\u00f3 la Coordinadora de Centros Extreme\u00f1os en Catalu\u00f1a, que despu\u00e9s se convirti\u00f3 en la FAEC (Federaci\u00f3n de Asociaciones Extreme\u00f1as en Catalu\u00f1a). <i>A partir de entonces las relaciones mejoraron <\/i>\u2013a\u00f1ade- <i>porque cada a\u00f1o en septiembre esta entidad celebra el D\u00eda de Extremadura en Catalu\u00f1a, cada vez en una poblaci\u00f3n diferente. Se acostumbra a hacer el domingo siguiente al 8 de septiembre, para no coincidir con la celebraci\u00f3n en la tierra. Tampoco se celebra el 11, para no coincidir con la \u201cDiada\u201d. Otra concentraci\u00f3n&nbsp; de Casas extreme\u00f1as la constituyen las Jornadas Extreme\u00f1as de Primavera, celebradas en mayo. En principio tambi\u00e9n eran itinerantes, pero desde hace unos a\u00f1os se realizan en El Prat del Llobregat. Por otra parte, desde el advenimiento de Internet, la comunicaci\u00f3n entre extreme\u00f1os ha mejorado mucho.<\/i><\/span><\/div>\n<div class=\"MsoNormal\" style=\"text-align: justify\"><\/div>\n<div class=\"MsoNormal\" style=\"text-align: justify\"><b><span>Conocimiento Extremadura-Catalu\u00f1a<\/span><\/b><\/div>\n<div class=\"MsoNormal\" style=\"margin-bottom: .0001pt;margin-bottom: 0cm;text-align: justify\"><span>Finalizamos hablando del conocimiento y relaci\u00f3n entre sus dos tierras. Piensa que <i>deber\u00eda realizarse a mayor nivel. Yo aporto mi granito de arena porque colaboro con art\u00edculos en la revista anual que edita la Casa Regional Extreme\u00f1a de Santa Coloma. En ella predominan los relacionados con mi tierra, pero incluyo uno \u2013escrito en biling\u00fce- para divulgar la cultura local.<\/i><\/span><\/div>\n<div class=\"MsoNormal\" style=\"margin-bottom: .0001pt;margin-bottom: 0cm;text-align: justify\"><span>Por \u00faltimo nos deja la siguiente reflexi\u00f3n: <i>opino que las relaciones rec\u00edprocas ser\u00edan m\u00e1s fluidas y agradables si no existiera esa coacci\u00f3n derivada de la Ley del Catal\u00e1n. En la situaci\u00f3n actual, de poco me sirve decir a mis paisanos cuando voy por all\u00ed que no todos los catalanes son iguales.<\/i><\/span><\/div>\n<!-- AddThis Advanced Settings generic via filter on the_content --><!-- AddThis Share Buttons generic via filter on the_content -->","protected":false},"excerpt":{"rendered":"<p>>En septiembre de 1962, pronto har\u00e1 50 a\u00f1os, Luis Cidoncha Rom\u00e1n, un emeritense nacido en 1944, emprendi\u00f3 el camino que le llevar\u00eda hasta la que es su localidad de residencia hasta el d\u00eda hoy, Santa Coloma de Gramenet, en la periferia de Barcelona, al otro lado del r\u00edo Bes\u00f3s. La raz\u00f3n que le motiv\u00f3 a [&hellip;]<!-- AddThis Advanced Settings generic via filter on get_the_excerpt --><!-- AddThis Share Buttons generic via filter on get_the_excerpt --><\/p>\n","protected":false},"author":51,"featured_media":0,"comment_status":"open","ping_status":"closed","sticky":false,"template":"","format":"standard","meta":[],"categories":[7],"tags":[],"_links":{"self":[{"href":"https:\/\/blogs.hoy.es\/catalanaconjamon\/wp-json\/wp\/v2\/posts\/12"}],"collection":[{"href":"https:\/\/blogs.hoy.es\/catalanaconjamon\/wp-json\/wp\/v2\/posts"}],"about":[{"href":"https:\/\/blogs.hoy.es\/catalanaconjamon\/wp-json\/wp\/v2\/types\/post"}],"author":[{"embeddable":true,"href":"https:\/\/blogs.hoy.es\/catalanaconjamon\/wp-json\/wp\/v2\/users\/51"}],"replies":[{"embeddable":true,"href":"https:\/\/blogs.hoy.es\/catalanaconjamon\/wp-json\/wp\/v2\/comments?post=12"}],"version-history":[{"count":0,"href":"https:\/\/blogs.hoy.es\/catalanaconjamon\/wp-json\/wp\/v2\/posts\/12\/revisions"}],"wp:attachment":[{"href":"https:\/\/blogs.hoy.es\/catalanaconjamon\/wp-json\/wp\/v2\/media?parent=12"}],"wp:term":[{"taxonomy":"category","embeddable":true,"href":"https:\/\/blogs.hoy.es\/catalanaconjamon\/wp-json\/wp\/v2\/categories?post=12"},{"taxonomy":"post_tag","embeddable":true,"href":"https:\/\/blogs.hoy.es\/catalanaconjamon\/wp-json\/wp\/v2\/tags?post=12"}],"curies":[{"name":"wp","href":"https:\/\/api.w.org\/{rel}","templated":true}]}}