{"id":123,"date":"2013-03-04T09:44:53","date_gmt":"2013-03-04T07:44:53","guid":{"rendered":"http:\/\/blogs.hoy.es\/catalanaconjamon\/?p=123"},"modified":"2013-03-04T09:44:53","modified_gmt":"2013-03-04T07:44:53","slug":"globalizacion-gastronomica-de-los-ibericos-a-la-butifarra","status":"publish","type":"post","link":"https:\/\/blogs.hoy.es\/catalanaconjamon\/2013\/03\/04\/globalizacion-gastronomica-de-los-ibericos-a-la-butifarra\/","title":{"rendered":"Globalizaci\u00f3n gastron\u00f3mica: de los ib\u00e9ricos a la butifarra"},"content":{"rendered":"<p><strong>Uno de los efectos m\u00e1s n\u00edtidos de la globalizaci\u00f3n es la internacionalizaci\u00f3n de la gastronom\u00eda. Hoy en d\u00eda es posible tomarse un buen cocido espa\u00f1ol en Londres, una excelente polenta italiana en Madrid, un delicioso sushi japon\u00e9s en Barcelona, un estupendo humus liban\u00e9s en Estocolmo o un rico cusc\u00fas marroqu\u00ed en Badajoz. Y, por supuesto, nos permite a catalanes y extreme\u00f1os tener acceso a productos de nuestra tierra con relativa facilidad, aunque vivamos fuera.<\/strong><\/p>\n<div id=\"attachment_124\" style=\"width: 345px\" class=\"wp-caption alignright\"><a href=\"\/catalanaconjamon\/wp-content\/uploads\/sites\/49\/2013\/03\/anchoas.jpg\"><img aria-describedby=\"caption-attachment-124\" loading=\"lazy\" class=\" wp-image-124\" title=\"anchoas\" src=\"\/catalanaconjamon\/wp-content\/uploads\/sites\/49\/2013\/03\/anchoas.jpg\" alt=\"\" width=\"335\" height=\"239\" srcset=\"https:\/\/static-blogs.hoy.es\/wp-content\/uploads\/sites\/49\/2013\/03\/anchoas.jpg 500w, https:\/\/static-blogs.hoy.es\/wp-content\/uploads\/sites\/49\/2013\/03\/anchoas-300x215.jpg 300w\" sizes=\"(max-width: 335px) 100vw, 335px\" \/><\/a><p id=\"caption-attachment-124\" class=\"wp-caption-text\">Anchoas de l&#39;Escala en aceite de oliva<\/p><\/div>\n<p>Los aromas y sabores de nuestra infancia son de las cosas que uno m\u00e1s encuentra a faltar cuando reside fuera de su tierra. Recuerdo que al principio de vivir en Extremadura, a finales de la d\u00e9cada de los ochenta del siglo pasado, era pr\u00e1cticamente imposible encontrar aqu\u00ed alguno de los productos catalanes m\u00e1s t\u00edpicos. Quiz\u00e1s, no recuerdo bien, la \u00fanica excepci\u00f3n era el fuet, que s\u00ed encontrabas en algunos sitios.<\/p>\n<p>Acostumbro a contar la an\u00e9cdota vivida el a\u00f1o 1990 en Plasencia, cuando con varios compa\u00f1eros de RNE decidimos hacer una comida campera mixta, con platos y productos extreme\u00f1os por un lado y catalanes por otro. <a href=\"http:\/\/www.facebook.com\/cesar.serranoluis?ref=ts&#038;fref=ts\">C\u00e9sar Serrano<\/a>, buen gourmet y manitas en la cocina, que tambi\u00e9n hab\u00eda vivido varios a\u00f1os en Catalunya, se encarg\u00f3 de preparar unas butifarras frescas que \u00e9l mismo hab\u00eda elaborado. Las acompa\u00f1amos con unas magn\u00edficas patatas revolconas, con sus torreznitos y todo. Una de las cosas que nos hac\u00eda falta era un buen pan de pay\u00e9s, cocido al estilo tradicional, en horno de le\u00f1a. Ni corto, ni perezoso, unos d\u00edas antes llam\u00e9 a mi buen amigo <a href=\"http:\/\/es.wikipedia.org\/wiki\/Rafael_Vallbona\">Rafael Vallbona<\/a>, para que me procurase dicho pan. Y all\u00ed que se fue, a Vilassar de Dalt, a comprar varias hogazas que me hizo llegar por medio de Seur.<\/p>\n<p>En sentido inverso, la situaci\u00f3n no era exactamente la misma. La numeros\u00edsima presencia de extreme\u00f1os en Catalunya, ha facilitado que siempre haya habido m\u00e1s facilidad para adquirir algunos productos de Extremadura, sobre todo chacinas ib\u00e9ricas, aunque igualmente era complicado encontrar otros como los esp\u00e1rragos, el piment\u00f3n de La Vera, los quesos, aceites o vinos.<\/p>\n<p>Ahora la situaci\u00f3n ha cambiado de forma muy notable, haciendo mucho m\u00e1s accesibles los productos catalanes en Extremadura, y extreme\u00f1os en Catalunya, y ampliando la variedad de los mismos.<\/p>\n<div id=\"attachment_125\" style=\"width: 288px\" class=\"wp-caption alignleft\"><a href=\"\/catalanaconjamon\/wp-content\/uploads\/sites\/49\/2013\/03\/Queso-ibores.jpg\"><img aria-describedby=\"caption-attachment-125\" loading=\"lazy\" class=\"size-full wp-image-125\" title=\"Queso ibores\" src=\"\/catalanaconjamon\/wp-content\/uploads\/sites\/49\/2013\/03\/Queso-ibores.jpg\" alt=\"\" width=\"278\" height=\"336\" srcset=\"https:\/\/static-blogs.hoy.es\/wp-content\/uploads\/sites\/49\/2013\/03\/Queso-ibores.jpg 278w, https:\/\/static-blogs.hoy.es\/wp-content\/uploads\/sites\/49\/2013\/03\/Queso-ibores-248x300.jpg 248w\" sizes=\"(max-width: 278px) 100vw, 278px\" \/><\/a><p id=\"caption-attachment-125\" class=\"wp-caption-text\">Surtido de queso de Los Ibores<\/p><\/div>\n<p>Internet ha supuesto, tambi\u00e9n en este \u00e1mbito, una aut\u00e9ntica revoluci\u00f3n. Las tiendas <em>on line<\/em> facilitan que cualquiera pueda adquirir productos de su tierra y recibirlos c\u00f3modamente en su casa, se encuentre donde se encuentre. Un ejemplo es la p\u00e1gina <a href=\"http:\/\/www.saboraextremadura.es\">www.saboraextremadura.es<\/a>, que ha puesto en marcha Pedro Castilla Garc\u00eda, desde Los Santos de Maimona. Seg\u00fan nos explica, tiene una media de 6 pedidos mensuales con destino a Catalunya: <em>algunos meses son m\u00e1s y otros son menos, pero s\u00ed, tengo bastantes pedidos mensuales con destino a la comunidad catalana, especialmente de las provincias de Barcelona y Girona<\/em>. Suelen ser pedidos medianos, que oscilan entre los 50 y 120 \u20ac, y entre los productos m\u00e1s demandados est\u00e1n los embutidos y el vino dulce Eva, producido en Los Santos por la <a href=\"http:\/\/www.maimona.com\/\">Cooperativa Virgen de la Estrella<\/a>.<\/p>\n<p>Pero no s\u00f3lo las nuevas tecnolog\u00edas han ayudado a que los productos extreme\u00f1os y catalanes sean m\u00e1s accesibles, sino que tambi\u00e9n han contribuido las superficies comerciales, al incorporarlos en mayor cantidad a su oferta.<\/p>\n<p>Seg\u00fan datos que nos ha facilitado el Departamento de Comunicaci\u00f3n de <a href=\"http:\/\/www.carrefour.es\/\">Carrefour<\/a>, los productos catalanes que se venden en sus establecimientos de Extremadura son: cavas, mona de pascua, pat\u00e9s, pizzas, conservas de pescado (destacando las famosas anchoas de La Escala), preparados\/cocidos c\u00e1rnicos; vinos (D.O. Pened\u00e9s, Priorat y Catalu\u00f1a) y embutidos (fuet, butifarra catalana). En cuanto a los productos extreme\u00f1os que se pueden encontrar en los centros de Catalunya son: embutidos (jam\u00f3n Ib\u00e9rico, chorizo, salchich\u00f3n, morcilla, panceta,\u2026), quesos (Torta del Casar, quesos de oveja y de cabra),\u00a0cerezas, picotas, aceitunas, casta\u00f1as, ciruelas,\u2026<\/p>\n<p>En definitiva, hoy en d\u00eda ya podemos dar respuesta sin excesivos problemas a nuestra morri\u00f1a gastron\u00f3mica. El lado malo de esa globalizaci\u00f3n, es que ya es mucho m\u00e1s dif\u00edcil sorprender a alguien cuando vuelves de un viaje, porque aqu\u00e9l producto que has tra\u00eddo pensando que era muy original, te lo encuentras al d\u00eda siguiente cuando vas al supermercado y, bastantes veces, m\u00e1s barato.<\/p>\n<!-- AddThis Advanced Settings generic via filter on the_content --><!-- AddThis Share Buttons generic via filter on the_content -->","protected":false},"excerpt":{"rendered":"<p>Uno de los efectos m\u00e1s n\u00edtidos de la globalizaci\u00f3n es la internacionalizaci\u00f3n de la gastronom\u00eda. Hoy en d\u00eda es posible tomarse un buen cocido espa\u00f1ol en Londres, una excelente polenta italiana en Madrid, un delicioso sushi japon\u00e9s en Barcelona, un estupendo humus liban\u00e9s en Estocolmo o un rico cusc\u00fas marroqu\u00ed en Badajoz. Y, por supuesto, [&hellip;]<!-- AddThis Advanced Settings generic via filter on get_the_excerpt --><!-- AddThis Share Buttons generic via filter on get_the_excerpt --><\/p>\n","protected":false},"author":51,"featured_media":0,"comment_status":"open","ping_status":"closed","sticky":false,"template":"","format":"standard","meta":[],"categories":[5],"tags":[95,115,122,151,177,203,229,231,237,272,318,332,333,336,405,416,513],"_links":{"self":[{"href":"https:\/\/blogs.hoy.es\/catalanaconjamon\/wp-json\/wp\/v2\/posts\/123"}],"collection":[{"href":"https:\/\/blogs.hoy.es\/catalanaconjamon\/wp-json\/wp\/v2\/posts"}],"about":[{"href":"https:\/\/blogs.hoy.es\/catalanaconjamon\/wp-json\/wp\/v2\/types\/post"}],"author":[{"embeddable":true,"href":"https:\/\/blogs.hoy.es\/catalanaconjamon\/wp-json\/wp\/v2\/users\/51"}],"replies":[{"embeddable":true,"href":"https:\/\/blogs.hoy.es\/catalanaconjamon\/wp-json\/wp\/v2\/comments?post=123"}],"version-history":[{"count":0,"href":"https:\/\/blogs.hoy.es\/catalanaconjamon\/wp-json\/wp\/v2\/posts\/123\/revisions"}],"wp:attachment":[{"href":"https:\/\/blogs.hoy.es\/catalanaconjamon\/wp-json\/wp\/v2\/media?parent=123"}],"wp:term":[{"taxonomy":"category","embeddable":true,"href":"https:\/\/blogs.hoy.es\/catalanaconjamon\/wp-json\/wp\/v2\/categories?post=123"},{"taxonomy":"post_tag","embeddable":true,"href":"https:\/\/blogs.hoy.es\/catalanaconjamon\/wp-json\/wp\/v2\/tags?post=123"}],"curies":[{"name":"wp","href":"https:\/\/api.w.org\/{rel}","templated":true}]}}