{"id":129,"date":"2013-04-18T16:59:30","date_gmt":"2013-04-18T14:59:30","guid":{"rendered":"http:\/\/blogs.hoy.es\/catalanaconjamon\/?p=129"},"modified":"2013-04-18T16:59:30","modified_gmt":"2013-04-18T14:59:30","slug":"santiago-cambero-rivero-un-enredador-social-de-ida-y-vuelta-entre-extremadura-y-catalunya","status":"publish","type":"post","link":"https:\/\/blogs.hoy.es\/catalanaconjamon\/2013\/04\/18\/santiago-cambero-rivero-un-enredador-social-de-ida-y-vuelta-entre-extremadura-y-catalunya\/","title":{"rendered":"Santiago Cambero Rivero, un enredador social de ida y vuelta entre Extremadura y Catalunya"},"content":{"rendered":"<p><strong>En el perfil de una de las redes sociales en las que participa, se define a s\u00ed mismo como <em>activista y enredador social, que observa la realidad y comparte reflexiones de cambio social. <\/em>\u00a0<a href=\"http:\/\/www.facebook.com\/santiago.camberorivero\">Santiago Cambero Rivero<\/a>, nacido en Badajoz en 1970, es licenciado en Derecho y Sociolog\u00eda y recientemente se ha reintegrado a la actividad docente en la Universidad de Extremadura. Desde su atalaya profesional en la <a href=\"http:\/\/obrasocial.lacaixa.es\/\">Obra Social \u201cla Caixa\u201d<\/a>, es desde 2000 un observador privilegiado de las relaciones entre Extremadura y Catalunya.<\/strong><\/p>\n<p><strong><em><\/em>C\u00f3mo gestor de programas de la Obra Social \u201cla Caixa\u201d, \u00bfcu\u00e1l es su vinculaci\u00f3n con Catalunya?<\/strong><\/p>\n<div id=\"attachment_130\" style=\"width: 466px\" class=\"wp-caption alignright\"><img aria-describedby=\"caption-attachment-130\" loading=\"lazy\" class=\"size-full wp-image-130\" title=\"Santiago Cambero (2)\" src=\"\/catalanaconjamon\/wp-content\/uploads\/sites\/49\/2013\/04\/Santiago-Cambero-2.jpg\" alt=\"\" width=\"456\" height=\"318\" srcset=\"https:\/\/static-blogs.hoy.es\/wp-content\/uploads\/sites\/49\/2013\/04\/Santiago-Cambero-2.jpg 456w, https:\/\/static-blogs.hoy.es\/wp-content\/uploads\/sites\/49\/2013\/04\/Santiago-Cambero-2-300x209.jpg 300w\" sizes=\"(max-width: 456px) 100vw, 456px\" \/><p id=\"caption-attachment-130\" class=\"wp-caption-text\">En el Caixa Forum de Barcelona, con el Palau Nacional de Montjuic al fondo<\/p><\/div>\n<p>Tengo una vinculaci\u00f3n estrecha con Catalu\u00f1a por motivos laborales, como es obvio trabajando para una de las principales fundaciones privadas espa\u00f1olas y europeas, desde el a\u00f1o 2000, como es la Obra Social \u201cla Caixa\u201d. En este tiempo, he tenido la oportunidad de compartir muchas experiencias personales con compa\u00f1eros\/as de trabajo residentes en Catalu\u00f1a, con los cuales hemos aprendido mutuamente para desarrollarnos profesionalmente en el \u00e1mbito del sector no lucrativo.<\/p>\n<p>De hecho cada vez que viajo a Barcelona, donde est\u00e1n nuestros servicios centrales, representa una aproximaci\u00f3n e inmersi\u00f3n en la cultura catalana que agradezco, como conocimiento particular sobre su realidad, y as\u00ed evitar la desinformaci\u00f3n sobre el pasado y presente del pueblo catal\u00e1n que, por cierto, est\u00e1 relacionado con la Extremadura de los a\u00f1os sesenta del siglo XX.<\/p>\n<p><strong>\u00bfCu\u00e1l es su experiencia y vivencia personal de esa relaci\u00f3n con Catalunya o, mejor dicho, con los catalanes?<\/strong><\/p>\n<p>Como indicaba en mi anterior respuesta, mi vinculaci\u00f3n es estrecha con Catalu\u00f1a por motivos laborales, y ha resultado muy positivo en todos los aspectos, por el momento. Desde mis vivencias personales siempre he valorado la capacidad de emprendimiento, innovaci\u00f3n y vanguardia en el campo cultural, art\u00edstico, empresarial, acad\u00e9mico, asociativo,&#8230;, como refleja sus posiciones de liderazgo respecto a otros territorios espa\u00f1oles. Es m\u00e1s, ha sido para muchos extreme\u00f1os un referente de comunidad aut\u00f3noma, partiendo desde nuestra realidad e idiosincrasia, por el hecho de extrapolar iniciativas localizadas en Catalu\u00f1a hacia Extremadura, en aras a favorecer nuestro desarrollo econ\u00f3mico y progreso social.<\/p>\n<p><strong><em><\/em>\u00bfSon malos tiempos para ahondar en las relaciones Extremadura-Catalunya, como pretendemos desde \u201cCatalana con jam\u00f3n\u201d?<\/strong><\/p>\n<p>Soy persona de optimismo realista, y creo que las relaciones institucionales entre Extremadura y Catalu\u00f1a siempre han sido cordiales, a pesar de algunos episodios p\u00fablicos ingratos, fruto del conflicto pol\u00edtico interesado. Pero m\u00e1s all\u00e1 de este \u00e1mbito de la sociedad, me interesa destacar las interrelaciones entre catalanes y extreme\u00f1os, es decir, la dimensi\u00f3n micro de las relaciones de dos pueblos unidos por unos signos de identidades diversas, pero con aspectos comunes por formar parte del Estado espa\u00f1ol y de la Uni\u00f3n Europea.<\/p>\n<p>Por tanto, son momentos para establecer alianzas estrat\u00e9gicas entre territorios, pensando en un futuro complejo e incierto, a escala global, desde la base social de los pueblos. La cooperaci\u00f3n ser\u00e1 la clave para los tiempos venideros, si queremos afrontar los nuevos retos.<\/p>\n<div id=\"attachment_132\" style=\"width: 422px\" class=\"wp-caption alignleft\"><a href=\"\/catalanaconjamon\/wp-content\/uploads\/sites\/49\/2013\/04\/Santiago-Cambero-11.jpg\"><img aria-describedby=\"caption-attachment-132\" loading=\"lazy\" class=\"size-full wp-image-132\" title=\"Santiago Cambero 1\" src=\"\/catalanaconjamon\/wp-content\/uploads\/sites\/49\/2013\/04\/Santiago-Cambero-11.jpg\" alt=\"\" width=\"412\" height=\"367\" srcset=\"https:\/\/static-blogs.hoy.es\/wp-content\/uploads\/sites\/49\/2013\/04\/Santiago-Cambero-11.jpg 412w, https:\/\/static-blogs.hoy.es\/wp-content\/uploads\/sites\/49\/2013\/04\/Santiago-Cambero-11-300x267.jpg 300w\" sizes=\"(max-width: 412px) 100vw, 412px\" \/><\/a><p id=\"caption-attachment-132\" class=\"wp-caption-text\">Paseando por La Vera<\/p><\/div>\n<p><strong>\u00bfCu\u00e1les son las debilidades en las relaciones entre Extremadura y Catalunya, o entre extreme\u00f1os y catalanes, y cu\u00e1les los puntos fuertes?<\/strong><\/p>\n<p>La principal debilidad es el desconocimiento en parte de la sociedad extreme\u00f1a y catalana sobre dos realidades diferentes, pero con puntos comunes en sus historias m\u00e1s recientes, como supuso el movimiento de poblaci\u00f3n extreme\u00f1a que emigro a Catalu\u00f1a para proyectar una vida mejor que la ofrecida por aquella Extremadura de los sesenta del siglo pasado.<\/p>\n<p>Igualmente, cierta desinformaci\u00f3n, o informaci\u00f3n interesada, que en ocasiones lanzan determinados personajes pol\u00edticos, tantos catalanes como extreme\u00f1os, que llegan a manipular a la opini\u00f3n p\u00fablica como si el enfrentamiento nos beneficiara a ambas comunidades. Todo lo contrario, nos desune para hacer frente com\u00fan al centralismo pol\u00edtico que hemos vivido en Espa\u00f1a, y que parece resurge con cierta intensidad en estos momentos, con los efectos que se observan en el pa\u00eds.<\/p>\n<p>Como fortalezas, insisto en el hecho de compartir aspectos hist\u00f3ricos y culturales que nos unen como pueblos que forman parte de la Pen\u00ednsula Ib\u00e9rica, por el origen latino de nuestras lenguas, por los trasvases de poblaci\u00f3n en el siglo pasado, entre otras razones, que instan a establecer grupos de presi\u00f3n ante las instituciones europeas y mundiales, para cambiar conforme a nuestra manera de entender la vida. Las fortalezas se encuentran si se quieren, y creo que debiera haber voluntad pol\u00edtica y popular para lograr esa meta com\u00fan.<\/p>\n<p><strong>Cuando est\u00e1 en Catalunya, \u00bfqu\u00e9 le gustar\u00eda que se valorase de Extremadura?, y viceversa cuando est\u00e1 en Extremadura.<\/strong><\/p>\n<p>De igual manera, valoro el respeto y la tolerancia entre ambos pueblos que conviven en un mismo territorio estatal, en igualdad de condiciones si fuera posible, para converger en distintos \u00e1mbitos de nuestras sociedades europeas.<\/p>\n<p>Si dir\u00e9 que mis compa\u00f1eros catalanes cuando visitan alguna localidad extreme\u00f1a se maravillan por la calidad de vida que disfrutamos en Extremadura, a pesar de las limitaciones en comparaci\u00f3n con Catalu\u00f1a. Nuestra gastronom\u00eda, los paisajes naturales, la forma de entender la vida,&#8230;, les sorprende gratamente, y con algo de envidia sana que siempre se agradece viniendo de catalanes. Les gusta Extremadura y proyectan visitarla con tranquilidad en vacaciones para su disfrute personal y familiar.<\/p>\n<p><strong><em><\/em>\u00bfUn rinc\u00f3n favorito de Catalunya?<\/strong><\/p>\n<p>Aunque pueda resultar un t\u00f3pico, me gusta Barcelona, sus calles, plazas y jardines. El trasiego de turistas por las Ramblas, me incita a pensar sobre los atractivos de tantas personas venidas de distintas latitudes terrestres para <em>turistear<\/em> por cualquier rinc\u00f3n barcelon\u00e9s. Disfrutar con los sentidos de las fachadas de sus viviendas, el sabor del Mediterr\u00e1neo, el tacto de sus gentes y los olores de sus alimentos, entre otros elementos sensibles a cualquiera cuando visita Barcelona, sea de d\u00eda o de noche.<\/p>\n<p>Tambi\u00e9n me agrada la Plaza de Espa\u00f1a, vigilada por las Torres Venecianas, por el tumulto de gente que transita en esta confluencia hacia la Gran V\u00eda de las Cortes Catalanas y la Avenida del Paralelo. Una plaza emblem\u00e1tica de la capital catalana, construida durante la Exposici\u00f3n Internacional de 1929, donde se ubica la Feria de Muestras. Y desde ah\u00ed subir por las escaleras que desembocan en el Museo Nacional de Arte de Catalu\u00f1a, Parque de Montju\u00efc y Estadio Ol\u00edmpico por las vistas que ofrece de distintas perspectivas de Barcelona. \u00a1Barcelona guapa!<\/p>\n<!-- AddThis Advanced Settings generic via filter on the_content --><!-- AddThis Share Buttons generic via filter on the_content -->","protected":false},"excerpt":{"rendered":"<p>En el perfil de una de las redes sociales en las que participa, se define a s\u00ed mismo como activista y enredador social, que observa la realidad y comparte reflexiones de cambio social. \u00a0Santiago Cambero Rivero, nacido en Badajoz en 1970, es licenciado en Derecho y Sociolog\u00eda y recientemente se ha reintegrado a la actividad [&hellip;]<!-- AddThis Advanced Settings generic via filter on get_the_excerpt --><!-- AddThis Share Buttons generic via filter on get_the_excerpt --><\/p>\n","protected":false},"author":51,"featured_media":0,"comment_status":"open","ping_status":"closed","sticky":false,"template":"","format":"standard","meta":[],"categories":[7],"tags":[15,68,79,122,158,193,198,203,309,381,427,447,479,483,491],"_links":{"self":[{"href":"https:\/\/blogs.hoy.es\/catalanaconjamon\/wp-json\/wp\/v2\/posts\/129"}],"collection":[{"href":"https:\/\/blogs.hoy.es\/catalanaconjamon\/wp-json\/wp\/v2\/posts"}],"about":[{"href":"https:\/\/blogs.hoy.es\/catalanaconjamon\/wp-json\/wp\/v2\/types\/post"}],"author":[{"embeddable":true,"href":"https:\/\/blogs.hoy.es\/catalanaconjamon\/wp-json\/wp\/v2\/users\/51"}],"replies":[{"embeddable":true,"href":"https:\/\/blogs.hoy.es\/catalanaconjamon\/wp-json\/wp\/v2\/comments?post=129"}],"version-history":[{"count":0,"href":"https:\/\/blogs.hoy.es\/catalanaconjamon\/wp-json\/wp\/v2\/posts\/129\/revisions"}],"wp:attachment":[{"href":"https:\/\/blogs.hoy.es\/catalanaconjamon\/wp-json\/wp\/v2\/media?parent=129"}],"wp:term":[{"taxonomy":"category","embeddable":true,"href":"https:\/\/blogs.hoy.es\/catalanaconjamon\/wp-json\/wp\/v2\/categories?post=129"},{"taxonomy":"post_tag","embeddable":true,"href":"https:\/\/blogs.hoy.es\/catalanaconjamon\/wp-json\/wp\/v2\/tags?post=129"}],"curies":[{"name":"wp","href":"https:\/\/api.w.org\/{rel}","templated":true}]}}