{"id":13,"date":"2012-05-09T16:16:00","date_gmt":"2012-05-09T16:16:00","guid":{"rendered":"http:\/\/blogs.hoy.es\/catalanaconjamon\/2012\/05\/09\/catalanes-en-extremadura-1763-1872-i\/"},"modified":"2012-05-09T16:16:00","modified_gmt":"2012-05-09T16:16:00","slug":"catalanes-en-extremadura-1763-1872-i","status":"publish","type":"post","link":"https:\/\/blogs.hoy.es\/catalanaconjamon\/2012\/05\/09\/catalanes-en-extremadura-1763-1872-i\/","title":{"rendered":">Catalanes en Extremadura (1763-1872) [I]"},"content":{"rendered":"<p>><!--[if gte mso 9]>   Burgues\u00eda catalana en Extremadura  Miguel Angel Mel\u00f3n Jim\u00e9nez  12.00 <![endif]--><!--[if gte mso 9]>   Normal  0      21      false  false  false    ES  X-NONE  X-NONE                                       MicrosoftInternetExplorer4                                     <![endif]--><!--[if gte mso 9]>                                                                                                                                                                                                                                                                                    <![endif]--><!--[if gte mso 10]> \/* Style Definitions *\/  table.MsoNormalTable  {mso-style-name:\"Tabla normal\";  mso-tstyle-rowband-size:0;  mso-tstyle-colband-size:0;  mso-style-noshow:yes;  mso-style-priority:99;  mso-style-qformat:yes;  mso-style-parent:\"\";  mso-padding-alt:0cm 5.4pt 0cm 5.4pt;  mso-para-margin:0cm;  mso-para-margin-bottom:.0001pt;  mso-pagination:widow-orphan;  font-size:10.0pt;  font-family:\"Calibri\",\"sans-serif\";  mso-bidi-font-family:\"Times New Roman\";} <![endif]--> <\/p>\n<div class=\"MsoNormal\" style=\"text-align: justify\"><b><span>El catedr\u00e1tico de Historia Moderna de la Universidad de Extremadura, Miguel \u00c1ngel Mel\u00f3n Jim\u00e9nez, lleva muchos a\u00f1os interesado en el estudio de la presencia de comerciantes catalanes en Extremadura, en especial en C\u00e1ceres, a lo largo de los siglos XVIII y XIX. Una de sus primeras aportaciones al tema fue su colaboraci\u00f3n en el volumen colectivo <i>Els catalans a Espanya, 1760-1914 <\/i>(M.T. P\u00e9rez Picazo, A. Segura, L. Ferrer, eds.), Universitat de Barcelona\/Generalitat de Catalunya, Barcelona, 1996; con un art\u00edculo que llevaba por t\u00edtulo <i>Catalanes en Extremadura (1763-1872<\/i>).<\/span><\/b><\/div>\n<div class=\"MsoNormal\" style=\"text-align: justify\"><\/div>\n<table cellpadding=\"0\" cellspacing=\"0\" class=\"tr-caption-container\" style=\"float: left;margin-right: 1em;text-align: left\">\n<tbody>\n<tr>\n<td style=\"text-align: center\"><a href=\"http:\/\/2.bp.blogspot.com\/-DTtwoQ7uH9Y\/T6qVOdX01ZI\/AAAAAAAABfM\/HfL86PO9tLc\/s1600\/Miguel+%C3%81ngel+Mel%C3%B3n.jpg\"><img loading=\"lazy\" border=\"0\" height=\"218\" src=\"\/\/2.bp.blogspot.com\/-DTtwoQ7uH9Y\/T6qVOdX01ZI\/AAAAAAAABfM\/HfL86PO9tLc\/s320\/Miguel+%C3%81ngel+Mel%C3%B3n.jpg\" width=\"320\" \/><\/a><\/td>\n<\/tr>\n<tr>\n<td class=\"tr-caption\" style=\"text-align: center\">Miguel \u00c1ngel Mel\u00f3n.<\/td>\n<\/tr>\n<\/tbody>\n<\/table>\n<div class=\"MsoNormal\" style=\"margin-bottom: .0001pt;margin-bottom: 0cm;text-align: justify\"><span>Conozco a <b>Miguel \u00c1ngel Mel\u00f3n<\/b> por motivos profesionales, adem\u00e1s de tener amigos comunes. En diciembre de 2009 coincid\u00ed con \u00e9l en el primer, y hasta ahora \u00faltimo, encuentro <i>Extremadura y Catalunya. Los extremos se tocan, <\/i>celebrado en Alc\u00e1ntara, bajo la direcci\u00f3n de <a href=\"https:\/\/twitter.com\/#%21\/NachoSAmor\"><b>Ignacio S\u00e1nchez Amor<\/b><\/a>, actual diputado en el Congreso por el PSOE, con la colaboraci\u00f3n de la <a href=\"http:\/\/www.unex.es\/\">Universidad de Extremadura<\/a> y de la <a href=\"http:\/\/www.fundacionsanbenito.com\/default.htm\">Fundaci\u00f3n San Benito de Alc\u00e1ntara<\/a>.<\/span><\/div>\n<div class=\"MsoNormal\" style=\"margin-bottom: .0001pt;margin-bottom: 0cm;text-align: justify\"><span>Por su inter\u00e9s, y por entrar de lleno en la filosof\u00eda y objetivos divulgativos de este blog, voy a reproducir, con autorizaci\u00f3n de su autor, el art\u00edculo en cuesti\u00f3n. Apellidos como <b>Calaff<\/b>, <b>Busquet<\/b>, <b>Segura<\/b> o <b>Vilanova<\/b>, forman parte de la n\u00f3mina de familias catalanas que se asentaron en C\u00e1ceres, pasada la mitad del siglo XVIII. Patron\u00edmicos que, en algunos casos, han pasado a integrarse en el contexto cultural de la propia ciudad.<\/span><\/div>\n<div class=\"MsoNormal\" style=\"text-align: justify\"><span>Dada la extensi\u00f3n del art\u00edculo, lo ofreceremos en varios cap\u00edtulos, seg\u00fan las distintas actividades a las que se dedicaron estas familias (comerciantes, compa\u00f1\u00edas de comercio y laneros). Asimismo dedicamos este primer cap\u00edtulo, tanto a la introducci\u00f3n de la serie, como a la del propio art\u00edculo. El texto correspondiente a la publicaci\u00f3n hecha por Miguel \u00c1ngel Mel\u00f3n, se reproduce a continuaci\u00f3n en un tipo de letra diferente, para que no haya dudas sobre su autor\u00eda.<\/span><\/div>\n<div class=\"MsoNormal\" style=\"text-align: justify\"><\/div>\n<div class=\"MsoNormal\" style=\"text-align: justify\"><b><span>Primeras referencias de Publio Hurtado<\/span><\/b><\/div>\n<div class=\"MsoNormal\" style=\"text-align: justify\"><b><span>&nbsp;<\/span><\/b><span><\/span><\/div>\n<table cellpadding=\"0\" cellspacing=\"0\" class=\"tr-caption-container\" style=\"float: right;margin-left: 1em;text-align: right\">\n<tbody>\n<tr>\n<td style=\"text-align: center\"><a href=\"http:\/\/1.bp.blogspot.com\/-DtlMh4OKTcc\/T6qVmBKf4HI\/AAAAAAAABfU\/vS4H5G31E_k\/s1600\/Barrio+busquet--300x256.jpg\"><img border=\"0\" src=\"\/\/1.bp.blogspot.com\/-DtlMh4OKTcc\/T6qVmBKf4HI\/AAAAAAAABfU\/vS4H5G31E_k\/s1600\/Barrio+busquet-.jpg\" \/><\/a><\/td>\n<\/tr>\n<tr>\n<td class=\"tr-caption\" style=\"text-align: center\">Obras recientes en el Barrio Busquet de C\u00e1ceres<\/td>\n<\/tr>\n<\/tbody>\n<\/table>\n<div class=\"MsoNormal\"><span style=\"font-size: small\"><span style=\"color: black\">No sin sorpresa y cierto grado de admiraci\u00f3n, sea por lo novedoso del tema o lo peculiar de sus comportamientos, refieren las cr\u00f3nicas locales cacere\u00f1as la llegada al lugar de un grupo de catalanes, all\u00e1 por los inicios de la d\u00e9cada de los sesenta del siglo XVIII. A Publio Hurtado, el erudito cacere\u00f1o por antonomasia, se deben las primeras notas sobre tan particular di\u00e1spora: \u201cNatural de Cop\u00f3ns, perteneciente al partido judicial de Igualada, en la provincia de Barcelona, fue D. Juan Busquet y Soler, comerciante, que se instal\u00f3 en C\u00e1ceres en el segundo tercio del siglo XVIII y fue el establecimiento de su g\u00e9nero m\u00e1s acreditado y fastuoso de la localidad\u201d; de los hermanos Jos\u00e9 y Miguel Calaff, oriundos tambi\u00e9n de Cop\u00f3ns, \u201ca quienes por esta procedencia llamaban los <i>Catalanes<\/i>\u201d, afirmar\u00e1 que \u201cdisponiendo de buen caudal y activos como todos los de su pa\u00eds natal, se colocaron pronto a la cabeza de los capitalistas cacere\u00f1os. Trapos, lanas, caldos, cereales&#8230;en todo negociaban, y su cr\u00e9dito crec\u00eda, en raz\u00f3n directa de su actividad\u201d; de los Segura, fundadores de una entidad comercial \u201cde las de mayor y merecido cr\u00e9dito de Extremadura\u201d, dir\u00e1 que \u201campliando el campo de sus operaciones, traficaron en lanas, caldos, cereales&#8230;tuvieron labor y ganader\u00eda, y representaron un papel importante en la vida econ\u00f3mica de la localidad, habiendo emparentado con los Busquet, los Calaff, los Donoso Cort\u00e9s, los Carbonell y otras familias tan acreditadas\u201d. <\/span><\/span><\/div>\n<div class=\"Default\"><span style=\"font-size: small\">Escuetas, pero inteligentes, las anotaciones de Publio Hurtado permiten adelantar los perfiles generales de estos comerciantes y los sucesivos estadios a trav\u00e9s de los cuales desarrollaron su actividad econ\u00f3mica. Entre 1763 -a\u00f1o en que registran los protocolos notariales la adquisici\u00f3n de una casa por Juan Busquet- y el a\u00f1o 1872, en que decidi\u00f3 inventariar sus bienes Miguel Calaff, transcurre algo m\u00e1s de un siglo y cuaja una de las m\u00e1s extraordinarias configuraciones como grupo social que se detecta en la historia de Extremadura. El fen\u00f3meno, por los datos de que se dispone hasta la fecha, parece circunscribirse a la ciudad de C\u00e1ceres, lo cual no es gratuito si se tiene en cuenta el argumento expuesto por C. Mart\u00ednez Shaw y R. Fern\u00e1ndez, en el sentido de que durante el siglo XVIII Lisboa lleg\u00f3 a convertirse para el comercio catal\u00e1n en \u201cplataforma de lanzamiento\u201d hacia los mercados europeos, en tanto que punto de encuentro con las colonias portuguesas y escala en el comercio con los Pa\u00edses Bajos e Inglaterra. No resultar\u00eda, pues, excesivamente arriesgado sugerir que este constituye uno de los motivos que impulsaron a los catalanes a elegir C\u00e1ceres como enlace o puente intermedio capaz de dar mayor agilidad a las redes comerciales que un\u00edan Catalu\u00f1a con la capital portuguesa. <\/span><\/div>\n<div class=\"Default\"><span><span style=\"font-size: small\"><span>Sobrios, austeros, con un gran sentido de pertenencia a un grupo y muy poco dados a veleidades fuera de \u00e9l, los catalanes que recalaron en Extremadura no tardaron en acumular unas s\u00f3lidas fortunas y contribuir, junto con otros inmigrantes, a sentar los pilares de una burgues\u00eda de los negocios de cuyo seno emanaron muchas de las principales directrices bajo las que se rigi\u00f3 el siglo XIX del occidente peninsular. A todos ellos y a analizar las empresas que promovieron, la actividad que desplegaron y las distintas alternativas que introdujeron en la econom\u00eda extreme\u00f1a, est\u00e1n dedicadas las p\u00e1ginas que siguen<\/span><\/span>,<\/span><span> <\/span><span>(que se corresponden con los pr\u00f3ximos cap\u00edtulos que publicaremos).<\/span><span><\/span><\/div>\n<!-- AddThis Advanced Settings generic via filter on the_content --><!-- AddThis Share Buttons generic via filter on the_content -->","protected":false},"excerpt":{"rendered":"<p>> El catedr\u00e1tico de Historia Moderna de la Universidad de Extremadura, Miguel \u00c1ngel Mel\u00f3n Jim\u00e9nez, lleva muchos a\u00f1os interesado en el estudio de la presencia de comerciantes catalanes en Extremadura, en especial en C\u00e1ceres, a lo largo de los siglos XVIII y XIX. Una de sus primeras aportaciones al tema fue su colaboraci\u00f3n en el [&hellip;]<!-- AddThis Advanced Settings generic via filter on get_the_excerpt --><!-- AddThis Share Buttons generic via filter on get_the_excerpt --><\/p>\n","protected":false},"author":51,"featured_media":0,"comment_status":"open","ping_status":"closed","sticky":false,"template":"","format":"standard","meta":[],"categories":[6],"tags":[],"_links":{"self":[{"href":"https:\/\/blogs.hoy.es\/catalanaconjamon\/wp-json\/wp\/v2\/posts\/13"}],"collection":[{"href":"https:\/\/blogs.hoy.es\/catalanaconjamon\/wp-json\/wp\/v2\/posts"}],"about":[{"href":"https:\/\/blogs.hoy.es\/catalanaconjamon\/wp-json\/wp\/v2\/types\/post"}],"author":[{"embeddable":true,"href":"https:\/\/blogs.hoy.es\/catalanaconjamon\/wp-json\/wp\/v2\/users\/51"}],"replies":[{"embeddable":true,"href":"https:\/\/blogs.hoy.es\/catalanaconjamon\/wp-json\/wp\/v2\/comments?post=13"}],"version-history":[{"count":0,"href":"https:\/\/blogs.hoy.es\/catalanaconjamon\/wp-json\/wp\/v2\/posts\/13\/revisions"}],"wp:attachment":[{"href":"https:\/\/blogs.hoy.es\/catalanaconjamon\/wp-json\/wp\/v2\/media?parent=13"}],"wp:term":[{"taxonomy":"category","embeddable":true,"href":"https:\/\/blogs.hoy.es\/catalanaconjamon\/wp-json\/wp\/v2\/categories?post=13"},{"taxonomy":"post_tag","embeddable":true,"href":"https:\/\/blogs.hoy.es\/catalanaconjamon\/wp-json\/wp\/v2\/tags?post=13"}],"curies":[{"name":"wp","href":"https:\/\/api.w.org\/{rel}","templated":true}]}}