{"id":134,"date":"2013-04-26T09:15:01","date_gmt":"2013-04-26T07:15:01","guid":{"rendered":"http:\/\/blogs.hoy.es\/catalanaconjamon\/?p=134"},"modified":"2013-04-26T09:15:01","modified_gmt":"2013-04-26T07:15:01","slug":"termalismo-con-sello-de-patrimonio-mundial","status":"publish","type":"post","link":"https:\/\/blogs.hoy.es\/catalanaconjamon\/2013\/04\/26\/termalismo-con-sello-de-patrimonio-mundial\/","title":{"rendered":"Termalismo con sello de Patrimonio Mundial"},"content":{"rendered":"<div id=\"attachment_135\" style=\"width: 653px\" class=\"wp-caption aligncenter\"><a href=\"\/catalanaconjamon\/wp-content\/uploads\/sites\/49\/2013\/04\/Vista-general.jpg\"><img aria-describedby=\"caption-attachment-135\" loading=\"lazy\" class=\"size-full wp-image-135\" title=\"Vista general\" src=\"\/catalanaconjamon\/wp-content\/uploads\/sites\/49\/2013\/04\/Vista-general.jpg\" alt=\"\" width=\"643\" height=\"427\" srcset=\"https:\/\/static-blogs.hoy.es\/wp-content\/uploads\/sites\/49\/2013\/04\/Vista-general.jpg 643w, https:\/\/static-blogs.hoy.es\/wp-content\/uploads\/sites\/49\/2013\/04\/Vista-general-300x199.jpg 300w\" sizes=\"(max-width: 643px) 100vw, 643px\" \/><\/a><p id=\"caption-attachment-135\" class=\"wp-caption-text\">Vista general desde el hotel Varinia Serena, con el Aqualange en el fondo<\/p><\/div>\n<p><strong>Tengo a gala conocer bastante bien el territorio de Extremadura y la mayor parte de sus lugares emblem\u00e1ticos. Sin embargo hay uno, del que hab\u00eda o\u00eddo hablar mucho, pero al que a\u00fan no hab\u00eda tenido oportunidad de visitar: el <a href=\"http:\/\/www.balneariodealange.com\/?gclid=CPW8hI2o5rYCFRMftAodPA4Arg\">Balneario de Alange<\/a>. El pasado 13 de abril, s\u00e1bado, de la mano de la Asociaci\u00f3n de Periodistas y Escritores de Turismo de Extremadura (APETEX), tuve la ocasi\u00f3n de saldar esa vieja cuenta pendiente. Y la mejor expresi\u00f3n que se me ocurre para describir mis sensaciones es: \u00a1lo que me he perdido durante estos a\u00f1os!<\/strong><\/p>\n<div id=\"attachment_136\" style=\"width: 310px\" class=\"wp-caption alignleft\"><a href=\"\/catalanaconjamon\/wp-content\/uploads\/sites\/49\/2013\/04\/Diplomas-Alange.jpg\"><img aria-describedby=\"caption-attachment-136\" loading=\"lazy\" class=\"size-medium wp-image-136\" title=\"Diplomas Alange\" src=\"\/catalanaconjamon\/wp-content\/uploads\/sites\/49\/2013\/04\/Diplomas-Alange.jpg\" alt=\"\" width=\"300\" height=\"194\" srcset=\"https:\/\/static-blogs.hoy.es\/wp-content\/uploads\/sites\/49\/2013\/04\/Diplomas-Alange.jpg 431w, https:\/\/static-blogs.hoy.es\/wp-content\/uploads\/sites\/49\/2013\/04\/Diplomas-Alange-300x195.jpg 300w\" sizes=\"(max-width: 300px) 100vw, 300px\" \/><\/a><p id=\"caption-attachment-136\" class=\"wp-caption-text\">Diplomas de reconocimiento al director del balneario, izquierda, y al alcalde de Alange, centro.e<\/p><\/div>\n<p>La visita a Alange se enmarc\u00f3 en las actividades que peri\u00f3dicamente organiza APETEX, con su presidente <strong>Francisco Rivero<\/strong> a la cabeza. Durante toda la jornada estuvimos acompa\u00f1ados por <strong>Fernando Fern\u00e1ndez-Chiralt<\/strong>, director del Balneario, quien hizo de perfecto <em>cicerone<\/em>, mostr\u00e1ndonos todos los detalles de este magn\u00edfico enclave, ducha escocesa y ba\u00f1o incluido. En el almuerzo tambi\u00e9n contamos con la presencia del alcalde de la localidad, <strong>Juan Pulido.<\/strong><\/p>\n<p>Aunque para muchos ha sido una aut\u00e9ntica novedad, las termas de Alange forman parte del conjunto arqueol\u00f3gico de M\u00e9rida que en 1993 fue reconocido por la UNESCO como <a href=\"http:\/\/www.mcu.es\/patrimonio\/MC\/PatrimonioMundial\/BienesDec\/ListadoBienes\/Merida.html\">Patrimonio Mundial<\/a>. Desgraciadamente esta circunstancia ha permanecido en el olvido durante casi dos d\u00e9cadas, sin que ambos enclaves, M\u00e9rida y Alange, se hayan podido beneficiar mutuamente de las sinergias que se podr\u00edan haber creado.<\/p>\n<p>Mi descubrimiento de la localidad y de sus termas estuvo acompa\u00f1ado por unas circunstancias privilegiadas, que no siempre se conjugan. Por una lado, despu\u00e9s del largo y lluvioso invierno, nos sonri\u00f3 una de las primeras jornadas verdaderamente primaverales del a\u00f1o. Por otro, debido precisamente a las precipitaciones ca\u00eddas las \u00faltimas semanas, el nivel del embalse a cuyas orillas est\u00e1 el balneario es inusualmente alto, por lo que luce en todo su esplendor. Lo que s\u00ed pude comprobar es que la zona re\u00fane todos los ingredientes para disfrutar de una jornada, o de unos d\u00edas, de asueto y relax, tan necesarios en medio del estr\u00e9s y el traj\u00edn de nuestra vida cotidiana. M\u00e1s a\u00fan si tenemos en cuenta que las aguas de Alange est\u00e1n reconocidas en toda Europa como las mejores para afecciones del sistema nervioso.<\/p>\n<div id=\"attachment_137\" style=\"width: 328px\" class=\"wp-caption alignright\"><a href=\"\/catalanaconjamon\/wp-content\/uploads\/sites\/49\/2013\/04\/Aqualange.jpg\"><img aria-describedby=\"caption-attachment-137\" loading=\"lazy\" class=\" wp-image-137\" title=\"Aqualange\" src=\"\/catalanaconjamon\/wp-content\/uploads\/sites\/49\/2013\/04\/Aqualange.jpg\" alt=\"\" width=\"318\" height=\"479\" srcset=\"https:\/\/static-blogs.hoy.es\/wp-content\/uploads\/sites\/49\/2013\/04\/Aqualange.jpg 427w, https:\/\/static-blogs.hoy.es\/wp-content\/uploads\/sites\/49\/2013\/04\/Aqualange-199x300.jpg 199w\" sizes=\"(max-width: 318px) 100vw, 318px\" \/><\/a><p id=\"caption-attachment-137\" class=\"wp-caption-text\">Interior del hotel Aqualange<\/p><\/div>\n<p>Seg\u00fan nos cont\u00f3 Fernando Fern\u00e1ndez-Chiralt, que a su vez es el presidente de la <a href=\"http:\/\/www.youtube.com\/watch?v=DMwAkJVIOtM\">Asociaci\u00f3n de Balnearios de Extremadura<\/a>, entre los siete establecimientos termales que est\u00e1n operativos en la regi\u00f3n re\u00fanen m\u00e1s de 300.000 pernoctaciones, lo que representa el 14% del total de las que se producen en la regi\u00f3n.\u00a0 Cuentan con m\u00e1s de 450 trabajadores y son uno de los principales motores tur\u00edsticos de la comunidad, aportando a la econom\u00eda extreme\u00f1a m\u00e1s de 20 millones de euros. En el caso concreto de Alange, la localidad, con una poblaci\u00f3n de 1.971 habitantes, cuenta con 460 plazas hoteleras, de las que 246 corresponden al propio balneario, produciendo 45.000 pernoctaciones.<\/p>\n<p><strong>ENCLAVE CON ENCANTO<\/strong><\/p>\n<p>Puedo decir que en las distintas partes del balneario y de sus instalaciones, adem\u00e1s de la impronta evidente de una historia que se remonta a la \u00e9poca romana, se entrev\u00e9 el amor y el gusto por las cosas bien hechas.<\/p>\n<p>El m\u00e1s reciente de sus alojamientos, el Gran Hotel Aqualange, inaugurado en 2006, es una suma de cuidados detalles, en los que se nota la mano de sus propietarios.<\/p>\n<p>Desde la cristalera del patio central, inspirada en la que aparece en la pel\u00edcula <a href=\"http:\/\/www.filmaffinity.com\/es\/film935642.html\"><em>La Casa de los Esp\u00edritus<\/em><\/a>, protagonizada entre otros por <strong>Jeremy Irons, Meryl Streep, Glenn Close<\/strong> y <strong>Antonio Banderas<\/strong>; hasta la claraboya vidriada que ofrece una magn\u00edfica luz cenital a la estancia, pasando por los visillos de ganchillo de las habitaciones o las colecciones de cer\u00e1mica de su gran comedor, todo est\u00e1 armoniosamente hilvanado. Y lo mismo ocurre en el m\u00e1s modesto hotel Varinia Serena, un tres estrellas muy acogedor, con una estructura de terrazas a lo largo de la ladera, desde cuya parte superior hay unas magn\u00edficas vistas hacia el conjunto del balneario, del embalse y de los cerros y elevaciones colindantes.<\/p>\n<div id=\"attachment_138\" style=\"width: 327px\" class=\"wp-caption alignright\"><a href=\"\/catalanaconjamon\/wp-content\/uploads\/sites\/49\/2013\/04\/Piscina-del-manantial.jpg\"><img aria-describedby=\"caption-attachment-138\" loading=\"lazy\" class=\" wp-image-138\" title=\"Piscina del manantial\" src=\"\/catalanaconjamon\/wp-content\/uploads\/sites\/49\/2013\/04\/Piscina-del-manantial.jpg\" alt=\"\" width=\"317\" height=\"423\" srcset=\"https:\/\/static-blogs.hoy.es\/wp-content\/uploads\/sites\/49\/2013\/04\/Piscina-del-manantial.jpg 387w, https:\/\/static-blogs.hoy.es\/wp-content\/uploads\/sites\/49\/2013\/04\/Piscina-del-manantial-224x300.jpg 224w\" sizes=\"(max-width: 317px) 100vw, 317px\" \/><\/a><p id=\"caption-attachment-138\" class=\"wp-caption-text\">La laguna del manantial<\/p><\/div>\n<p>Con todo, lo mejor fue sumergirse en las aguas del balneario. Primero en la terma romana, tras una ducha escocesa con la que el cuerpo empez\u00f3 a tonificarse. Es de esas ocasiones en las que me he sentido como transportado a otra \u00e9poca, como si fuera un figurante inserto en otro mundo, un <strong><a href=\"http:\/\/www.filmaffinity.com\/es\/film131808.html\">Zelig<\/a> <\/strong>trasladado a la \u00e9poca romana. All\u00ed, inmerso en el agua caliente, mirando la b\u00f3veda de la terma, mientras el sosiego te invade, te sorprendes compartiendo el mismo espacio que ya otros utilizaron hace casi 2.000 a\u00f1os. Y es una percepci\u00f3n diferente a la que tienes cuando paseas o pisas espacios exteriores de cualquier enclave hist\u00f3rico. En este caso se trat\u00f3 de algo m\u00e1s \u00edntimo, m\u00e1s profundo, yo dir\u00eda que m\u00e1s emocional.<\/p>\n<p>La segunda inmersi\u00f3n, est\u00e9tica y sensorialmente encantadora, fue en la laguna del manantial. El agua, que brota a 28\u00ba, pero que est\u00e1 a 24\u00ba por la p\u00e9rdida de calor del espacio, contrasta con la calidez de la terma romana, y sirve para reactivar el organismo y renovar las energ\u00edas. Rodeada de paredes forradas de azulejos, con el suelo compuesto de cantos rodados de peque\u00f1o tama\u00f1o, sumergirte en sus aguas y dar unas cuantas brazadas, lentas, en penumbra, escuchando apenas tu respiraci\u00f3n, result\u00f3 una experiencia gratificante y vivificadora, que nos prepar\u00f3 para el posterior almuerzo.<\/p>\n<p>Tampoco hay que olvidar otros atractivos, como la piscina exterior, que a\u00fan no estaba abierta al uso esta temporada, o el paseo repleto de hortensias y glicinias que lleva desde el balneario hasta el hotel Aqualange.<\/p>\n<p>En definitiva, y volviendo a lo apuntado al principio, un aut\u00e9ntico descubrimiento, que recomiendo a todos aquellos que a\u00fan no las conozcan. Entre ellos, por supuesto, a los muchos catalanes aficionados al termalismo y a los muchos extreme\u00f1os que, residiendo en Catalunya, desconocen este peque\u00f1o, coqueto y encantador enclave: las Termas de Alange, un redescubierto Patrimonio Mundial en el coraz\u00f3n de la provincia de Badajoz.<\/p>\n<!-- AddThis Advanced Settings generic via filter on the_content --><!-- AddThis Share Buttons generic via filter on the_content -->","protected":false},"excerpt":{"rendered":"<p>Tengo a gala conocer bastante bien el territorio de Extremadura y la mayor parte de sus lugares emblem\u00e1ticos. Sin embargo hay uno, del que hab\u00eda o\u00eddo hablar mucho, pero al que a\u00fan no hab\u00eda tenido oportunidad de visitar: el Balneario de Alange. El pasado 13 de abril, s\u00e1bado, de la mano de la Asociaci\u00f3n de [&hellip;]<!-- AddThis Advanced Settings generic via filter on get_the_excerpt --><!-- AddThis Share Buttons generic via filter on get_the_excerpt --><\/p>\n","protected":false},"author":51,"featured_media":0,"comment_status":"open","ping_status":"closed","sticky":false,"template":"","format":"standard","meta":[],"categories":[11],"tags":[28,50,63,75,212,227,301,310,357,398,460,477,478,495,504],"_links":{"self":[{"href":"https:\/\/blogs.hoy.es\/catalanaconjamon\/wp-json\/wp\/v2\/posts\/134"}],"collection":[{"href":"https:\/\/blogs.hoy.es\/catalanaconjamon\/wp-json\/wp\/v2\/posts"}],"about":[{"href":"https:\/\/blogs.hoy.es\/catalanaconjamon\/wp-json\/wp\/v2\/types\/post"}],"author":[{"embeddable":true,"href":"https:\/\/blogs.hoy.es\/catalanaconjamon\/wp-json\/wp\/v2\/users\/51"}],"replies":[{"embeddable":true,"href":"https:\/\/blogs.hoy.es\/catalanaconjamon\/wp-json\/wp\/v2\/comments?post=134"}],"version-history":[{"count":0,"href":"https:\/\/blogs.hoy.es\/catalanaconjamon\/wp-json\/wp\/v2\/posts\/134\/revisions"}],"wp:attachment":[{"href":"https:\/\/blogs.hoy.es\/catalanaconjamon\/wp-json\/wp\/v2\/media?parent=134"}],"wp:term":[{"taxonomy":"category","embeddable":true,"href":"https:\/\/blogs.hoy.es\/catalanaconjamon\/wp-json\/wp\/v2\/categories?post=134"},{"taxonomy":"post_tag","embeddable":true,"href":"https:\/\/blogs.hoy.es\/catalanaconjamon\/wp-json\/wp\/v2\/tags?post=134"}],"curies":[{"name":"wp","href":"https:\/\/api.w.org\/{rel}","templated":true}]}}