{"id":139,"date":"2013-05-03T09:18:48","date_gmt":"2013-05-03T07:18:48","guid":{"rendered":"http:\/\/blogs.hoy.es\/catalanaconjamon\/?p=139"},"modified":"2013-05-03T09:18:48","modified_gmt":"2013-05-03T07:18:48","slug":"claudio-rodriguez-la-otra-luz-de-zeleste","status":"publish","type":"post","link":"https:\/\/blogs.hoy.es\/catalanaconjamon\/2013\/05\/03\/claudio-rodriguez-la-otra-luz-de-zeleste\/","title":{"rendered":"Claudio Rodr\u00edguez: la otra luz de Zeleste"},"content":{"rendered":"<div id=\"attachment_141\" style=\"width: 659px\" class=\"wp-caption aligncenter\"><img aria-describedby=\"caption-attachment-141\" loading=\"lazy\" class=\" wp-image-141\" title=\"Claudio Rodr\u00edguez022\" src=\"\/catalanaconjamon\/wp-content\/uploads\/sites\/49\/2013\/05\/Claudio-Rodr\u00edguez022.jpg\" alt=\"\" width=\"649\" height=\"465\" srcset=\"https:\/\/static-blogs.hoy.es\/wp-content\/uploads\/sites\/49\/2013\/05\/Claudio-Rodr\u00edguez022.jpg 2058w, https:\/\/static-blogs.hoy.es\/wp-content\/uploads\/sites\/49\/2013\/05\/Claudio-Rodr\u00edguez022-300x215.jpg 300w, https:\/\/static-blogs.hoy.es\/wp-content\/uploads\/sites\/49\/2013\/05\/Claudio-Rodr\u00edguez022-768x551.jpg 768w, https:\/\/static-blogs.hoy.es\/wp-content\/uploads\/sites\/49\/2013\/05\/Claudio-Rodr\u00edguez022-1024x734.jpg 1024w\" sizes=\"(max-width: 649px) 100vw, 649px\" \/><p id=\"caption-attachment-141\" class=\"wp-caption-text\">Claudio Rodr\u00edguez, de pie, junto a Josep Tarradellas, izquierda, y Fernando Abril Martorell, derecha, durante la visita de estos a la Sala Zeleste en 1977<\/p><\/div>\n<p><strong>A\u00f1o 1991. Badajoz. Javier Sard\u00e1 hace su programa <a href=\"http:\/\/www.rtve.es\/rtve\/20100712\/bisagra-exito-del-senor-casamajor-xavier-sarda\/339341.shtml\"><em>La Bisagra<\/em><\/a> desde los nuevos estudios de RNE en la Plaza de Espa\u00f1a, junto a su <em>alter ego<\/em> el Sr. Casamaj\u00f3. Acabada la jornada, despu\u00e9s de cenar, me pide que le acompa\u00f1e a ver a una persona con la que le gustar\u00eda recordar viejos tiempos barceloneses. Se trata de Claudio Rodr\u00edguez, por aqu\u00e9l entonces propietario de La otra luz del Jazz, que hab\u00eda sido uno de los camareros m\u00e1s populares de la m\u00edtica <a href=\"http:\/\/www.efeeme.com\/recordando-a-zeleste-y-la-musica-laietana\/\">Sala Zeleste<\/a> de Barcelona, cuna de la denominada <em>ona laietana.<\/em><\/strong><\/p>\n<p><strong>Claudio Rodr\u00edguez, <\/strong>nacido en San Vicente de Alc\u00e1ntara en 1946, <em>aunque de Badajoz de toda la vida<\/em>, nos dice; est\u00e1 jubilado desde 2007. Durante casi 13 a\u00f1os vivi\u00f3 la eclosi\u00f3n y consolidaci\u00f3n de la <strong>Sala Zeleste<\/strong>. En pleno barrio g\u00f3tico de Barcelona, en la calle Argenter\u00eda (Plater\u00eda), se convirti\u00f3 en el epicentro de la renovaci\u00f3n musical catalana y cuna de lo que se conoci\u00f3 como <em>ona laietana<\/em>, en expresi\u00f3n de uno de los artistas emblem\u00e1ticos de aquella \u00e9poca, <strong>Gato P\u00e9rez.<\/strong><\/p>\n<div id=\"attachment_142\" style=\"width: 310px\" class=\"wp-caption alignright\"><img aria-describedby=\"caption-attachment-142\" loading=\"lazy\" class=\"size-medium wp-image-142\" title=\"Claudio 1\" src=\"\/catalanaconjamon\/wp-content\/uploads\/sites\/49\/2013\/05\/Claudio-1.jpg\" alt=\"\" width=\"300\" height=\"253\" srcset=\"https:\/\/static-blogs.hoy.es\/wp-content\/uploads\/sites\/49\/2013\/05\/Claudio-1.jpg 580w, https:\/\/static-blogs.hoy.es\/wp-content\/uploads\/sites\/49\/2013\/05\/Claudio-1-300x253.jpg 300w\" sizes=\"(max-width: 300px) 100vw, 300px\" \/><p id=\"caption-attachment-142\" class=\"wp-caption-text\">Claudio Rodr\u00edguez<\/p><\/div>\n<p>Claudio se incorpor\u00f3 a Zeleste a los pocos meses de su apertura en mayo de 1973, ahora hace 40 a\u00f1os. All\u00ed se convirti\u00f3 en un personaje imprescindible de la noche barcelonesa. En una cr\u00f3nica publicada el 22 de enero de 1983, en el desaparecido diario El Noticiero Universal, se escribe <em>y mientras todos r\u00eden, y beben, y lloran, Claudio Rodr\u00edguez Ruiz, extreme\u00f1o de 36 a\u00f1os, sigue pendiente del movimiento de la noche, enter\u00e1ndose de todo, luchando por todo, y alg\u00fan d\u00eda\u2026 ser\u00e1 lo que muchos sue\u00f1an ser mientras le piden unas copas<\/em>.<\/p>\n<p>Aunque tambi\u00e9n hubo tragos amargos y momentos dif\u00edciles, como los que vivi\u00f3 cuando tuvo que irse por desavenencias laborales e intentaron hacerle la vida imposible, Claudio recuerda con afecto y cari\u00f1o aquellos a\u00f1os. <em>\u00c9ramos como una gran familia <\/em>\u2013explica-<em>, todos nos conoc\u00edamos, empleados, clientes, artistas, periodistas, pol\u00edticos. Zeleste era el centro de la noche. Trabaj\u00e1bamos mucho, normalmente de 5 de la tarde a 5 de la ma\u00f1ana, pero tambi\u00e9n aprend\u00edamos mucho, conoc\u00edamos a mucha gente y ten\u00edamos un gran ambiente<\/em>.<\/p>\n<p>Zeleste fue la primera sala de Barcelona con una programaci\u00f3n diaria de conciertos, con un criterio bastante ecl\u00e9ctico, que iba desde el flamenco a la salsa, pasando por el rock, la rumba catalana, el jazz, o una mezcla de todo ello. Gracias a esas actuaciones, Claudio fue educando su gusto y aficion\u00e1ndose al jazz, a la par que ejerc\u00eda tambi\u00e9n como fot\u00f3grafo. De entre los muchos artistas a los que vio y sirvi\u00f3, en el terreno del jazz, recuerda especialmente al pianista <strong>Bill Evans<\/strong> y al bater\u00eda <strong>Art Blakey. <\/strong><em>Art era un tipo divertid\u00edsimo <\/em>\u2013nos cuenta-, <em>se pon\u00eda detr\u00e1s de la barra para servirse y despu\u00e9s recorr\u00eda toda la sala utilizando cualquier cosa para marcar el ritmo: el suelo, las mesas, las sillas, todo. Era un aut\u00e9ntico espect\u00e1culo<\/em>. <em>Tambi\u00e9n me gust\u00f3 mucho el cubano <strong>Carlos Puebla, <\/strong>del que tengo una gorra de recuerdo que intercambi\u00e9 con la m\u00eda<\/em>.<\/p>\n<p><strong>MUSICAL EXPR\u00c9S<br \/>\n<\/strong><\/p>\n<p>El ya mencionado Gato P\u00e9rez, la <strong>Orquesta Plater\u00eda<\/strong>, la <strong>Voz del Tr\u00f3pico<\/strong>, <strong>Loquillo<\/strong>, la <strong>Compa\u00f1\u00eda El\u00e9ctrica Dharma<\/strong> y un largo etc\u00e9tera forman la lista de grupos y artistas con los que Claudio Rodr\u00edguez comparti\u00f3 actuaciones y vivencias. Muchos artistas de la incipiente movida madrile\u00f1a tambi\u00e9n pasaron por Zeleste. <em>Y no me quiero olvidar de <strong>Manuel Gerena<\/strong><\/em><strong> \u2013<\/strong>a\u00f1ade-\u00b8<em>que me llamaba compadre y al que m\u00e1s de una vez tuve que ir a llevar bocadillos a la c\u00e1rcel, a donde le conduc\u00edan despu\u00e9s de sus actuaciones, por meterse con el gobierno<\/em>.<\/p>\n<div id=\"attachment_143\" style=\"width: 353px\" class=\"wp-caption alignleft\"><a href=\"\/catalanaconjamon\/wp-content\/uploads\/sites\/49\/2013\/05\/Claudio-2.jpg\"><img aria-describedby=\"caption-attachment-143\" loading=\"lazy\" class=\" wp-image-143\" title=\"Claudio 2\" src=\"\/catalanaconjamon\/wp-content\/uploads\/sites\/49\/2013\/05\/Claudio-2.jpg\" alt=\"\" width=\"343\" height=\"444\" \/><\/a><p id=\"caption-attachment-143\" class=\"wp-caption-text\">Claudio en el rinc\u00f3n de su casa en el que guarda sus recuerdos<\/p><\/div>\n<p>Tambi\u00e9n recuerda que el programa de TVE, <em>Musical Expr\u00e9s, <\/em>que dirig\u00eda el desaparecido <strong>\u00c1ngel Casas<\/strong>, se grababa en ocasiones en Zeleste. Esto le permiti\u00f3 entablar una buena amistad con \u00e9l y, l\u00f3gicamente, conocer a todos los artistas que fueron pasando por el espacio, uno de los punteros de la m\u00fasica en Espa\u00f1a.<\/p>\n<p>Entre las muchas an\u00e9cdotas que pueblan su biograf\u00eda, cita con orgullo la vivida en 1977, con motivo de una visita que hicieron a la Sala Zeleste el entonces Presidente de la Generalitat, <strong>Josep Tarradellas, <\/strong>y el vicepresidente del Gobierno de la UCD, <strong>Abril Martorell<\/strong>. Cuenta Claudio que llegaron los de seguridad y entre todo el personal de la sala le eligieron a \u00e9l para que les atendiese. <em>Al principio<\/em> \u2013nos cuenta-<em> , por recomendaci\u00f3n de sus asesores y debido a alg\u00fan problema de salud, Tarradellas pidi\u00f3 un San Francisco, pero al poco de probarlo dijo que ya ten\u00eda bastante de aquello y pidi\u00f3 un cava Juv\u00e9 y Camps.<\/em><\/p>\n<p><strong>LA OTRA LUZ DEL JAZZ<\/strong><\/p>\n<p>1986 supuso un cambio trascendental en la vida de Claudio. Deja Barcelona, Zeleste y vuelve a Badajoz. Quer\u00eda hacer algo diferente y monta la primera <em>champa\u00f1er\u00eda<\/em> de la ciudad, en la calle San Isidro. Su nombre: La otra luz del Jazz. <em>En realidad el nombre se lo puso \u00c1ngel Casas<\/em> \u2013comenta-<em>, con motivo de una exposici\u00f3n de fotos m\u00edas sobre jazz que hicimos en Andorra, en Les Escaldes, organizada por la propia Sala Zeleste. La titulamos as\u00ed al explicarle que, de alg\u00fan modo, quer\u00eda un nombre que representase lo que yo ve\u00eda del jazz a trav\u00e9s de la c\u00e1mara. Esa es la otra luz.<\/em><\/p>\n<p>El establecimiento de Claudio se convirti\u00f3 en un lugar de referencia en Badajoz. Era algo distinto. Buena m\u00fasica, cava y champ\u00e1n, y, en carnavales, sus inolvidables cocidos de madrugada, servidos en unos peque\u00f1os panes de hogaza, que revitalizaban a cualquiera y le invitaban a continuar la celebraci\u00f3n.<\/p>\n<p>Adem\u00e1s fue lugar de visita obligada para los viejos conocidos de la \u00e9poca barcelonesa de Claudio, cuando estos ven\u00edan a Badajoz. As\u00ed La otra luz del Jazz recibi\u00f3 en su escueto espacio a <strong>Serrat<\/strong>, Loquillo y <strong>Constantino Romero<\/strong>, entre otros muchos.<\/p>\n<p>En 1999 tuvo que dejar el local de la calle San Isidro, y tras un par de a\u00f1os regentando el Mes\u00f3n Arriero, reabri\u00f3 en Valdepasillas, en la calle Jacinta Garc\u00eda Hern\u00e1ndez, donde permaneci\u00f3 hasta su jubilaci\u00f3n en 2007.<\/p>\n<p>Hoy Claudio se dedica a sus aficiones, entre las que sigue estando escuchar buen jazz. Como manitas habilidoso que es, recicla y da un nuevo uso a todo lo que encuentra a su paso, ya sea para hacer una l\u00e1mpara, una jaula para aves o una incubadora artesanal, que ha preparado con un motor recuperado de aqu\u00ed, unos engranajes de all\u00e1, unas bandejas de otro sitio, etc.<\/p>\n<p>Y a ratos, se refugia en el peque\u00f1o rinc\u00f3n que tiene en su casa, presidido por todos los recuerdos de sus vivencias, entre ellos el gran cuadro de un saxofonista que presid\u00eda tambi\u00e9n su emblem\u00e1tico local de Badajoz. Rinc\u00f3n en el que no pod\u00eda faltar una peque\u00f1a barra de bar y un bodeguita con algunas botellas hist\u00f3ricas, como una de brandy Torres 20 a\u00f1os de la boda de la Infanta Elena en Barcelona, y otra de whisky Bell\u2019s de la boda de la Princesa Diana de Gales.<\/p>\n<p>Nunca imagin\u00f3 Claudio Rodr\u00edguez, en 1972, cuando se fue a Barcelona a comprar una bomba de agua, para poder reparar su Chrysler Winson autom\u00e1tico, que aqu\u00e9l viaje le llevar\u00eda a ser la otra luz de Zeleste y de la <em>ona laietana.<\/em><\/p>\n<!-- AddThis Advanced Settings generic via filter on the_content --><!-- AddThis Share Buttons generic via filter on the_content -->","protected":false},"excerpt":{"rendered":"<p>A\u00f1o 1991. Badajoz. Javier Sard\u00e1 hace su programa La Bisagra desde los nuevos estudios de RNE en la Plaza de Espa\u00f1a, junto a su alter ego el Sr. Casamaj\u00f3. Acabada la jornada, despu\u00e9s de cenar, me pide que le acompa\u00f1e a ver a una persona con la que le gustar\u00eda recordar viejos tiempos barceloneses. Se [&hellip;]<!-- AddThis Advanced Settings generic via filter on get_the_excerpt --><!-- AddThis Share Buttons generic via filter on get_the_excerpt --><\/p>\n","protected":false},"author":51,"featured_media":0,"comment_status":"open","ping_status":"closed","sticky":false,"template":"","format":"standard","meta":[],"categories":[7],"tags":[18,43,56,68,79,86,88,108,124,136,137,165,221,232,275,307,315,323,331,343,370,385,388,438,454,470,516,519],"_links":{"self":[{"href":"https:\/\/blogs.hoy.es\/catalanaconjamon\/wp-json\/wp\/v2\/posts\/139"}],"collection":[{"href":"https:\/\/blogs.hoy.es\/catalanaconjamon\/wp-json\/wp\/v2\/posts"}],"about":[{"href":"https:\/\/blogs.hoy.es\/catalanaconjamon\/wp-json\/wp\/v2\/types\/post"}],"author":[{"embeddable":true,"href":"https:\/\/blogs.hoy.es\/catalanaconjamon\/wp-json\/wp\/v2\/users\/51"}],"replies":[{"embeddable":true,"href":"https:\/\/blogs.hoy.es\/catalanaconjamon\/wp-json\/wp\/v2\/comments?post=139"}],"version-history":[{"count":0,"href":"https:\/\/blogs.hoy.es\/catalanaconjamon\/wp-json\/wp\/v2\/posts\/139\/revisions"}],"wp:attachment":[{"href":"https:\/\/blogs.hoy.es\/catalanaconjamon\/wp-json\/wp\/v2\/media?parent=139"}],"wp:term":[{"taxonomy":"category","embeddable":true,"href":"https:\/\/blogs.hoy.es\/catalanaconjamon\/wp-json\/wp\/v2\/categories?post=139"},{"taxonomy":"post_tag","embeddable":true,"href":"https:\/\/blogs.hoy.es\/catalanaconjamon\/wp-json\/wp\/v2\/tags?post=139"}],"curies":[{"name":"wp","href":"https:\/\/api.w.org\/{rel}","templated":true}]}}