{"id":14,"date":"2012-05-11T18:10:00","date_gmt":"2012-05-11T18:10:00","guid":{"rendered":"http:\/\/blogs.hoy.es\/catalanaconjamon\/2012\/05\/11\/catalanes-en-extremadura-1763-1872-ii-los-comerciantes\/"},"modified":"2012-05-11T18:10:00","modified_gmt":"2012-05-11T18:10:00","slug":"catalanes-en-extremadura-1763-1872-ii-los-comerciantes","status":"publish","type":"post","link":"https:\/\/blogs.hoy.es\/catalanaconjamon\/2012\/05\/11\/catalanes-en-extremadura-1763-1872-ii-los-comerciantes\/","title":{"rendered":">Catalanes en Extremadura (1763-1872) [II]: Los comerciantes"},"content":{"rendered":"<p>><!--[if gte mso 9]>   Normal  0      21      false  false  false    ES  X-NONE  X-NONE                                       MicrosoftInternetExplorer4                                     <![endif]--><!--[if gte mso 9]>                                                                                                                                                                                                                                                                                    <![endif]--><!--[if gte mso 10]> \/* Style Definitions *\/  table.MsoNormalTable  {mso-style-name:\"Tabla normal\";  mso-tstyle-rowband-size:0;  mso-tstyle-colband-size:0;  mso-style-noshow:yes;  mso-style-priority:99;  mso-style-qformat:yes;  mso-style-parent:\"\";  mso-padding-alt:0cm 5.4pt 0cm 5.4pt;  mso-para-margin:0cm;  mso-para-margin-bottom:.0001pt;  mso-pagination:widow-orphan;  font-size:11.0pt;  font-family:\"Calibri\",\"sans-serif\";  mso-ascii-font-family:Calibri;  mso-ascii-theme-font:minor-latin;  mso-fareast-font-family:\"Times New Roman\";  mso-fareast-theme-font:minor-fareast;  mso-hansi-font-family:Calibri;  mso-hansi-theme-font:minor-latin;  mso-bidi-font-family:\"Times New Roman\";  mso-bidi-theme-font:minor-bidi;} <![endif]--> <\/p>\n<div class=\"MsoNormal\" style=\"text-align: justify\"><b><span lang=\"ES-TRAD\">Abordamos la segunda entrega del escrito del Catedr\u00e1tico de Historia Moderna de la Universidad de Extremadura, Miguel \u00c1ngel Mel\u00f3n, en la que hace referencia al asentamiento de diversas familias catalanas en la ciudad de C\u00e1ceres en las median\u00edas del siglo XVIII. El cap\u00edtulo que publicamos hoy es el dedicado a los comerciantes.<\/span><\/b><\/div>\n<div class=\"MsoNormal\" style=\"text-align: justify\"><\/div>\n<div class=\"MsoNormal\" style=\"text-align: justify\"><!--[if gte mso 9]>   Normal  0      21      false  false  false    ES  X-NONE  X-NONE                                       MicrosoftInternetExplorer4                                     <![endif]--><!--[if gte mso 9]>                                                                                                                                                                                                                                                                                          <![endif]--><!--[if gte mso 10]> \/* Style Definitions *\/  table.MsoNormalTable  {mso-style-name:\"Tabla normal\";  mso-tstyle-rowband-size:0;  mso-tstyle-colband-size:0;  mso-style-noshow:yes;  mso-style-priority:99;  mso-style-qformat:yes;  mso-style-parent:\"\";  mso-padding-alt:0cm 5.4pt 0cm 5.4pt;  mso-para-margin:0cm;  mso-para-margin-bottom:.0001pt;  mso-pagination:widow-orphan;  font-size:11.0pt;  font-family:\"Calibri\",\"sans-serif\";  mso-ascii-font-family:Calibri;  mso-ascii-theme-font:minor-latin;  mso-fareast-font-family:\"Times New Roman\";  mso-fareast-theme-font:minor-fareast;  mso-hansi-font-family:Calibri;  mso-hansi-theme-font:minor-latin;  mso-bidi-font-family:\"Times New Roman\";  mso-bidi-theme-font:minor-bidi;} <![endif]--> <\/div>\n<div class=\"MsoNormal\"><span lang=\"ES-TRAD\">Se ha de partir de la consideraci\u00f3n de que, como hace alg\u00fan tiempo advirtiera A. Garc\u00eda-Baquero, \u201cun comerciante es un concepto vago e indeterminado que encubre un conjunto de actividades econ\u00f3micas muy rico y complejo\u201d, y que su perfil sociol\u00f3gico abarca una amplia gama de posibilidades que va desde, quienes teniendo establecida casa de comercio, exponen en sus anaqueles g\u00e9neros de la m\u00e1s variada \u00edndole y procedencia, hasta aquellos que a\u00f1aden a sus tr\u00e1ficos los productos agropecuarios e intervienen en los mercados crediticios, de la tierra y de la propiedad inmobiliaria. El comerciante catal\u00e1n de C\u00e1ceres responde, en t\u00e9rminos generales y prescindiendo de su condici\u00f3n de fabricante, a la figura del cl\u00e1sico \u201cformigueig\u201d del siglo XVIII descrita por P. Vilar: \u201ccomerciante, financiero, arrendatario, industrial, propietario agr\u00edcola; ning\u00fan terreno parec\u00eda estar vedado a la iniciativa de un hombre que con cierto capital disponible, pose\u00eda el t\u00edpico temperamento de empresario\u201d.<\/span><\/div>\n<table cellpadding=\"0\" cellspacing=\"0\" class=\"tr-caption-container\">\n<tbody>\n<tr>\n<td style=\"text-align: center\"><a href=\"http:\/\/2.bp.blogspot.com\/-u_kFC7IFNSE\/T61Ul5-ElKI\/AAAAAAAABfk\/8lTZmc0IBRI\/s1600\/PLano+C%25C3%25A1ceres+siglo+XVIII.jpg\"><img loading=\"lazy\" border=\"0\" height=\"240\" src=\"\/\/2.bp.blogspot.com\/-u_kFC7IFNSE\/T61Ul5-ElKI\/AAAAAAAABfk\/8lTZmc0IBRI\/s320\/PLano+C%25C3%25A1ceres+siglo+XVIII.jpg\" width=\"320\" \/><\/a><\/td>\n<\/tr>\n<tr>\n<td class=\"tr-caption\" style=\"text-align: center\">Plano de C\u00e1ceres en el siglo XVIII<\/td>\n<\/tr>\n<\/tbody>\n<\/table>\n<div class=\"MsoNormal\"><span lang=\"ES-TRAD\">En este sentido, los inventarios<i> post-mortem<\/i>realizados por los comerciantes catalanes en C\u00e1ceres descubren la existencia en el grupo de tres \u201cmodelos\u201d, seg\u00fan la composici\u00f3n de sus fortunas y la orientaci\u00f3n de sus negocios. El primero, que bien pudiera identificarse con Antonio Vilanova, Juan Busquet o Jaime Ferrer y Segura, define a los comerciantes en g\u00e9neros de tienda, pero que no dudan en realizar t\u00edmidas incursiones en el mercado crediticio y otras m\u00e1s considerables en el de la propiedad inmobiliaria. El segundo, cuyo paradigma encarnar\u00edan los Segura Soler, a\u00f1ade a los productos de tienda el comercio de cereales, ganados y lanas, a la par que ampl\u00eda las bases de los mercados de capitales, bienes ra\u00edces e inmuebles urbanos. En el tercer modelo, identificado con Miguel Calaff, se advierte un alejamiento de la diversificaci\u00f3n operacional que suponen los ejemplos anteriores para concentrar su atenci\u00f3n en el tr\u00e1fico lanero y las operaciones bancarias, al tiempo que se acent\u00faa su condici\u00f3n de gran propietario de inmuebles urbanos y propiedades r\u00fasticas.<\/span><\/div>\n<div class=\"MsoNormal\"><span lang=\"ES-TRAD\">Fuera del \u00e1mbito local y de los mercados y ferias regionales, tres eran los circuitos de intercambios hacia los que orientaban sus preferencias los catalanes de C\u00e1ceres: los puertos andaluces y portugueses del Atl\u00e1ntico, el litoral mediterr\u00e1neo y los mercados castellanos del interior. De los primeros se serv\u00edan para dar salida a los productos extreme\u00f1os -la lana, sobre todo- y para recibir los que desde su tierra de origen y las regiones levantinas les remit\u00edan fabricantes y comerciantes de Barcelona, Tarrasa, Igualada, Sabadell o Alcoy, as\u00ed como los provenientes del mercado colonial. Esto les permit\u00eda, seg\u00fan se advierte en las minuciosas relaciones de productos que incorporan a los inventarios, tener bien y puntualmente surtidos sus estantes y trastiendas de toda clase de tejidos y ultramarinos. Madrid, por su parte, adquir\u00eda una cu\u00e1druple dimensi\u00f3n en la articulaci\u00f3n del mercado interior peninsular: all\u00ed cristalizaban todos los grandes negocios relacionados con la administraci\u00f3n; era el centro bancario por excelencia; generaba su poblaci\u00f3n una demanda de proporciones considerables, y actuaba como punto de redistribuci\u00f3n de las m\u00e1s diversas producciones y de encuentro entre mercados aparentemente inconexos. De su condici\u00f3n de proveedores de la administraci\u00f3n no quedan huellas en C\u00e1ceres, pero s\u00ed de su proceder como prestamistas y de sus tr\u00e1ficos en ganados y cereales remitidos a ese ente cambiante y multiforme en que se estaba convirtiendo la capital del reino. <\/span><\/div>\n<div class=\"MsoNormal\"><span lang=\"ES-TRAD\">Hacia d\u00f3nde orientan los capitales obtenidos de sus tr\u00e1ficos mercantiles; qu\u00e9 estrategias inversoras realizan y c\u00f3mo van dando forma a sus patrimonios, son cuestiones a las que se pretende dar respuesta mediante el an\u00e1lisis pormenorizado de los inventarios de cuatro significados representantes de la di\u00e1spora comercial catalana que acoge Extremadura.<\/span><\/div>\n<table cellpadding=\"0\" cellspacing=\"0\" class=\"tr-caption-container\">\n<tbody>\n<tr>\n<td style=\"text-align: center\"><a href=\"http:\/\/4.bp.blogspot.com\/-Jbw-NjDOaIA\/T61VNADccqI\/AAAAAAAABfs\/yuuvuGyW5vM\/s1600\/Cuadro+comerciantes+catalanes.gif\"><img loading=\"lazy\" border=\"0\" height=\"640\" src=\"\/\/4.bp.blogspot.com\/-Jbw-NjDOaIA\/T61VNADccqI\/AAAAAAAABfs\/yuuvuGyW5vM\/s640\/Cuadro+comerciantes+catalanes.gif\" width=\"435\" \/><\/a><\/td>\n<\/tr>\n<tr>\n<td class=\"tr-caption\" style=\"text-align: center\">Inventario de dos comerciantes catalanes de C\u00e1ceres. Valor en reales.<\/td>\n<\/tr>\n<\/tbody>\n<\/table>\n<div class=\"MsoNormal\"><span lang=\"ES-TRAD\">Es relativamente temprano el inter\u00e9s de los catalanes por el <i>mercado inmobiliario<\/i>; prueba de ello fue su febril aplicaci\u00f3n como adquirentes de inmuebles y la construcci\u00f3n en C\u00e1ceres de barriadas enteras a las que dieron sus nombres y que se conservan a\u00fan en la actualidad (Barrio de Busquet, Barrio y Calle de Calaff). Inter\u00e9s que se ver\u00eda favorecido por unas condiciones muy concretas, referidas al incremento paulatino de los precios de los alquileres y a la flexibilidad legislativa vigente en la capital en materia de arrendamientos urbanos. Dicha tendencia se acrecentar\u00e1 a medida que avance el siglo XIX y coincidir\u00e1, por otro lado, con la expresada por otras burgues\u00edas decimon\u00f3nicas peninsulares.<\/span><\/div>\n<div class=\"MsoNormal\"><span lang=\"ES-TRAD\">Respecto a las <i>propiedades r\u00fasticas<\/i>, sus valores se sit\u00faan muy por debajo de los inmuebles urbanos y s\u00f3lo las de Valent\u00edn Segura constituyen una excepci\u00f3n a este aserto, resultado de incluirse en el total el valor de algunas fincas que a\u00fan pose\u00eda en tierras catalanas. De ellas -como no pod\u00eda ser de otra forma- las participaciones en dehesas o su adquisici\u00f3n en redondo, junto con los olivares, centran su atenci\u00f3n. Se trata de propiedades compradas a lo largo de cuatro per\u00edodos muy concretos y que coinciden con las desamortizaciones de Godoy y Mendiz\u00e1bal, la Guerra de la Independencia y el Trienio Liberal. En un segundo plano se encontrar\u00edan las vi\u00f1as, tierras de sembradura y huertas, de las cuales se extra\u00edan unas producciones cuyo destino ser\u00edan sus casas y ganados, pero tambi\u00e9n los abastos de la capital y de otros puntos m\u00e1s alejados. Es as\u00ed como, al morir Valent\u00edn Segura, los herederos computan en el cuerpo de sus bienes la siembra de 147 fanegas de trigo en diferentes tierras de pan llevar, 148 de cebada, 70 de avena, 19 de centeno, 2 de cebada blanca y 6 de centeno para forraje; a ellas ven\u00edan a sumarse 1.606 fanegas de trigo, 1.223,5 de cebada, 8 de centeno y 12 de habas, almacenadas o distribuidas entre las panaderas de C\u00e1ceres. Bastantes a\u00f1os despu\u00e9s, la relaci\u00f3n de bienes de Miguel Calaff y Ferrer incluye 592 fanegas de trigo, 300 de cebada, 481 de avena, 86 de centeno, 700 arrobas de aceite y otras 200 de vino.<\/span><\/div>\n<div class=\"MsoNormal\"><span lang=\"ES-TRAD\">Como parte complementaria de sus haciendas y tratos se consideran <i>los bienes semovientes<\/i>, cuya aparici\u00f3n en los inventarios acapara casi en exclusiva Valent\u00edn Segura, dado que los valores que refiere el de Miguel Calaff se limitan a la evaluaci\u00f3n del ganado mular para el transporte. El primero era propietario de un reba\u00f1o lanar formado por 110 carneros padres, 750 borros y 1.196 ovejas de vientre, con sus correspondientes aperos de majada; para la labor de sus tierras contaba con 26 bueyes y para el transporte de sus mercanc\u00edas con 28 caballer\u00edas mayores. Las dimensiones de su caba\u00f1a ovina pueden resultar peque\u00f1as si se comparan con las de otros ricos laneros cacere\u00f1os como los Garc\u00eda Carrasco, quienes en su \u00e9poca de m\u00e1ximo esplendor llegaron a contar con algo m\u00e1s de 21.000 cabezas, pero son testimonio de la diversificaci\u00f3n que paulatinamente iban dando los catalanes a sus econom\u00edas y de la creciente acomodaci\u00f3n que de sus pr\u00e1cticas habituales estaban realizando al entorno geogr\u00e1fico y econ\u00f3mico en que se encontraban. <\/span><\/div>\n<div class=\"MsoNormal\"><span lang=\"ES-TRAD\">La solvencia de estos comerciantes y de las compa\u00f1\u00edas de comercio que regentaban les convirti\u00f3 pronto en aut\u00e9nticos banqueros que obtuvieron crecidos beneficios del <i>mercado crediticio<\/i> en los momentos cr\u00edticos por los que atraves\u00f3 la econom\u00eda extreme\u00f1a y nacional durante el siglo XIX. Nobles venidos a menos, ganaderos serranos endeudados como consecuencia de la crisis de las explotaciones trashumantes durante el primer tercio del siglo XIX, banqueros o comerciantes arruinados y gentes del com\u00fan iban a ser sus principales clientes y a generarles una saneada fuente de ingresos cuya importancia se acrecentar\u00eda a medida que transcurr\u00eda la centuria. Las diferencias en esta materia entre el cuerpo de deudas reconocido por los sucesores de Antonio Vilanova, Valent\u00edn Segura y Miguel Calaff son enormemente significativas. El inventario del primero reconoce haber concedido cr\u00e9ditos por valor de 27.238 reales, repartidos del siguiente modo: 2.798 reales en deudas \u201cde m\u00e1s f\u00e1cil y probable cobranza\u201d, 5.519 reales en deudas \u201cde m\u00e1s dif\u00edcil cobranza, y 18.921 reales en deudas \u201cincobrables o fallidas\u201d. Valent\u00edn Segura, por su parte, adem\u00e1s de expresar mayor seguridad en cuanto al cobro de los capitales prestados, cuenta entre sus deudores a vecinos de varias localidades altoextreme\u00f1as y de C\u00e1ceres, a los que se a\u00f1adir\u00edan los cr\u00e9ditos que su sociedad hab\u00eda otorgado a vecinos y comerciantes de Madrid, Andaluc\u00eda y Levante, o proced\u00edan de sus relaciones comerciales con industriales catalanes como Gali y Vi\u00f1als, Jos\u00e9 Mauri (de Tarrasa), y Gabriel y Ram\u00f3n Castells (de Igualada). Calaff, finalmente, ha llegado a crear una compleja red de intercambios en la que se entremezclan casas de comercio y de banca de Madrid, comerciantes andaluces y catalanes, laneros y ganaderos trashumantes de Extremadura y Castilla, vecinos de C\u00e1ceres y sus pueblos comarcanos y fabricantes de n\u00facleos textiles como Torrejoncillo o Covilha (Portugal).<\/span><\/div>\n<div class=\"MsoNormal\" style=\"text-align: justify\"><\/div>\n<!-- AddThis Advanced Settings generic via filter on the_content --><!-- AddThis Share Buttons generic via filter on the_content -->","protected":false},"excerpt":{"rendered":"<p>> Abordamos la segunda entrega del escrito del Catedr\u00e1tico de Historia Moderna de la Universidad de Extremadura, Miguel \u00c1ngel Mel\u00f3n, en la que hace referencia al asentamiento de diversas familias catalanas en la ciudad de C\u00e1ceres en las median\u00edas del siglo XVIII. El cap\u00edtulo que publicamos hoy es el dedicado a los comerciantes. Se ha [&hellip;]<!-- AddThis Advanced Settings generic via filter on get_the_excerpt --><!-- AddThis Share Buttons generic via filter on get_the_excerpt --><\/p>\n","protected":false},"author":51,"featured_media":0,"comment_status":"open","ping_status":"closed","sticky":false,"template":"","format":"standard","meta":[],"categories":[6],"tags":[],"_links":{"self":[{"href":"https:\/\/blogs.hoy.es\/catalanaconjamon\/wp-json\/wp\/v2\/posts\/14"}],"collection":[{"href":"https:\/\/blogs.hoy.es\/catalanaconjamon\/wp-json\/wp\/v2\/posts"}],"about":[{"href":"https:\/\/blogs.hoy.es\/catalanaconjamon\/wp-json\/wp\/v2\/types\/post"}],"author":[{"embeddable":true,"href":"https:\/\/blogs.hoy.es\/catalanaconjamon\/wp-json\/wp\/v2\/users\/51"}],"replies":[{"embeddable":true,"href":"https:\/\/blogs.hoy.es\/catalanaconjamon\/wp-json\/wp\/v2\/comments?post=14"}],"version-history":[{"count":0,"href":"https:\/\/blogs.hoy.es\/catalanaconjamon\/wp-json\/wp\/v2\/posts\/14\/revisions"}],"wp:attachment":[{"href":"https:\/\/blogs.hoy.es\/catalanaconjamon\/wp-json\/wp\/v2\/media?parent=14"}],"wp:term":[{"taxonomy":"category","embeddable":true,"href":"https:\/\/blogs.hoy.es\/catalanaconjamon\/wp-json\/wp\/v2\/categories?post=14"},{"taxonomy":"post_tag","embeddable":true,"href":"https:\/\/blogs.hoy.es\/catalanaconjamon\/wp-json\/wp\/v2\/tags?post=14"}],"curies":[{"name":"wp","href":"https:\/\/api.w.org\/{rel}","templated":true}]}}