{"id":145,"date":"2013-05-16T09:58:19","date_gmt":"2013-05-16T07:58:19","guid":{"rendered":"http:\/\/blogs.hoy.es\/catalanaconjamon\/?p=145"},"modified":"2013-05-16T09:58:19","modified_gmt":"2013-05-16T07:58:19","slug":"jose-luis-pablo-mirando-a-carlos-v-desde-lhospitalet-de-llobregat","status":"publish","type":"post","link":"https:\/\/blogs.hoy.es\/catalanaconjamon\/2013\/05\/16\/jose-luis-pablo-mirando-a-carlos-v-desde-lhospitalet-de-llobregat\/","title":{"rendered":"Jos\u00e9 Luis Pablo: mirando a Carlos V desde L&#039;Hospitalet de Llobregat"},"content":{"rendered":"<div id=\"attachment_146\" style=\"width: 638px\" class=\"wp-caption aligncenter\"><img aria-describedby=\"caption-attachment-146\" loading=\"lazy\" class=\" wp-image-146\" title=\"Jos\u00e9 Luis Pablos (1)\" src=\"\/catalanaconjamon\/wp-content\/uploads\/sites\/49\/2013\/05\/Jos\u00e9-Luis-Pablos-1.jpg\" alt=\"\" width=\"628\" height=\"471\" srcset=\"https:\/\/static-blogs.hoy.es\/wp-content\/uploads\/sites\/49\/2013\/05\/Jos\u00e9-Luis-Pablos-1.jpg 872w, https:\/\/static-blogs.hoy.es\/wp-content\/uploads\/sites\/49\/2013\/05\/Jos\u00e9-Luis-Pablos-1-300x225.jpg 300w, https:\/\/static-blogs.hoy.es\/wp-content\/uploads\/sites\/49\/2013\/05\/Jos\u00e9-Luis-Pablos-1-768x576.jpg 768w\" sizes=\"(max-width: 628px) 100vw, 628px\" \/><p id=\"caption-attachment-146\" class=\"wp-caption-text\">Jos\u00e9 Luis Pablo en L&#39;Hospitalet<\/p><\/div>\n<p><strong>Nacido en 1954, en Navalmoral de la Mata, Jos\u00e9 Luis Pablo S\u00e1nchez es un ejemplo m\u00e1s de extreme\u00f1o integrado en Catalunya, amante de su tierra de acogida, pero sin olvidar su Campo Ara\u00f1uelo natal. Profesor y literato, ha publicado obras de varios g\u00e9neros, desde la novela, al relato de viajes. Admirador de la figura de Carlos V, reivindica una mayor atenci\u00f3n hacia la obra de autores extreme\u00f1os residentes en otras comunidades, que en muchas ocasiones no est\u00e1 disponible en la propia regi\u00f3n.<\/strong><\/p>\n<p><strong>Jos\u00e9 Luis, \u00bfcu\u00e1ndo dej\u00f3 Navalmoral de la Mata y por qu\u00e9 motivos?<\/strong> Me vine\u00a0 de Navalmoral en 1965, con once a\u00f1os, para poder estudiar porque all\u00ed no hab\u00eda instituto. En aquellos a\u00f1os la medicina, la cultura, el progreso,\u2026 se encontraban lejos. Fueron a\u00f1os sangrantes para Extremadura. Para m\u00ed fue como pasar del siglo XIX al siglo XX. Y si para m\u00ed fue duro, para la generaci\u00f3n de mis padres a\u00fan fue peor,\u00a0 porque ellos por desgracia llegaron tarde a todo.<\/p>\n<div id=\"attachment_147\" style=\"width: 235px\" class=\"wp-caption alignright\"><a href=\"\/catalanaconjamon\/wp-content\/uploads\/sites\/49\/2013\/05\/Jos\u00e9-Luis-Pablo-4.jpg\"><img aria-describedby=\"caption-attachment-147\" loading=\"lazy\" class=\"size-medium wp-image-147\" title=\"Jos\u00e9 Luis Pablo (4)\" src=\"\/catalanaconjamon\/wp-content\/uploads\/sites\/49\/2013\/05\/Jos\u00e9-Luis-Pablo-4.jpg\" alt=\"\" width=\"225\" height=\"300\" srcset=\"https:\/\/static-blogs.hoy.es\/wp-content\/uploads\/sites\/49\/2013\/05\/Jos\u00e9-Luis-Pablo-4.jpg 600w, https:\/\/static-blogs.hoy.es\/wp-content\/uploads\/sites\/49\/2013\/05\/Jos\u00e9-Luis-Pablo-4-225x300.jpg 225w\" sizes=\"(max-width: 225px) 100vw, 225px\" \/><\/a><p id=\"caption-attachment-147\" class=\"wp-caption-text\">Firmando ejemplares en la reciente Fira del Llibre de Sant Jordi<\/p><\/div>\n<p><strong>\u00bfCasado con una catalana y con un hijo, qu\u00e9 sentimiento tienen ambos hacia Extremadura? <\/strong>Mi mujer es catalana y siente un gran aprecio por nuestra tierra y por sus gentes. Dice que toda Extremadura es un parque natural virgen, que hay que saber disfrutar. Le encanta sobre todo la magia que trasmite la noche cacere\u00f1a. A mi hijo tambi\u00e9n le gusta y disfruta cuando viene. Desde peque\u00f1o tiene amigos con los que se comunica a trav\u00e9s de las redes sociales.<\/p>\n<p><strong>\u00bfQu\u00e9 impresi\u00f3n tiene del Navalmoral actual respecto de la que conoci\u00f3 en su infancia? <\/strong>No he perdido nunca el contacto. Incluso cuando era joven, que ten\u00eda a mis padres en Francia, cuando iba a Barcelona, un quiosquero de la Plaza Catalu\u00f1a, al lado del Corte ingl\u00e9s, me guardaba todos los <strong>HOY<\/strong>, porque aunque fueran retrasados se los compraba. Y los dos contentos. Era el \u00fanico cord\u00f3n umbilical que ten\u00eda por aquellos a\u00f1os con la tierra. Ahora, sin embargo, las cosas han cambiado y puedo visitarla tres veces al a\u00f1o.<strong> <\/strong>El Navalmoral de ahora no tiene nada que ver con la que yo dej\u00e9 en los sesenta. Ha ganado en servicios, sanidad, cultura, comunicaciones, infraestructuras, calidad de vida,\u2026 Siempre ser\u00e1 una ciudad privilegiada, por el lugar en que le ha colocado la historia en el mapa, cerca de Madrid.<\/p>\n<p><strong>\u00bfQu\u00e9 recuerdos conserva? <\/strong>Dice Valle Incl\u00e1n: <em>Las cosas no son como las vemos sino como las recordamos<\/em>. Yo recuerdo aquellos atardeceres cuando volv\u00eda del campo con mi t\u00edo. Aquella luminosidad, aquel cielo azul inmaculado.<\/p>\n<p>Tambi\u00e9n, como no, la primera novia \u2013 me temo que la chica ni se enter\u00f3, eran amores tremendamente plat\u00f3nicos-; el primer cigarrillo en el \u201cCanchigordo\u201d; las primeras historias, el gusto por o\u00edr contar relatos a los vecinos sentados al fresco contemplando las estrellas, o al calor de la lumbre en invierno.<\/p>\n<p>Son muchas las im\u00e1genes que se me agolpan: aquellas largas colas en la escuela, haciendo turno para la leche y el queso americano, todos con un vasito; el reloj de San Andr\u00e9s, que marcaba el paso del tiempo; los toques de las campanas que te avisaban a misa, nacimiento, muerte, quema,\u2026; la llegada del tren con sus m\u00e1quinas de carb\u00f3n que cargaban y todos los viajeros que aprovechaban buscando aprovisionamiento; la llegada del Auto-Res; o de las revistas nuevas al kiosco,\u2026<\/p>\n<p>Me estar\u00eda todo el d\u00eda hablando de nostalgias, pero la vida contin\u00faa y no es bueno viajar con las maletas del recuerdo repletas.<\/p>\n<p>\u00bf<strong>Creo, y a as\u00ed lo tengo escrito, que Navalmoral cuenta con una de las mejores vistas de Extremadura: esa impresionante barrera de Gredos perfilada ante sus ojos?<\/strong> Efectivamente, y sobre todo cuando se cubre de blanco, las mejores vistas de la Sierra de Gredos se ven desde Navalmoral. <em>El sombr\u00edo macizo de los montes Carpetanos<\/em>, como dec\u00eda Don Miguel de Unamuno, que por cierto, siempre que pod\u00eda se escapaba a las Villuercas o por el norte de Extremadura. Eran paisajes que le encantaban.<\/p>\n<p><strong>LITERATURA<\/strong><\/p>\n<a href=\"\/catalanaconjamon\/wp-content\/uploads\/sites\/49\/2013\/05\/Encrucijada-de-Yuste.jpg\"><img loading=\"lazy\" class=\" wp-image-148\" title=\"Maquetaci\u00c3\u00b3n 1 (Page 1)\" src=\"\/catalanaconjamon\/wp-content\/uploads\/sites\/49\/2013\/05\/Encrucijada-de-Yuste.jpg\" alt=\"\" width=\"185\" height=\"260\" \/><\/a>\n<p><strong>\u00bfPor qu\u00e9 empez\u00f3 a escribir? <\/strong>En realidad creo que he escrito toda mi vida: escrib\u00eda cartas, en la revista del colegio, ten\u00eda un diario personal, participaba en concursos,\u2026 Sin embargo fue en el a\u00f1o 1988, que por motivos de salud no tuve m\u00e1s remedio que quedarme un a\u00f1o encerrado en casa. Los compa\u00f1eros del mundo de la ense\u00f1anza, tanto de mi mujer como m\u00edos, me regalaron una monta\u00f1a de libros. Aquel a\u00f1o me puse a leer de una manera compulsiva, como si me fuera la vida en ello. Fue como un vaso que se llena y se desborda. Y sent\u00ed la necesidad de escribir. Creo que de no haber sido por aquella monta\u00f1a de libros, le\u00eddos en la soledad de mi habitaci\u00f3n en aquel a\u00f1o adverso, no s\u00e9 si me hubiera lanzado a escribir. En fin, el tiempo juzgar\u00e1 si la decisi\u00f3n fue acertada.<\/p>\n<p><strong>\u00bfQu\u00e9 representa para usted la literatura?<\/strong> Para m\u00ed la literatura es una forma de evadirme de la soledad, de los problemas. Es una forma de vivir la vida m\u00e1s intensamente. Son experiencias que transmites a trav\u00e9s de la pasi\u00f3n. Y aunque nos pasamos la vida cabalgando, entre la distancia de lo que uno es y lo que desea ser, entre la realidad y el deseo, como \u201cDon Quijote\u201d; yo s\u00f3lo cojo la pluma cuando un tema me reclama, cuando un personaje quiere que le de vida y me mueve para ello la pasi\u00f3n.<\/p>\n<p><strong>Sus dos \u00faltimos libros <em>Extremadura, descanso del Emperador <\/em>\u00a0y <em>La Encrucijada de Yuste<\/em>, est\u00e1n vinculados con la figura de Carlos V y del monasterio de Yuste. \u00bfPor alguna raz\u00f3n especial? <\/strong>Creo que el inter\u00e9s por esta figura tan emblem\u00e1tica me viene desde ni\u00f1o. En verano hac\u00edamos unos cursillos en Jarandilla y cada a\u00f1o, como el que va a la Meca, nos llevaban andando al Monasterio de Yuste. Cuando descubr\u00ed que el hombre m\u00e1s poderoso de su tiempo hab\u00eda elegido aquella austeridad y sencillez para acabar sus d\u00edas, aquello me conmovi\u00f3. A\u00f1os m\u00e1s tarde, en 1980, pude pasar dos d\u00edas en la comunidad de los Jer\u00f3nimos. Aquello acab\u00f3 de inclinar la balanza para que me decidiera a escribir sobre el Monarca.<\/p>\n<p>As\u00ed fue c\u00f3mo surgi\u00f3 primero el ensayo: <em>Extremadura, descanso del Emperador<\/em>. Despu\u00e9s, habiendo le\u00eddo tanta bibliograf\u00eda sobre \u00e9l, pens\u00e9 que estaba el terreno abonado para escribir una novela. Y \u00a0sali\u00f3 <em>La encrucijada de Yuste<\/em>. Ahora incluso se ha publicado en una revista la ruta literaria basada en este libro, para visitar los escenarios del Siglo XVI extreme\u00f1o, que despu\u00e9s de 500 a\u00f1os persisten tal como eran, con el mismo aspecto que ten\u00edan cuando los habit\u00f3 Carlos V.<\/p>\n<p><strong>\u00bfAlg\u00fan proyecto en ciernes? <\/strong>Como dec\u00eda nuestro querido escritor ya desaparecido, Manuel V\u00e1zquez Montalb\u00e1n: <em>Despu\u00e9s de publicar una novela hay que retirarse una temporada al desierto para llenar las alforjas<\/em>. Yo estoy ahora en esa traves\u00eda, tengo varios proyectos en el caj\u00f3n y medito por d\u00f3nde tirar.<\/p>\n<div id=\"attachment_149\" style=\"width: 461px\" class=\"wp-caption alignright\"><a href=\"\/catalanaconjamon\/wp-content\/uploads\/sites\/49\/2013\/05\/Jos\u00e9-Luis-Pablo-1.jpg\"><img aria-describedby=\"caption-attachment-149\" loading=\"lazy\" class=\" wp-image-149\" title=\"Jos\u00e9 Luis Pablo (1)\" src=\"\/catalanaconjamon\/wp-content\/uploads\/sites\/49\/2013\/05\/Jos\u00e9-Luis-Pablo-1.jpg\" alt=\"\" width=\"451\" height=\"338\" srcset=\"https:\/\/static-blogs.hoy.es\/wp-content\/uploads\/sites\/49\/2013\/05\/Jos\u00e9-Luis-Pablo-1.jpg 600w, https:\/\/static-blogs.hoy.es\/wp-content\/uploads\/sites\/49\/2013\/05\/Jos\u00e9-Luis-Pablo-1-300x225.jpg 300w\" sizes=\"(max-width: 451px) 100vw, 451px\" \/><\/a><p id=\"caption-attachment-149\" class=\"wp-caption-text\">Presentaci\u00f3n de su \u00faltimo libro en la Fundaci\u00f3n Concha de Navalmoral de la Mata<\/p><\/div>\n<p><strong>\u00bfTiene alguna relaci\u00f3n con movimientos o grupos literarios, extreme\u00f1os o no, bien en Catalunya, bien en Extremadura?, \u00bfc\u00f3mo ve el panorama literario extreme\u00f1o? <\/strong>Por supuesto pertenezco a diferentes asociaciones y estoy al corriente del devenir literario actual. Creo que nunca como ahora se hab\u00eda escrito en Extremadura tanto y con tanta calidad: poes\u00eda, narrativa, ensayo,&#8230; Atr\u00e1s queda la literatura de la Extremadura negra: Los santos inocentes, La familia de Pascual Duarte, Jarrapellejos, Las Hurdes tierra sin pan, \u2026<\/p>\n<p>Tambi\u00e9n me llam\u00f3 la atenci\u00f3n, cuando escrib\u00eda <em>Por el norte de Extremadura<\/em>, la falta de informaci\u00f3n y material, por parte de los ayuntamientos y bibliotecas, sobre los autores aut\u00f3ctonos que me constaba que hab\u00edan publicado: poes\u00eda, narrativa, arquitectura,&#8230; sobre sus pueblos y zona. S\u00f3lo ten\u00edan constancia de la gente si hab\u00eda hecho carrera eclesi\u00e1stica o militar. Cuando es la literatura la que ha hecho famosos a muchos lugares. Y son los autores que publican los que hacen m\u00e1s importante esa poblaci\u00f3n, ese paisaje, ese enclave,\u2026 creando un signo de identidad. Ya que las gentes y sus vidas son el alma de los pueblos y ciudades.<\/p>\n<p><strong>\u00bfQu\u00e9 percepci\u00f3n tiene actualmente sobre la regi\u00f3n y como la ven los catalanes? <\/strong>Extremadura estas \u00faltimas d\u00e9cadas ha cambiado mucho y m\u00e1s que va a cambiar, aunque esta dichosa crisis haya frenado el ritmo. Ahora bien, aparte del lugar geogr\u00e1fico en que la ha situado la historia, contra el que no hay nada que hacer, Extremadura sigue teniendo un sin fin de problemas. No es normal que haya un n\u00famero tan alto de universitarios que acaben la carrera y tengan que marcharse de su tierra. Se marcha gente muy bien preparada y llega una mano de obra no cualificada.<\/p>\n<p>Los extreme\u00f1os que estamos en Catalu\u00f1a, a pesar de la distancia, seguimos teniendo un fuerte sentimiento de afecto, arraigo y uni\u00f3n hacia nuestra tierra. Este sentimiento nada tiene que ver con las manifestaciones de determinados pol\u00edticos de una y otra comunidad, que tratan de manipular y enfrentar la opini\u00f3n p\u00fablica.<\/p>\n<p>En cuanto a c\u00f3mo nos ven los catalanes, yo har\u00eda una divisi\u00f3n motivada por el gran desconocimiento mutuo que se da entre las dos comunidades. Cuando escrib\u00ed el libro de viajes <em>Por el norte de Extremadura<\/em>.<em> De la Vera a las Hurdes<\/em>, hubo muchos amigos y conocidos catalanes que se lanzaron a la aventura de visitar nuestra tierra por primera vez. Cuando volv\u00edan ven\u00edan encantados y coincid\u00edan en la idea tan err\u00f3nea y equivocada que ten\u00edan de Extremadura.<\/p>\n<p><strong>Volviendo a Navalmoral, una \u00faltima cuesti\u00f3n, \u00bfcree que se pone suficientemente en valor a personajes hist\u00f3ricos como Antonio Mar\u00eda Concha, Urbano Gonz\u00e1lez Serrano o Emilio Luengo Arroyo? <\/strong>Me contaba el director de un colegio de Navalmoral que sent\u00eda verg\u00fcenza, porque lleg\u00f3 la televisi\u00f3n extreme\u00f1a y empez\u00f3 a preguntar qu\u00e9 sab\u00edan de estos grandes personajes que tanto prestigio dieron al pueblo y la gente se quedaba en blanco. Y es que se peca de una falta de autoestima, \u00a0de no sabe valorar lo que se tiene. Aunque sin llegar al prestigio de estos grandes personajes hist\u00f3ricos, yo dediqu\u00e9 una novela a Navalmoral,\u00a0 <em>Nostalgia de una pasi\u00f3n<\/em>, \u00a0una novela que en su d\u00eda se calific\u00f3 como <em>costumbrista e hist\u00f3rica, en la que se hace una gran labor arquitect\u00f3nica para dar a conocer c\u00f3mo era la poblaci\u00f3n en el siglo XX<\/em>. Curiosamente se puede leer en las bibliotecas de Catalu\u00f1a pero no en las de all\u00ed.<\/p>\n<p>En fin, como dec\u00eda el gran poeta Salvador Espriu: <em>No hace falta ir tan lejos a buscar la le\u00f1a, cuando tienes el bosque a la puerta de casa<\/em><\/p>\n<!-- AddThis Advanced Settings generic via filter on the_content --><!-- AddThis Share Buttons generic via filter on the_content -->","protected":false},"excerpt":{"rendered":"<p>Nacido en 1954, en Navalmoral de la Mata, Jos\u00e9 Luis Pablo S\u00e1nchez es un ejemplo m\u00e1s de extreme\u00f1o integrado en Catalunya, amante de su tierra de acogida, pero sin olvidar su Campo Ara\u00f1uelo natal. Profesor y literato, ha publicado obras de varios g\u00e9neros, desde la novela, al relato de viajes. Admirador de la figura de [&hellip;]<!-- AddThis Advanced Settings generic via filter on get_the_excerpt --><!-- AddThis Share Buttons generic via filter on get_the_excerpt --><\/p>\n","protected":false},"author":51,"featured_media":0,"comment_status":"open","ping_status":"closed","sticky":false,"template":"","format":"standard","meta":[],"categories":[7],"tags":[46,102,109,190,197,241,289,306,318,372,493,498,502,515,522],"_links":{"self":[{"href":"https:\/\/blogs.hoy.es\/catalanaconjamon\/wp-json\/wp\/v2\/posts\/145"}],"collection":[{"href":"https:\/\/blogs.hoy.es\/catalanaconjamon\/wp-json\/wp\/v2\/posts"}],"about":[{"href":"https:\/\/blogs.hoy.es\/catalanaconjamon\/wp-json\/wp\/v2\/types\/post"}],"author":[{"embeddable":true,"href":"https:\/\/blogs.hoy.es\/catalanaconjamon\/wp-json\/wp\/v2\/users\/51"}],"replies":[{"embeddable":true,"href":"https:\/\/blogs.hoy.es\/catalanaconjamon\/wp-json\/wp\/v2\/comments?post=145"}],"version-history":[{"count":0,"href":"https:\/\/blogs.hoy.es\/catalanaconjamon\/wp-json\/wp\/v2\/posts\/145\/revisions"}],"wp:attachment":[{"href":"https:\/\/blogs.hoy.es\/catalanaconjamon\/wp-json\/wp\/v2\/media?parent=145"}],"wp:term":[{"taxonomy":"category","embeddable":true,"href":"https:\/\/blogs.hoy.es\/catalanaconjamon\/wp-json\/wp\/v2\/categories?post=145"},{"taxonomy":"post_tag","embeddable":true,"href":"https:\/\/blogs.hoy.es\/catalanaconjamon\/wp-json\/wp\/v2\/tags?post=145"}],"curies":[{"name":"wp","href":"https:\/\/api.w.org\/{rel}","templated":true}]}}