{"id":15,"date":"2012-05-14T15:42:00","date_gmt":"2012-05-14T15:42:00","guid":{"rendered":"http:\/\/blogs.hoy.es\/catalanaconjamon\/2012\/05\/14\/catalanes-en-extremadura-1763-1872iii-las-companias-de-comercio\/"},"modified":"2012-05-14T15:42:00","modified_gmt":"2012-05-14T15:42:00","slug":"catalanes-en-extremadura-1763-1872iii-las-companias-de-comercio","status":"publish","type":"post","link":"https:\/\/blogs.hoy.es\/catalanaconjamon\/2012\/05\/14\/catalanes-en-extremadura-1763-1872iii-las-companias-de-comercio\/","title":{"rendered":">Catalanes en Extremadura (1763-1872)[III]: Las compa\u00f1\u00edas de comercio"},"content":{"rendered":"<p>><!--[if gte mso 9]>   Normal  0      21      false  false  false    ES  X-NONE  X-NONE                                       MicrosoftInternetExplorer4                                     <![endif]--><!--[if gte mso 9]>                                                                                                                                                                                                                                                                                    <![endif]--><!--[if gte mso 10]> \/* Style Definitions *\/  table.MsoNormalTable  {mso-style-name:\"Tabla normal\";  mso-tstyle-rowband-size:0;  mso-tstyle-colband-size:0;  mso-style-noshow:yes;  mso-style-priority:99;  mso-style-qformat:yes;  mso-style-parent:\"\";  mso-padding-alt:0cm 5.4pt 0cm 5.4pt;  mso-para-margin:0cm;  mso-para-margin-bottom:.0001pt;  mso-pagination:widow-orphan;  font-size:10.0pt;  font-family:\"Times New Roman\",\"serif\";} <![endif]--> <\/p>\n<div class=\"MsoNormal\" style=\"text-align: justify\"><b><span lang=\"ES-TRAD\">Tercer cap\u00edtulo en el que hemos dividido el art\u00edculo que da nombre a la serie <i>Catalanes en Extremadura (1763-1872<\/i>), escrito por el Catedr\u00e1tico de Historia Moderna de la Universidad de Extremadura, Miguel \u00c1ngel Mel\u00f3n, referido al asentamiento de diversas familias catalanas en la ciudad de C\u00e1ceres en las median\u00edas del siglo XVIII. Esta tercera entrega que publicamos hoy est\u00e1 dedicada a las denominadas compa\u00f1\u00edas de comercio.<\/span><\/b><\/div>\n<div class=\"MsoNormal\" style=\"text-align: justify\"><\/div>\n<table cellpadding=\"0\" cellspacing=\"0\" class=\"tr-caption-container\" style=\"float: left;margin-right: 1em;text-align: left\">\n<tbody>\n<tr>\n<td style=\"text-align: center\"><a href=\"http:\/\/2.bp.blogspot.com\/-7IXSAGuYYt4\/T7EmVaA-33I\/AAAAAAAABf4\/5TwEDzCmxnI\/s1600\/Soportales+CC.GIF\"><img loading=\"lazy\" border=\"0\" height=\"282\" src=\"\/\/2.bp.blogspot.com\/-7IXSAGuYYt4\/T7EmVaA-33I\/AAAAAAAABf4\/5TwEDzCmxnI\/s320\/Soportales+CC.GIF\" width=\"320\" \/><\/a><\/td>\n<\/tr>\n<tr>\n<td class=\"tr-caption\" style=\"text-align: center\">Varias compa\u00f1\u00edas se instalaron en la Plaza Mayor<\/td>\n<\/tr>\n<\/tbody>\n<\/table>\n<div class=\"MsoNormal\"><span lang=\"ES-TRAD\">La creaci\u00f3n de compa\u00f1\u00edas de comercio por parte de los catalanes supone un paso m\u00e1s en su consolidaci\u00f3n como grupo, es signo de la prosperidad que experimentaron y testimonio de la diversidad que adquirieron sus negocios. Dichas entidades comienzan a operar en C\u00e1ceres a finales del siglo XVIII, pero ser\u00e1 durante el primer tercio de la centuria siguiente cuando con mayor profusi\u00f3n desplieguen su actividad comercial. Dado que no es mucha la documentaci\u00f3n que de ellas se conserva, la reconstrucci\u00f3n de la historia de estas entidades mercantiles se ha llevado a cabo a trav\u00e9s de testimonios indirectos generados, en su mayor parte, por los problemas que se suscitaron en el momento de disolverse. Se llega as\u00ed a pormenorizar la existencia de once compa\u00f1\u00edas de comercio cuyas fechas de creaci\u00f3n o sus integrantes no siempre consiguen determinarse con la precisi\u00f3n que se quisiera. Son las siguientes: <\/span><br \/><span lang=\"ES-TRAD\"><\/span><\/div>\n<ul type=\"disc\">\n<li class=\"MsoNormal\"><b><span lang=\"ES-TRAD\">Jos\u00e9 Segura,      Hermanos e Hijo<\/span><\/b><\/li>\n<li class=\"MsoNormal\"><b><span lang=\"ES-TRAD\">Jos\u00e9 Valent\u00edn      Segura, Hijos y Compa\u00f1\u00eda<\/span><\/b><\/li>\n<li class=\"MsoNormal\"><b><span lang=\"ES-TRAD\">Valent\u00edn Segura,      Hermanos y Sobrinos<\/span><\/b><\/li>\n<li class=\"MsoNormal\"><b><span lang=\"ES-TRAD\">Juan Segura,      Hermanos y Sobrinos (f. s. XVIII-1818)<\/span><\/b><\/li>\n<\/ul>\n<div class=\"MsoNormal\"><span lang=\"ES-TRAD\"><span>&nbsp;&nbsp;&nbsp;&nbsp;&nbsp;&nbsp;&nbsp;&nbsp;&nbsp;&nbsp;&nbsp; <\/span>&#8211; Jos\u00e9 Segura y Tom\u00e1s<\/span><\/div>\n<div class=\"MsoNormal\"><span lang=\"ES-TRAD\"><span>&nbsp;&nbsp;&nbsp;&nbsp;&nbsp;&nbsp;&nbsp;&nbsp;&nbsp;&nbsp;&nbsp; <\/span>&#8211; Sim\u00f3n Ferrer y Segura<\/span><\/div>\n<div class=\"MsoNormal\"><span lang=\"ES-TRAD\"><span>&nbsp;&nbsp;&nbsp;&nbsp;&nbsp;&nbsp;&nbsp;&nbsp;&nbsp;&nbsp;&nbsp; <\/span>&#8211; Juan Segura<\/span><\/div>\n<div class=\"MsoNormal\"><span lang=\"ES-TRAD\"><span>&nbsp;&nbsp;&nbsp;&nbsp;&nbsp;&nbsp;&nbsp;&nbsp;&nbsp;&nbsp;&nbsp; <\/span>&#8211; Francisco Segura<\/span><\/div>\n<ul type=\"disc\">\n<li class=\"MsoNormal\"><b><span lang=\"ES-TRAD\">Fern\u00e1ndez Vilanova      (1817-1821)<\/span><\/b><\/li>\n<\/ul>\n<div class=\"MsoNormal\"><span lang=\"ES-TRAD\"><span>&nbsp;&nbsp;&nbsp;&nbsp;&nbsp;&nbsp;&nbsp;&nbsp;&nbsp;&nbsp;&nbsp; <\/span>&#8211; Herederos de Antonio Vilanova<\/span><\/div>\n<div class=\"MsoNormal\"><span lang=\"ES-TRAD\"><span>&nbsp;&nbsp;&nbsp;&nbsp;&nbsp;&nbsp;&nbsp;&nbsp;&nbsp;&nbsp;&nbsp; <\/span>&#8211; Casimiro Fern\u00e1ndez<\/span><\/div>\n<ul type=\"disc\">\n<li class=\"MsoNormal\"><b><span lang=\"ES-TRAD\">Jos\u00e9 Segura,      Hermanos y Sobrinos (1818-1822)<\/span><\/b><\/li>\n<\/ul>\n<div class=\"MsoNormal\"><span lang=\"ES-TRAD\"><span>&nbsp;&nbsp;&nbsp;&nbsp;&nbsp;&nbsp;&nbsp;&nbsp;&nbsp;&nbsp;&nbsp; <\/span>&#8211; Jos\u00e9 Segura y Tom\u00e1s<\/span><\/div>\n<div class=\"MsoNormal\"><span lang=\"ES-TRAD\"><span>&nbsp;&nbsp;&nbsp;&nbsp;&nbsp;&nbsp;&nbsp;&nbsp;&nbsp;&nbsp;&nbsp; <\/span>&#8211; Juan Ferrer y Segura<\/span><\/div>\n<div class=\"MsoNormal\"><span lang=\"ES-TRAD\"><span>&nbsp;&nbsp;&nbsp;&nbsp;&nbsp;&nbsp;&nbsp;&nbsp;&nbsp;&nbsp;&nbsp; <\/span>&#8211; Sim\u00f3n Ferrer y Segura<\/span><\/div>\n<div class=\"MsoNormal\"><span lang=\"ES-TRAD\"><span>&nbsp;&nbsp;&nbsp;&nbsp;&nbsp;&nbsp;&nbsp;&nbsp;&nbsp;&nbsp;&nbsp; <\/span>&#8211; Josefa Ferrer y Segura<\/span><\/div>\n<div class=\"MsoNormal\"><span lang=\"ES-TRAD\"><span>&nbsp;&nbsp;&nbsp;&nbsp;&nbsp;&nbsp;&nbsp;&nbsp;&nbsp;&nbsp;&nbsp; <\/span>&#8211; M\u00aa. de la Paz Ferrer y Segura<\/span><\/div>\n<ul type=\"disc\">\n<li class=\"MsoNormal\"><b><span lang=\"ES-TRAD\">Segura Soler,      Hermanos y Compa\u00f1\u00eda (1818-1828)<\/span><\/b><\/li>\n<\/ul>\n<div class=\"MsoNormal\"><span lang=\"ES-TRAD\"><span>&nbsp;&nbsp;&nbsp;&nbsp;&nbsp;&nbsp;&nbsp;&nbsp;&nbsp;&nbsp;&nbsp; <\/span>&#8211; Valent\u00edn Segura Soler<\/span><\/div>\n<div class=\"MsoNormal\"><span lang=\"ES-TRAD\"><span>&nbsp;&nbsp;&nbsp;&nbsp;&nbsp;&nbsp;&nbsp;&nbsp;&nbsp;&nbsp;&nbsp; <\/span>&#8211; Jos\u00e9 Segura Soler<\/span><\/div>\n<div class=\"MsoNormal\"><span lang=\"ES-TRAD\"><span>&nbsp;&nbsp;&nbsp;&nbsp;&nbsp;&nbsp;&nbsp;&nbsp;&nbsp;&nbsp;&nbsp; <\/span>&#8211; Isidro Guija<\/span><\/div>\n<ul type=\"disc\">\n<li class=\"MsoNormal\"><b><span lang=\"ES-TRAD\">Viuda de Segura      Tom\u00e1s y Compa\u00f1\u00eda (1825)<\/span><\/b><\/li>\n<\/ul>\n<div class=\"MsoNormal\"><span lang=\"ES-TRAD\"><span>&nbsp;&nbsp;&nbsp;&nbsp;&nbsp;&nbsp;&nbsp;&nbsp;&nbsp;&nbsp;&nbsp; <\/span>&#8211; Josefa Pujol<\/span><\/div>\n<div class=\"MsoNormal\"><span lang=\"ES-TRAD\"><span>&nbsp;&nbsp;&nbsp;&nbsp;&nbsp;&nbsp;&nbsp;&nbsp;&nbsp;&nbsp;&nbsp; <\/span>&#8211; Miguel Calaff y Ferrer<\/span><\/div>\n<ul type=\"disc\">\n<li class=\"MsoNormal\"><b><span lang=\"ES-TRAD\">Viuda de Segura      Tom\u00e1s, Hermano e Hijo (1828)<\/span><\/b><\/li>\n<\/ul>\n<div class=\"MsoNormal\"><span lang=\"ES-TRAD\"><span>&nbsp;&nbsp;&nbsp;&nbsp;&nbsp;&nbsp;&nbsp;&nbsp;&nbsp;&nbsp;&nbsp; <\/span>&#8211; Josefa Pujol<\/span><\/div>\n<div class=\"MsoNormal\"><span lang=\"ES-TRAD\"><span>&nbsp;&nbsp;&nbsp;&nbsp;&nbsp;&nbsp;&nbsp;&nbsp;&nbsp;&nbsp;&nbsp; <\/span>&#8211; Roque Pujol<\/span><\/div>\n<div class=\"MsoNormal\"><span lang=\"ES-TRAD\">-Miguel Calaff y Ferrer<\/span><\/div>\n<ul type=\"disc\">\n<li class=\"MsoNormal\"><b><span lang=\"ES-TRAD\">Compa\u00f1\u00eda de      comercio de Miguel y Jos\u00e9 Calaff y Ferrer (1832)<\/span><\/b><\/li>\n<\/ul>\n<div class=\"MsoNormal\"><span lang=\"ES-TRAD\"><span>&nbsp;&nbsp;&nbsp;&nbsp;&nbsp;&nbsp;&nbsp;&nbsp;&nbsp;&nbsp;&nbsp; <\/span>&#8211; Miguel Calaff y Ferrer<\/span><\/div>\n<div class=\"MsoNormal\"><span lang=\"ES-TRAD\"><span>&nbsp;&nbsp;&nbsp;&nbsp;&nbsp;&nbsp;&nbsp;&nbsp;&nbsp;&nbsp;&nbsp; <\/span>&#8211; Jos\u00e9 Policarpo Calaff y Ferrer<\/span><\/div>\n<ul type=\"disc\">\n<li class=\"MsoNormal\"><b><span lang=\"ES-TRAD\">Compa\u00f1\u00eda de      comercio de Miguel Calaff y Ferrer (m. s. XIX)<\/span><\/b><\/li>\n<\/ul>\n<div class=\"MsoNormal\"><b><span lang=\"ES-TRAD\"><span>&nbsp;&nbsp;&nbsp;&nbsp;&nbsp;&nbsp;&nbsp;&nbsp;&nbsp;&nbsp;&nbsp; <\/span><\/span><\/b><span lang=\"ES-TRAD\">&#8211; Miguel Calaff y Ferrer<\/span><\/div>\n<div class=\"MsoNormal\"><span lang=\"ES-TRAD\"><span>&nbsp;&nbsp;&nbsp;&nbsp;&nbsp;&nbsp;&nbsp;&nbsp;&nbsp;&nbsp;&nbsp; <\/span>&#8211; Jos\u00e9 Garc\u00eda Vinuesa<\/span><\/div>\n<div class=\"MsoNormal\"><span lang=\"ES-TRAD\"><span>&nbsp;&nbsp;&nbsp;&nbsp;&nbsp;&nbsp;&nbsp;&nbsp;&nbsp;&nbsp;&nbsp; <\/span>&#8211; Vicente Garc\u00eda Olalla<\/span><\/div>\n<div class=\"MsoNormal\"><\/div>\n<div class=\"MsoNormal\"><span lang=\"ES-TRAD\">Se trata, en la mayor parte de los casos, de compa\u00f1\u00edas integradas por los primeros catalanes que llegaron a C\u00e1ceres y por sus descendientes. No era habitual que dieran entrada en ellas a individuos ajenos al tronco familiar, excepci\u00f3n hecha de la fundada por los herederos de Antonio Vilanova, quienes incorporan al que hab\u00eda sido su cajero, Casimiro Fern\u00e1ndez, en atenci\u00f3n a \u201csu pericia e inteligencia en el comercio, mediante de haver servido en este destino con el mencionado Don Antonio Vilanova el tiempo de m\u00e1s de doze a\u00f1os, conduci\u00e9ndose con entera honradez, providad y pureza\u201d. La otra excepci\u00f3n la protagoniza el todopoderoso lanero Miguel Calaff y Ferrer, en cuya empresa figuran como socios durante la segunda mitad del siglo XIX Jos\u00e9 Garc\u00eda Vinuesa y Vicente Garc\u00eda Olalla, s\u00edmbolo de la comunidad de intereses que se hab\u00eda dado entre los individuos procedentes de otras migraciones, tambi\u00e9n selectivas, como la que tuvo su origen en los Cameros logro\u00f1eses.<\/span><\/div>\n<div class=\"MsoNormal\"><span lang=\"ES-TRAD\">Estas entidades comerciales traficaban con productos de la tierra y con otros de la m\u00e1s variada procedencia y su radio de actuaci\u00f3n raramente se limitaba al siempre constre\u00f1ido espacio regional. Madrid, Catalu\u00f1a, Levante, los puertos andaluces, vascos o portugueses eran punto de destino de sus mercanc\u00edas, pero tambi\u00e9n lugar de aprovisionamiento de los g\u00e9neros que expon\u00edan en sus tiendas. No obstante, y pese a darse en todas ellas unas caracter\u00edsticas muy similares, en cuanto a composici\u00f3n y funcionamiento, conviene analizarlas por separado para fijar con detalle las peculiaridades de su configuraci\u00f3n.<\/span><\/div>\n<div class=\"MsoNormal\"><\/div>\n<div class=\"MsoNormal\"><span lang=\"ES-TRAD\">De la primera sociedad mercantil formada por catalanes que recogen noticias fiables los protocolos cacere\u00f1os es de la denominada <i>Juan Segura, Hermanos y Sobrinos<\/i>, cuya historia transcurre entre finales del siglo XVIII y 1818, a\u00f1o de su disoluci\u00f3n. Como fondo de la sociedad se relacionan la casa n\u00famero 17 del Portal Llano, en la Plaza Mayor, cinco inmuebles urbanos y parte de otro que se utilizaba como f\u00e1brica de jaboner\u00eda; 546 mrs. de participaci\u00f3n repartidos entre las dehesas de las Capellan\u00edas, Arenal de Delgadillo y Arenal de Loa\u00edsa; una parte del denominado \u201cOlivar de los catalanes\u201d; algunas cabezas de ganado que no se especifican y una casa en Sevilla, la n\u00famero 19 del sitio denominado del Peladero. Dicho capital pas\u00f3 ese mismo a\u00f1o a formar parte de otra nueva sociedad, la <i>Jos\u00e9 Segura, Hermanos y Sobrinos<\/i>, integrada por Jos\u00e9 Segura y los hijos de Sim\u00f3n Ferrer y Segura. Su duraci\u00f3n se fija en un per\u00edodo de seis a\u00f1os, a contar desde el 1 de enero de 1818, pero al poco de crearse esta sociedad, en 1822, se proced\u00eda a su disoluci\u00f3n ante los problemas que atravesaba, llegando sus socios a los compromisos que se relacionan a continuaci\u00f3n:<\/span><\/div>\n<div class=\"MsoNormal\"><span lang=\"ES-TRAD\">1. Para la separaci\u00f3n de los fondos de la compa\u00f1\u00eda \u201cdispusieron de com\u00fan acuerdo no se hicieren balances para saber si hab\u00eda habido utilidades o p\u00e9rdidas en la Sociedad, tanto por estar todos cre\u00eddos que probablemente m\u00e1s bien resultar\u00edan p\u00e9rdidas que utilidades, como de no hacerlos se segu\u00eda a todos mutua comodidad\u201d. <\/span><\/div>\n<div class=\"MsoNormal\"><span lang=\"ES-TRAD\">2. En virtud de dicho acuerdo se convienen en aceptar como pago de sus haberes los g\u00e9neros de tienda, dinero y ganados que quedasen.<\/span><\/div>\n<div class=\"MsoNormal\"><span lang=\"ES-TRAD\">3. Pese a que el capital de los hijos de Sim\u00f3n Ferrer y Segura en 1817 se tas\u00f3 en 208.560 reales en g\u00e9neros, fincas y ganados lanares, convinieron recibir de su t\u00edo (Jos\u00e9 Segura y Tom\u00e1s) y de su hermano (Juan Ferrer y Segura) la cantidad de 146.882 reales en los g\u00e9neros expresados en el cap\u00edtulo segundo.<\/span><\/div>\n<div class=\"MsoNormal\"><span lang=\"ES-TRAD\">4. Quedar\u00edan para Sim\u00f3n, Josefa y Mar\u00eda de la Paz Ferrer y Segura las rentas de las casas y fincas percibidas desde el 29 de Junio de 1821, pero tambi\u00e9n de su cuenta y riesgo correr\u00edan las 318 cabezas lanares que pertenec\u00edan por entonces a la sociedad. Dicha caba\u00f1a continuar\u00eda administrada hasta la misma fecha del a\u00f1o siguiente por Jos\u00e9 Segura y Tom\u00e1s, quien abonar\u00eda a todos los interesados la lana, el queso y las cr\u00edas que hubiera hasta la partici\u00f3n.<\/span><\/div>\n<div class=\"MsoNormal\"><span lang=\"ES-TRAD\">5. Todos se dan por pagados de lo que les correspond\u00eda de la sociedad, quedando las deudas a cargo de Jos\u00e9 Segura y Tom\u00e1s y de Juan Ferrer y Segura, a no ser que alguna se hubiera originado con los negocios particulares de Sim\u00f3n Ferrer y Segura.<\/span><\/div>\n<div class=\"MsoNormal\"><span lang=\"ES-TRAD\">6. Por \u00faltimo, se detallan las propiedades pertenecientes a Sim\u00f3n, Josefa y Mar\u00eda de la Paz Ferrer y Segura: cinco casas en la calle de Santa B\u00e1rbara y de la Santa Cruz, procedentes de la extinguida compa\u00f1\u00eda de Juan Segura, Hermanos y Sobrinos; la parte de la casa que pose\u00eda en Sevilla y las rentas de yerbas que disfrutaban en las mencionadas dehesas cacere\u00f1as.<\/span><\/div>\n<div class=\"MsoNormal\"><\/div>\n<div class=\"MsoNormal\"><span lang=\"ES-TRAD\">Un a\u00f1o antes del final y del principio, respectivamente, de estas dos sociedades eran los herederos del comerciante catal\u00e1n Antonio Vilanova quienes, en uni\u00f3n del cajero de su padre, fundaban la <i>Compa\u00f1\u00eda Fern\u00e1ndez-Vilanova<\/i>, seg\u00fan atestigua un protocolo del 26 de noviembre de 1817, con sede en el Portal empedrado de la Plaza Mayor de C\u00e1ceres y bajo las siguientes condiciones:<\/span><\/div>\n<div class=\"MsoNormal\"><span lang=\"ES-TRAD\">1. El capital inicial de la sociedad ascend\u00eda a 75.948 reales y 7 mrs., procedentes de g\u00e9neros de tienda (72.171 reales y 24 mrs.), valor de los mostradores y estantes (1.455 reales), pesos y romanas (511 reales) y diferentes efectos de la casa (1.810 reales y 17 mrs.).<\/span><\/div>\n<div class=\"MsoNormal\"><span lang=\"ES-TRAD\">2. La aportaci\u00f3n de Casimiro Fern\u00e1ndez y su esposa era de 18.200 reales, a los que ven\u00edan a a\u00f1adirse 57.748 reales y 7 mrs. de la menor Josefa Antonia Dom\u00ednguez Reyes, hija de Manuel Dom\u00ednguez y Josefa Reyes, esposa \u00e9sta en segundas nupcias de Casimiro Fern\u00e1ndez y heredera tambi\u00e9n de Antonio Vilanova.<\/span><\/div>\n<div class=\"MsoNormal\"><span lang=\"ES-TRAD\">3. En consideraci\u00f3n a que todo el trabajo de la sociedad recaer\u00eda en Casimiro Fern\u00e1ndez, a \u00e9l corresponder\u00edan dos terceras partes de las utilidades y el resto a los herederos de Vilanova. Se dispone que igual proceder se seguir\u00eda de haber p\u00e9rdidas y que todos ellos se mantendr\u00edan de los beneficios de la sociedad.<\/span><\/div>\n<div class=\"MsoNormal\"><span lang=\"ES-TRAD\">4. Casimiro Fern\u00e1ndez se obliga a presentar todos los a\u00f1os el correspondiente balance \u201cpara acordar en su vista lo que se crea conveniente para su maior fomento y utilidades\u201d.<\/span><\/div>\n<div class=\"MsoNormal\"><span lang=\"ES-TRAD\">5. Si Josefa Antonia Dom\u00ednguez Reyes falleciera antes de los nueve a\u00f1os, pasar\u00eda a formar parte de la entidad hasta su finalizaci\u00f3n el tambi\u00e9n comerciante catal\u00e1n Manuel Busquet.<\/span><\/div>\n<div class=\"MsoNormal\"><span lang=\"ES-TRAD\">6. Por ning\u00fan motivo podr\u00edan extraerse cantidades del fondo social de la compa\u00f1\u00eda por Casimiro Fern\u00e1ndez o sus herederos durante los nueve a\u00f1os que especificaba el contrato, y s\u00f3lo se les autorizaba si lo necesitaban para su manutenci\u00f3n o para la adquisici\u00f3n de g\u00e9neros de comercio, \u201cpara que de este modo se vaia aumentando siempre el fondo de dicha sociedad y sean maiores por consiguiente las utilidades\u201d.<\/span><\/div>\n<div class=\"MsoNormal\"><span lang=\"ES-TRAD\">7. Al disolverse, cada parte recuperar\u00eda sus porciones de capital y las ganancias obtenidas, bien en efectivo o en g\u00e9neros de tienda y bienes muebles.<\/span><\/div>\n<div class=\"MsoNormal\"><span lang=\"ES-TRAD\">&nbsp;La trayectoria de esta casa de comercio se ver\u00eda interrumpida de forma brusca con el fallecimiento en 1819 de su principal impulsor, Casimiro Fern\u00e1ndez. Las noticias que se conservan sobre el asunto s\u00f3lo permiten saber que el \u00f3bito se debi\u00f3 a una \u201cenfermedad contagiosa\u201d sin determinar y que los rumores sobre el posible contagio de los g\u00e9neros de tienda se extendieron pronto por C\u00e1ceres, hasta el extremo de que la venta de las existencias s\u00f3lo podr\u00eda efectuarse despu\u00e9s de pasado un tiempo, en secreto y a individuos forasteros. En octubre de 1821 se proced\u00eda al finiquito de la sociedad, aceptando para ello unas p\u00e9rdidas de 7.458 reales y 23 mrs.<\/span><\/div>\n<div class=\"MsoNormal\"><\/div>\n<div class=\"MsoNormal\"><span lang=\"ES-TRAD\">Del a\u00f1o 1825 data la creaci\u00f3n de la casa de comercio nominada <i>Viuda de Segura Tom\u00e1s y Compa\u00f1\u00eda<\/i>, de la que formaron parte inicialmente Josefa Pujol (esposa del difunto Jos\u00e9 Segura y Tom\u00e1s), y su yerno, Miguel Calaff y Ferrer. Al fondo social de la entidad pasaron los bienes dejados por Segura y la dote de su esposa. Un tiempo despu\u00e9s se admite en ella al hermano de la viuda, Roque Pujol, quien aport\u00f3 64.666 reales y 24 mrs., dando origen a la compa\u00f1\u00eda <i>Viuda de Segura Tom\u00e1s, Hermano e Hijo<\/i>. A partir de aqu\u00ed se iniciaron las desavenencias entre los socios hasta culminar con su disoluci\u00f3n, \u201dpor motivos que no hay necesidad de referir\u201d, pero que suponemos provocados por la falta de entendimiento entre suegra y yerno. Ha de intervenir entonces el Corregidor de C\u00e1ceres y en 1832, al no haberse realizado inventario y partici\u00f3n de los bienes de Jos\u00e9 Segura, encuentran bastantes dificultades para repartir los cr\u00e9ditos y g\u00e9neros de la tienda, \u201cque tanto var\u00edan en especies y cantidades despu\u00e9s de pasados algunos a\u00f1os\u201d. Tras mediar tres vecinos de la ciudad, se acuerda inventariar lo existente en 1832 y deducir la dote de la viuda, para de ese modo determinar el valor aproximado de los bienes heredados de Jos\u00e9 Segura y Tom\u00e1s y finiquitar la partici\u00f3n.<\/span><\/div>\n<div class=\"MsoNormal\"><\/div>\n<div class=\"MsoNormal\"><span lang=\"ES-TRAD\">El 31 de enero de 1828 conclu\u00eda su andadura la entidad mercantil <i>Segura Soler, Hermanos y Compa\u00f1\u00eda,<\/i> tras diez a\u00f1os de operar en C\u00e1ceres como el segundo centro m\u00e1s reputado en los tratos de lanas y el mercado crediticio. De ella formaban parte los hermanos Valent\u00edn y Jos\u00e9 Segura Soler y, circunstancia poco frecuente seg\u00fan se vio, el tambi\u00e9n comerciante Isidro Guija. La escritura que refleja su disoluci\u00f3n \u00fanicamente se\u00f1ala que se llev\u00f3 a cabo \u201cen raz\u00f3n a estar cumplido el tiempo por que se form\u00f3\u201d, pero mucho me temo que en tal decisi\u00f3n pesaran razones de otra \u00edndole. El convenio se materializ\u00f3 en torno a estos siete puntos:<\/span><\/div>\n<div class=\"MsoNormal\"><span lang=\"ES-TRAD\">1. Quedaba disuelta la compa\u00f1\u00eda desde el \u00faltimo balance, concluido el 1 de agosto de 1827, si bien hasta el 6 de mayo de 1828 no se proceder\u00eda a su liquidaci\u00f3n total.<\/span><\/div>\n<div class=\"MsoNormal\"><span lang=\"ES-TRAD\">2. Desde esta \u00faltima fecha se autorizaba a los socios a emprender libremente cualquier clase de negocio, siempre y cuando no se usaran los fondos de la compa\u00f1\u00eda ni se sirvieran de sus dependientes.<\/span><\/div>\n<div class=\"MsoNormal\"><span lang=\"ES-TRAD\">3. Se autorizaba a Jos\u00e9 Segura Soler a disponer de 15.000 reales anuales y lo que correspondiera proporcionalmente de esta cantidad a Valent\u00edn Segura en relaci\u00f3n al capital por \u00e9l aportado.<\/span><\/div>\n<div class=\"MsoNormal\"><span lang=\"ES-TRAD\">4. Jos\u00e9 Segura pasar\u00eda a Catalu\u00f1a y el 6 de mayo de 1828 deb\u00eda presentarse en C\u00e1ceres, por s\u00ed o mediante apoderado, para concluir la liquidaci\u00f3n de la sociedad y la divisi\u00f3n de sus bienes. De no hacerlo, se facultaba a la Justicia real ordinaria y a los Jueces de la Real Audiencia de Extremadura para que designaran a las personas que representaran a ambos socios.<\/span><\/div>\n<div class=\"MsoNormal\"><span lang=\"ES-TRAD\">5. Como los bienes de la sociedad pertenec\u00edan a los dos hermanos, quedaba separado de ella Isidro Guija, previo pago del sueldo que le correspondiera por su trabajo.<\/span><\/div>\n<div class=\"MsoNormal\"><span lang=\"ES-TRAD\">6. Se permit\u00eda a Valent\u00edn Segura y su familia permanecer en la casa tienda de la sociedad, mantenidos del fondo de la misma, pero siendo de su cuenta \u201ccalzar, vestir, maestros, diversiones e instrumentos\u201d.<\/span><\/div>\n<div class=\"MsoNormal\"><span lang=\"ES-TRAD\">7. Al regreso de Jos\u00e9 Segura de Catalu\u00f1a se le abonar\u00edan, si no comiera en la casa de la sociedad, seis reales diarios hasta finales de julio de 1828.<\/span><\/div>\n<div class=\"MsoNormal\"><span lang=\"ES-TRAD\">Pese a todo lo estipulado, no tardaron en sobrevenir las diferencias entre ambos hermanos, a las cuales quiso permanecer ajeno Isidro Guija por expreso deseo. Se conviene para ello \u201cen separarse absolutamente, como desde ahora se separa, de todos los derechos y acciones que puedan corresponderle en el concepto de tal socio, tanto por las reclamaciones del capital que introdujo en susodicha compa\u00f1\u00eda sin utilidades o p\u00e9rdidas, como por los salarios y manutenci\u00f3n de su mujer y familia, como tambi\u00e9n lo que por qualquiera otro concepto pueda resultar\u201d. De esta parte del acuerdo s\u00f3lo consta que lo cumpliera Valent\u00edn Segura, previo compromiso de entregarle 7.630 reales en un a\u00f1o. Estas son las \u00faltimas noticias que he localizado en C\u00e1ceres a prop\u00f3sito de las compa\u00f1\u00edas comerciales formadas por catalanes, tras el vaciado sistem\u00e1tico de los fondos de los escribanos ante los que habitualmente registraban sus escrituras y de cuantos protocolos notariales se conservan hasta mediados del siglo XIX.<\/span><\/div>\n<!-- AddThis Advanced Settings generic via filter on the_content --><!-- AddThis Share Buttons generic via filter on the_content -->","protected":false},"excerpt":{"rendered":"<p>> Tercer cap\u00edtulo en el que hemos dividido el art\u00edculo que da nombre a la serie Catalanes en Extremadura (1763-1872), escrito por el Catedr\u00e1tico de Historia Moderna de la Universidad de Extremadura, Miguel \u00c1ngel Mel\u00f3n, referido al asentamiento de diversas familias catalanas en la ciudad de C\u00e1ceres en las median\u00edas del siglo XVIII. Esta tercera [&hellip;]<!-- AddThis Advanced Settings generic via filter on get_the_excerpt --><!-- AddThis Share Buttons generic via filter on get_the_excerpt --><\/p>\n","protected":false},"author":51,"featured_media":0,"comment_status":"open","ping_status":"closed","sticky":false,"template":"","format":"standard","meta":[],"categories":[6],"tags":[],"_links":{"self":[{"href":"https:\/\/blogs.hoy.es\/catalanaconjamon\/wp-json\/wp\/v2\/posts\/15"}],"collection":[{"href":"https:\/\/blogs.hoy.es\/catalanaconjamon\/wp-json\/wp\/v2\/posts"}],"about":[{"href":"https:\/\/blogs.hoy.es\/catalanaconjamon\/wp-json\/wp\/v2\/types\/post"}],"author":[{"embeddable":true,"href":"https:\/\/blogs.hoy.es\/catalanaconjamon\/wp-json\/wp\/v2\/users\/51"}],"replies":[{"embeddable":true,"href":"https:\/\/blogs.hoy.es\/catalanaconjamon\/wp-json\/wp\/v2\/comments?post=15"}],"version-history":[{"count":0,"href":"https:\/\/blogs.hoy.es\/catalanaconjamon\/wp-json\/wp\/v2\/posts\/15\/revisions"}],"wp:attachment":[{"href":"https:\/\/blogs.hoy.es\/catalanaconjamon\/wp-json\/wp\/v2\/media?parent=15"}],"wp:term":[{"taxonomy":"category","embeddable":true,"href":"https:\/\/blogs.hoy.es\/catalanaconjamon\/wp-json\/wp\/v2\/categories?post=15"},{"taxonomy":"post_tag","embeddable":true,"href":"https:\/\/blogs.hoy.es\/catalanaconjamon\/wp-json\/wp\/v2\/tags?post=15"}],"curies":[{"name":"wp","href":"https:\/\/api.w.org\/{rel}","templated":true}]}}