{"id":150,"date":"2013-06-11T06:43:30","date_gmt":"2013-06-11T04:43:30","guid":{"rendered":"http:\/\/blogs.hoy.es\/catalanaconjamon\/?p=150"},"modified":"2013-06-11T06:43:30","modified_gmt":"2013-06-11T04:43:30","slug":"el-rincon-extremeno-un-pedazo-de-extremadura-en-las-ondas-radiofonicas-de-catalunya","status":"publish","type":"post","link":"https:\/\/blogs.hoy.es\/catalanaconjamon\/2013\/06\/11\/el-rincon-extremeno-un-pedazo-de-extremadura-en-las-ondas-radiofonicas-de-catalunya\/","title":{"rendered":"\u201cEl Rinc\u00f3n Extreme\u00f1o\u201d, un pedazo de Extremadura en las ondas radiof\u00f3nicas de Catalunya"},"content":{"rendered":"<a href=\"\/catalanaconjamon\/wp-content\/uploads\/sites\/49\/2013\/06\/Tiny-2.jpg\"><img loading=\"lazy\" class=\" wp-image-151\" title=\"Tiny (2)\" src=\"\/catalanaconjamon\/wp-content\/uploads\/sites\/49\/2013\/06\/Tiny-2.jpg\" alt=\"\" width=\"641\" height=\"478\" srcset=\"https:\/\/static-blogs.hoy.es\/wp-content\/uploads\/sites\/49\/2013\/06\/Tiny-2.jpg 778w, https:\/\/static-blogs.hoy.es\/wp-content\/uploads\/sites\/49\/2013\/06\/Tiny-2-300x224.jpg 300w, https:\/\/static-blogs.hoy.es\/wp-content\/uploads\/sites\/49\/2013\/06\/Tiny-2-768x574.jpg 768w\" sizes=\"(max-width: 641px) 100vw, 641px\" \/><\/a>\n<p><strong>Desde 1997, todos los s\u00e1bados por la ma\u00f1ana un pedacito de Extremadura se cuela en el panorama radiof\u00f3nico de Catalunya. Se trata del programa <a href=\"https:\/\/www.facebook.com\/pages\/El-Rinc%C3%B3n-Extreme%C3%B1o-Radio-Uni%C3%B3n-Catalu%C3%B1a\/350807025011597?fref=ts\"><em>El Rinc\u00f3n Extreme\u00f1o<\/em><\/a>, que dirige y presenta <a href=\"https:\/\/www.facebook.com\/tinygragera?fref=ts\">Agust\u00edn Gragera Llopis<\/a>, Tiny para los amigos, un barcelon\u00e9s con ascendientes de Aceuchal. De sus 20 \u00f3 25 minutos al inicio, se ha pasado a las 3 horas actuales, en las que con un amplio equipo de colaboradores en la propia Extremadura, acercan m\u00faltiples aspectos de la realidad extreme\u00f1a a la audiencia de Barcelona y de sus alrededores, a trav\u00e9s de las ondas de <a href=\"https:\/\/www.facebook.com\/radiounion?fref=ts\">Radio Uni\u00f3n Catalunya<\/a>, tanto por F.M., como por internet.<\/strong><\/p>\n<p>Fundada en 1982 por <strong>Mario Fern\u00e1ndez<\/strong>, como Radio Fono Taxi, la emisora adquiri\u00f3 su nombre actual, Radio Uni\u00f3n Catalunya, tras su reapertura en 1997. Ocupa la s\u00e9ptima planta de un edificio en la calle Almog\u00e0vers de Barcelona, en una zona que se ha revitalizado por su apertura al mar a trav\u00e9s de la Villa Ol\u00edmpica y por su dotaci\u00f3n de nuevos equipamientos, como el cercano Teatre Nacional de Catalunya o una de las sedes de la Universitat Pompeu Fabra, en las traseras del Zoo de Barcelona.<\/p>\n<p>Es aqu\u00ed donde con toda amabilidad me recibe <strong>Tiny Gragera<\/strong>, un rato antes de comenzar el programa que pone en antena todas las tardes, de lunes a viernes, entre las 18 y las 21 horas: <em>El Asfalto<\/em>.<\/p>\n<p>Tiny naci\u00f3 en Barcelona ciudad, el 22 de agosto de 1955. Su familia era originaria de la localidad pacense de Aceuchal. Tanto su padre,<strong> Agust\u00edn Gragera Mu\u00f1oz<\/strong>, como su t\u00edo, el poeta <strong>Jos\u00e9 Gragera Mu\u00f1oz<\/strong>, fueron miembros muy activos del Hogar Extreme\u00f1o de Barcelona. Y es por ah\u00ed donde comienza la vinculaci\u00f3n m\u00e1s directa de Tiny con la tierra de sus progenitores. <em>A los 15 a\u00f1os<\/em>-me explica- <em>me incorpor\u00e9 al equipo de f\u00fatbol del Hogar Extreme\u00f1o de Barcelona. Ese fue el primer paso y,\u00a0 a partir de ah\u00ed, he estado cerca de 30 a\u00f1os relacionado con el hogar, formando parte de diversas directivas y colaborando en su actividad<\/em>.<\/p>\n<p>Los lazos con Extremadura tambi\u00e9n los mantiene a trav\u00e9s del matrimonio, ya que su mujer es natural de Corte de Peleas, tambi\u00e9n muy cerca de Aceuchal, a donde suelen ir de visita por lo menos una vez al a\u00f1o, siempre que pueden.<\/p>\n<div id=\"attachment_152\" style=\"width: 264px\" class=\"wp-caption alignleft\"><a href=\"\/catalanaconjamon\/wp-content\/uploads\/sites\/49\/2013\/06\/Tiny-1.jpg\"><img aria-describedby=\"caption-attachment-152\" loading=\"lazy\" class=\" wp-image-152\" title=\"Tiny (1)\" src=\"\/catalanaconjamon\/wp-content\/uploads\/sites\/49\/2013\/06\/Tiny-1.jpg\" alt=\"\" width=\"254\" height=\"341\" srcset=\"https:\/\/static-blogs.hoy.es\/wp-content\/uploads\/sites\/49\/2013\/06\/Tiny-1.jpg 484w, https:\/\/static-blogs.hoy.es\/wp-content\/uploads\/sites\/49\/2013\/06\/Tiny-1-224x300.jpg 224w\" sizes=\"(max-width: 254px) 100vw, 254px\" \/><\/a><p id=\"caption-attachment-152\" class=\"wp-caption-text\">En la puerta del estudio de Radio Uni\u00f3n Catalunya.<\/p><\/div>\n<p>Profesionalmente Tiny entr\u00f3 en los a\u00f1os 70 como administrativo en los Laboratorios Inibsa, dedicados a productos farmac\u00e9utico-sanitarios, primero en Barcelona y desde 1978 en la localidad de Lli\u00e7\u00e0 de Vall. Durante 35 a\u00f1os Tiny trabaj\u00f3 en esta empresa, llegando a hacer las funciones de lo que hoy ser\u00eda un director de log\u00edstica. Fue as\u00ed hasta que en 2005, fruto de uno de los m\u00faltiples ajustes laborales impulsados en Espa\u00f1a, se encontr\u00f3 en paro, en casa con 50 a\u00f1os y demasiado tiempo disponible. Sus dos hijas y su hijo ya eran mayores y no necesitaban tantas atenciones, como cuando al mediod\u00eda se cruzaba poco menos que en la calle con su mujer y hac\u00edan cambio de turno para atenderles: <em>cada d\u00eda me levantaba a las cinco y media de la ma\u00f1ana, para coger el autob\u00fas que nos llevaba hasta la f\u00e1brica. Hacia las tres de la tarde te tra\u00edan de vuelta y yo sol\u00eda cruzarme por la calle con mi mujer, porque ella trabajaba de tarde. Hac\u00edamos el intercambio de ni\u00f1os y ya me quedaba con ellos, jugaba, les ayudaba con los deberes, etc.<\/em><\/p>\n<p><strong>\u00a0LA RADIO: TABLA DE SALVACI\u00d3N<\/strong><\/p>\n<p>Tiny ya llevaba tiempo colaborando con la radio. En 1997, tras la reapertura de la emisora bajo su actual denominaci\u00f3n de Radio Uni\u00f3n Catalunya, desde el Hogar Extreme\u00f1o de Barcelona le invitaron a participar en un peque\u00f1o espacio que la radio les brindaba los s\u00e1bados por la ma\u00f1ana para hablar de actividades, recetas, deportes, lecturas de poes\u00edas, etc. Tiny accedi\u00f3 y as\u00ed comenz\u00f3 una andadura que le ha tra\u00eddo hasta nuestros d\u00edas.<\/p>\n<p>Lo que inicialmente era una breve ventana de 20 \u00f3 25 minutos, inserta en otro programa, fue adquiriendo vida y dimensiones propias, pasando ya a finales de 1997 a tener nombre propio, <em>El Rinc\u00f3n Extreme\u00f1o<\/em>, y ampliar su duraci\u00f3n hasta la hora. En 2000 se ampli\u00f3 a 2 horas y desde julio de 2009 ocupa las tres horas actuales, los s\u00e1bados de 9 a 12 de la ma\u00f1ana.<\/p>\n<p>Esta experiencia radiof\u00f3nica es la que le sirvi\u00f3 de tabla de salvaci\u00f3n al prejubilarse. <em>La radio <\/em>\u2013asegura- <em>me ha servido para no quedarme en casa comi\u00e9ndome el coco. Como Mario Fern\u00e1ndez y yo nos conoc\u00edamos desde hac\u00eda muchos a\u00f1os, me ofreci\u00f3 la posibilidad de ampliar nuestra colaboraci\u00f3n y que me hiciera cargo de un programa diario. Y as\u00ed fue. Todos los d\u00edas, de lunes a viernes, de 18 a 21 horas, hago un programa de m\u00fasica, entrevistas y contenidos varios que se llama El Asfalto<\/em>. <em>Lo hago de forma totalmente desinteresada, pero me permite mantenerme activo y haciendo algo que me gusta. Las ma\u00f1anas las dedico a todas las gestiones que conlleva el programa, subirlo a internet, organizar las entrevistas, hacer llamadas, etc. Y por la tardes, durante tres horas estoy en antena.<\/em><\/p>\n<p>Sin embargo, por lo que es m\u00e1s conocido y reconocido, y lo que a otro nivel tambi\u00e9n le reporta m\u00e1s satisfacciones, es por <em>El Rinc\u00f3n Extreme\u00f1o<\/em>, que se emite todos los s\u00e1bados en directo, de 9 a 12 horas, y que tambi\u00e9n se puede seguir a trav\u00e9s de internet y Facebook.<\/p>\n<p>Actualmente el programa cuenta con un importante n\u00famero de colaboradores que participan semanalmente desde Extremadura. Tiny no quiere dejarse a nadie en el tintero y por ello desgrana pormenorizadamente las secciones y protagonistas del mismo. <em>La primera hora, de 9 a 10 <\/em>\u2013indica-<em>, la llevamos entre <strong>M\u00aa \u00c1ngeles Moreno<\/strong>, que es de Barcarrota, y yo. Dedicamos la hora a las noticias de actualidad sobre la regi\u00f3n, la explicaci\u00f3n de alg\u00fan cuento o leyenda por su parte, alguna receta t\u00edpica extreme\u00f1a, la descripci\u00f3n de alguna ruta, etc. Posteriormente, de 10 a 10.30 horas, contamos con la colaboraci\u00f3n del antrop\u00f3logo cacere\u00f1o <strong>Manuel Trinidad Mart\u00edn<\/strong>, con la secci\u00f3n \u201cVoz de mi tierra\u201d, en la que se divulgan diferentes aspectos sobre la cultura extreme\u00f1a. Tras \u00e9l, interviene desde Valdelacalzad,<strong> Ismael Carmona Garc\u00eda<\/strong>, profesor de lat\u00edn y griego Presidente del \u00d3rgano de Seguimiento y Coordinaci\u00f3n del Extreme\u00f1o y su Cultura, que en la secci\u00f3n \u201cHabla extreme\u00f1a\u201d, comenta cada semana el significado de algunas palabras extreme\u00f1as.<\/em><\/p>\n<div id=\"attachment_153\" style=\"width: 506px\" class=\"wp-caption alignright\"><a href=\"\/catalanaconjamon\/wp-content\/uploads\/sites\/49\/2013\/06\/El-Rinc\u00f3n-Extreme\u00f1o.jpg\"><img aria-describedby=\"caption-attachment-153\" loading=\"lazy\" class=\" wp-image-153\" title=\"El Rinc\u00f3n Extreme\u00f1o\" src=\"\/catalanaconjamon\/wp-content\/uploads\/sites\/49\/2013\/06\/El-Rinc\u00f3n-Extreme\u00f1o.jpg\" alt=\"\" width=\"496\" height=\"330\" srcset=\"https:\/\/static-blogs.hoy.es\/wp-content\/uploads\/sites\/49\/2013\/06\/El-Rinc\u00f3n-Extreme\u00f1o.jpg 600w, https:\/\/static-blogs.hoy.es\/wp-content\/uploads\/sites\/49\/2013\/06\/El-Rinc\u00f3n-Extreme\u00f1o-300x200.jpg 300w\" sizes=\"(max-width: 496px) 100vw, 496px\" \/><\/a><p id=\"caption-attachment-153\" class=\"wp-caption-text\">Jes\u00fas Ba\u00f1os, centro, junto a Alberto Naval\u00f3n y Dionisio Gonz\u00e1lez, en un momento del programa realizado desde la Biblioteca de Monroy (C\u00e1ceres).<\/p><\/div>\n<p>La \u00faltima hora de programa, de 11 a 12, se realiza con un par de modestas unidades m\u00f3viles, consistentes en un equipo port\u00e1til con un micr\u00f3fono, desde distintos lugares de Extremadura. <em>Al frente de las mismas<\/em>-explica Tiny-<em> est\u00e1 <strong>Jes\u00fas Ba\u00f1os<\/strong>, que lleva bastantes a\u00f1os colaborando con el programa. Junto con \u00e9l <strong>Dionisio Gonz\u00e1lez<\/strong>, que le suele acompa\u00f1ar en los desplazamientos por la regi\u00f3n. \u00daltimamente se han incorporado Mar\u00eda Victoria Vicente, el escritor <strong>Alberto Naval\u00f3n<\/strong> y la poetisa <strong>Rosa Perona Tim\u00f3n<\/strong><\/em>.<\/p>\n<p>Y tampoco quiere olvidarse de <strong>Nagore<\/strong>, la ni\u00f1a que es otra participante activa del programa con las palabras y expresiones que graba con su voz.<\/p>\n<p><strong>MOMENTOS DEL RINC\u00d3N<\/strong><\/p>\n<p>Hablando con Tiny resulta dif\u00edcil sustraerse a la ilusi\u00f3n y el entusiasmo con el que habla de lo que hace. Se le nota que disfruta poni\u00e9ndose delante de un micr\u00f3fono y se siente halagado con el hecho de que la gente le identifique con <em>El Rinc\u00f3n Extreme\u00f1o<\/em>, que sean muchas los extreme\u00f1os que acuden a visitarle por los estudios cuando est\u00e1n de paso por Barcelona.<\/p>\n<p>Como siempre que se acumula una trayectoria de tantos a\u00f1os, le resulta complicado decantarse por algunos momentos de la historia del programa. Sin embargo identifica tres hechos que para \u00e9l tienen una especial relevancia y significaci\u00f3n.<\/p>\n<p><em>En primer lugar <\/em>\u2013destaca- <em>la entrevista que le hice al ex \u2013 presidente de la Asamblea de Extremadura, <strong>Juan Ram\u00f3n Ferreira<\/strong>, con motivo del premio que le concedimos en 2008. Fue un momento agridulce. Alegre por el motivo, pero triste porque coincidi\u00f3 con unos problemas administrativos que conllevaron el cierre de la emisora durante algo m\u00e1s de un a\u00f1o, hasta julio de 2009<\/em>.<\/p>\n<p><em>El segundo momento que destacar\u00eda fue la celebraci\u00f3n, en 2011, del programa n\u00famero 500. Reunimos un domingo a m\u00e1s de 150 personas que quisieron estar con nosotros, acompa\u00f1\u00e1ndonos. Todos los productos que trajimos fueron tra\u00eddos desde Extremadura a prop\u00f3sito para la celebraci\u00f3n. Incluso el cocinero. Fue un momento muy emotivo, de confraternizaci\u00f3n y disfrute. Un momento para cargar pilar y coger energ\u00edas para otros 500 programas, por lo menos.<\/em><\/p>\n<p><em>El \u00faltimo, fue en la propia Extremadura. M\u00e1s concretamente en Barcarrota, la localidad natal de mi compa\u00f1era M\u00aa \u00c1ngeles Moreno. All\u00ed, el 6 de mayo de 2006, hicimos el programa en directo. Y fue un aut\u00e9ntico placer. Nos acogieron de maravilla, todo fueron atenciones para con nosotros. Nos sentimos como en casa. Fue una de esas ocasiones en las que puedes notar, a flor de piel, las emociones que muchas veces solo intuyes cuando hablas en la distancia, a trav\u00e9s de los micr\u00f3fonos. Fue realmente bonito.<\/em><\/p>\n<p>Para finalizar la charla Tiny no puede por menos que expresar un deseo, que espera conseguir: <em>me gustar\u00eda que pudi\u00e9ramos disponer de un buen equipo para los compa\u00f1eros como Jes\u00fas Ba\u00f1os que colaboran desde Extremadura. Un equipo que les permitiese hacer las conexiones en directo con m\u00e1s garant\u00edas, sin tener que estar tan pendientes de si la se\u00f1al les llega bien o mal. Ya s\u00e9 que son malos tiempos para este tipo de solicitudes, pero todos los que participamos en El Rinc\u00f3n Extreme\u00f1o lo hacemos de forma altruista, pagamos los equipos de nuestros bolsillos, la gasolina, lo que necesitamos. Y ser\u00eda bonito poder disponer de un equipo en mejores condiciones para acercar la actualidad y la vida de Extremadura a tantas decenas de miles de extreme\u00f1os que residen en Catalunya.<\/em><\/p>\n<!-- AddThis Advanced Settings generic via filter on the_content --><!-- AddThis Share Buttons generic via filter on the_content -->","protected":false},"excerpt":{"rendered":"<p>Desde 1997, todos los s\u00e1bados por la ma\u00f1ana un pedacito de Extremadura se cuela en el panorama radiof\u00f3nico de Catalunya. Se trata del programa El Rinc\u00f3n Extreme\u00f1o, que dirige y presenta Agust\u00edn Gragera Llopis, Tiny para los amigos, un barcelon\u00e9s con ascendientes de Aceuchal. De sus 20 \u00f3 25 minutos al inicio, se ha pasado [&hellip;]<!-- AddThis Advanced Settings generic via filter on get_the_excerpt --><!-- AddThis Share Buttons generic via filter on get_the_excerpt --><\/p>\n","protected":false},"author":51,"featured_media":0,"comment_status":"open","ping_status":"closed","sticky":false,"template":"","format":"standard","meta":[],"categories":[7],"tags":[20,23,30,78,79,166,176,184,255,270,277,287,302,329,344,371,418,435,482],"_links":{"self":[{"href":"https:\/\/blogs.hoy.es\/catalanaconjamon\/wp-json\/wp\/v2\/posts\/150"}],"collection":[{"href":"https:\/\/blogs.hoy.es\/catalanaconjamon\/wp-json\/wp\/v2\/posts"}],"about":[{"href":"https:\/\/blogs.hoy.es\/catalanaconjamon\/wp-json\/wp\/v2\/types\/post"}],"author":[{"embeddable":true,"href":"https:\/\/blogs.hoy.es\/catalanaconjamon\/wp-json\/wp\/v2\/users\/51"}],"replies":[{"embeddable":true,"href":"https:\/\/blogs.hoy.es\/catalanaconjamon\/wp-json\/wp\/v2\/comments?post=150"}],"version-history":[{"count":0,"href":"https:\/\/blogs.hoy.es\/catalanaconjamon\/wp-json\/wp\/v2\/posts\/150\/revisions"}],"wp:attachment":[{"href":"https:\/\/blogs.hoy.es\/catalanaconjamon\/wp-json\/wp\/v2\/media?parent=150"}],"wp:term":[{"taxonomy":"category","embeddable":true,"href":"https:\/\/blogs.hoy.es\/catalanaconjamon\/wp-json\/wp\/v2\/categories?post=150"},{"taxonomy":"post_tag","embeddable":true,"href":"https:\/\/blogs.hoy.es\/catalanaconjamon\/wp-json\/wp\/v2\/tags?post=150"}],"curies":[{"name":"wp","href":"https:\/\/api.w.org\/{rel}","templated":true}]}}