{"id":16,"date":"2012-05-18T15:44:00","date_gmt":"2012-05-18T15:44:00","guid":{"rendered":"http:\/\/blogs.hoy.es\/catalanaconjamon\/2012\/05\/18\/catalanes-en-extremadura-1763-1872-y-iv-los-laneros-los-hermanos-calaff\/"},"modified":"2012-05-18T15:44:00","modified_gmt":"2012-05-18T15:44:00","slug":"catalanes-en-extremadura-1763-1872-y-iv-los-laneros-los-hermanos-calaff","status":"publish","type":"post","link":"https:\/\/blogs.hoy.es\/catalanaconjamon\/2012\/05\/18\/catalanes-en-extremadura-1763-1872-y-iv-los-laneros-los-hermanos-calaff\/","title":{"rendered":">Catalanes en Extremadura (1763-1872) [y IV]: Los laneros. Los hermanos Calaff."},"content":{"rendered":"<p>><span style=\"font-size: small\"><b><span>Cuarta y \u00faltima entrega del art\u00edculo del Catedr\u00e1tico de Historia Moderna de la Universidad de Extremadura, Miguel \u00c1ngel Mel\u00f3n, en la que se analiza la presencia de familias catalanas en la ciudad de C\u00e1ceres, entre 1763 y 1872. En esta \u00faltima parte vuelve a aparecer uno de los apellidos que m\u00e1s han quedado vinculados a la ciudad, Calaff, en esta ocasi\u00f3n por sus negocios laneros. <\/span><\/b><\/span><\/p>\n<p><!--[if gte mso 9]>   Normal  0      21      false  false  false    ES  X-NONE  X-NONE                                       MicrosoftInternetExplorer4                                     <![endif]--><!--[if gte mso 9]>                                                                                                                                                                                                                                                                                    <![endif]--><!--[if gte mso 10]> \/* Style Definitions *\/  table.MsoNormalTable  {mso-style-name:\"Tabla normal\";  mso-tstyle-rowband-size:0;  mso-tstyle-colband-size:0;  mso-style-noshow:yes;  mso-style-priority:99;  mso-style-qformat:yes;  mso-style-parent:\"\";  mso-padding-alt:0cm 5.4pt 0cm 5.4pt;  mso-para-margin:0cm;  mso-para-margin-bottom:.0001pt;  mso-pagination:widow-orphan;  font-size:11.0pt;  font-family:\"Calibri\",\"sans-serif\";  mso-ascii-font-family:Calibri;  mso-ascii-theme-font:minor-latin;  mso-fareast-font-family:\"Times New Roman\";  mso-fareast-theme-font:minor-fareast;  mso-hansi-font-family:Calibri;  mso-hansi-theme-font:minor-latin;  mso-bidi-font-family:\"Times New Roman\";  mso-bidi-theme-font:minor-bidi;} <![endif]--> <\/p>\n<table cellpadding=\"0\" cellspacing=\"0\" class=\"tr-caption-container\" style=\"float: right;margin-left: 1em;text-align: right\">\n<tbody>\n<tr>\n<td style=\"text-align: center\"><a href=\"http:\/\/3.bp.blogspot.com\/-VxwtaHB-M9U\/T7ZslUUBlXI\/AAAAAAAABgM\/FMR2NzRiLlE\/s1600\/Lavadero-de-los-Barruecos-sobre.jpg\"><img loading=\"lazy\" border=\"0\" height=\"214\" src=\"\/\/3.bp.blogspot.com\/-VxwtaHB-M9U\/T7ZslUUBlXI\/AAAAAAAABgM\/FMR2NzRiLlE\/s320\/Lavadero-de-los-Barruecos-sobre.jpg\" width=\"320\" \/><\/a><\/td>\n<\/tr>\n<tr>\n<td class=\"tr-caption\" style=\"text-align: center\">El Lavadero de los Barruecos<\/td>\n<\/tr>\n<\/tbody>\n<\/table>\n<div class=\"MsoNormal\"><span lang=\"ES-TRAD\">El inter\u00e9s de los catalanes por el mercado lanero cacere\u00f1o se advierte ya al poco de su llegada, si bien como una parte m\u00e1s de sus m\u00faltiples tratos, pero no, en principio, como la fundamental. Esto no suceder\u00e1 hasta la tercera d\u00e9cada del siglo XIX en que los hermanos Calaff har\u00e1n una apuesta definitiva en esta direcci\u00f3n y convertir\u00e1n el tr\u00e1fico con lanas en su principal fuente de ingresos, culminando as\u00ed los tres estadios en torno a los que configuran sus actividades los catalanes en Extremadura. En 1828, tras la separaci\u00f3n de Miguel Calaff de la compa\u00f1\u00eda de comercio Viuda de Segura Tom\u00e1s y Compa\u00f1\u00eda, junto con su hermano Jos\u00e9 Policarpo compra a la Condesa de Torrearias el Lavadero de los Barruecos -el m\u00e1s importante de los tres que funcionaban en C\u00e1ceres-, por valor de 340.000 reales. Por esas fechas, seg\u00fan las informaciones contenidas en el Vecindario de C\u00e1ceres de 1828, el total de lanas lavadas ascend\u00eda a 50.000 arrobas, la mayor parte de las cuales eran tratadas en el mencionado lavadero.<\/span><\/div>\n<div class=\"MsoNormal\"><span lang=\"ES-TRAD\">Aunque no se conservan datos acerca del funcionamiento del lavadero para la primera mitad del siglo XIX, los que conocemos para la segunda permiten establecerlo con claridad y, salvo matices, hacer extensibles algunas de las conclusiones obtenidas para todo el per\u00edodo aqu\u00ed considerado, desde las formas de aprovisionamiento, hasta el siempre complicado asunto de estimar los costes de producci\u00f3n y el destino final de las remesas de lanas. <\/span><\/div>\n<table cellpadding=\"0\" cellspacing=\"0\" class=\"tr-caption-container\" style=\"float: left;margin-right: 1em;text-align: left\">\n<tbody>\n<tr>\n<td style=\"text-align: center\"><a href=\"http:\/\/2.bp.blogspot.com\/-2hkPz7gCiSk\/T7ZtAO86ISI\/AAAAAAAABgU\/MIds8nl0xC0\/s1600\/Lanas+vendidas+por+Miguel+Calaff+en+1862+.GIF\"><img loading=\"lazy\" border=\"0\" height=\"298\" src=\"\/\/2.bp.blogspot.com\/-2hkPz7gCiSk\/T7ZtAO86ISI\/AAAAAAAABgU\/MIds8nl0xC0\/s400\/Lanas+vendidas+por+Miguel+Calaff+en+1862+.GIF\" width=\"400\" \/><\/a><\/td>\n<\/tr>\n<tr>\n<td class=\"tr-caption\" style=\"text-align: center\">Lanas vendidas por Miguel Calaff en 1862<\/td>\n<\/tr>\n<\/tbody>\n<\/table>\n<div class=\"MsoNormal\"><span lang=\"ES-TRAD\">En cuanto a la adquisici\u00f3n de lanas durante el a\u00f1o 1862 -al que aparecen referidos cuantos c\u00e1lculos se expresan a continuaci\u00f3n-, el lavadero se surte de lanas leonesas, finas riberiegas y negras en los esquileos de la jurisdicci\u00f3n de C\u00e1ceres, lo que supone el 38,06 % de las 18.415 arrobas que compran los Calaff. En las comarcas meridionales extreme\u00f1as los acopios m\u00e1s importantes se realizan en M\u00e9rida, Almendralejo, Zafra y Fuente del Maestre, hasta completar el 41,1 %; el 20,8 % restante procede de las Vegas Altas del Guadiana (de Don Benito, principalmente). <\/span><\/div>\n<div class=\"MsoNormal\"><span lang=\"ES-TRAD\">Una vez conseguidas las remesas de lanas, cuyos precios variaban en funci\u00f3n de su clase y calidad, eran llevadas al lavadero para ser tratadas y, posteriormente, enviadas a diferentes puntos de la geograf\u00eda nacional y europea. <\/span><\/div>\n<div class=\"MsoNormal\"><span lang=\"ES-TRAD\">En el cap\u00edtulo de gastos, los derivados de la adquisici\u00f3n, esquileo, recogida y transporte representan el 45,0 % y albergan notables diferencias seg\u00fan las zonas de procedencia de las remesas. Las compradas en los esquileos cacere\u00f1os, en contrapartida a que por ser las de mejor calidad registran los precios m\u00e1s elevados, conllevan unos menores gastos de acarreo; por el contrario, las procedentes de tierras pacenses unen a unos precios m\u00e1s bajos unos desembolsos superiores por comisiones y transporte. El lavado de la lana absorbe el 36,76 % (tratamiento, jornales para mantenimiento de las calderas y embalaje), de donde resulta un coste medio por arroba lavada de 4,1 reales.<\/span><\/div>\n<div class=\"MsoNormal\"><span lang=\"ES-TRAD\">Por diversos motivos, relacionados con el hecho de que no a todas las lanas se da salida el a\u00f1o en que se adquieren, en las estimaciones de beneficios se ha de operar con extremada cautela, pero los resultados ponen de manifiesto la importancia del capital que mov\u00eda una empresa lanera. En el a\u00f1o considerado, el valor de las 18.415 arrobas de lana se eleva a 1.548.251 reales, mientras que las 12.540,5 arrobas que saca al mercado le reportan un total de 1.851.895 realess. Si a la primera partida se a\u00f1aden los costes de esquileo, transporte y tratamiento de la materia prima (134.529 reales), el valor global del desembolso es de 1.682.780 reales que, deducidos del producto final que recoge la contabilidad (1.863.355 reales), arrojan un saldo l\u00edquido de 180.575 reales, a los que vendr\u00eda a a\u00f1adirse el producto de las 5.887 arrobas que, ya lavadas, se almacenan para darles salida en posteriores ejercicios. Una primera conclusi\u00f3n que se desprende a partir de todo lo expuesto parece evidente: la rentabilidad que aseguraban estas empresas se encontraba muy por encima de la que proporcionaban otras actividades dominantes en Extremadura hasta entonces, como la explotaci\u00f3n de la tierra o la renta inmobiliaria, am\u00e9n de permitir unos amplios m\u00e1rgenes de beneficio susceptibles de orientarse en otras direcciones. Y todo ello a la vista de que, para entonces, la calidad de estas lanas, con relaci\u00f3n a las que durante el primer tercio del siglo sal\u00edan de Extremadura, era sensiblemente inferior.<\/span><\/div>\n<table cellpadding=\"0\" cellspacing=\"0\" class=\"tr-caption-container\" style=\"float: right;margin-left: 1em;text-align: right\">\n<tbody>\n<tr>\n<td style=\"text-align: center\"><a href=\"http:\/\/4.bp.blogspot.com\/-mnuXATY4_xg\/T7ZttS3U3LI\/AAAAAAAABgc\/vt60Kc3SmmE\/s1600\/Sin+t%C3%ADtulo.gif\"><img loading=\"lazy\" border=\"0\" height=\"640\" src=\"\/\/4.bp.blogspot.com\/-mnuXATY4_xg\/T7ZttS3U3LI\/AAAAAAAABgc\/vt60Kc3SmmE\/s640\/Sin+t%C3%ADtulo.gif\" width=\"507\" \/><\/a><\/td>\n<\/tr>\n<tr>\n<td class=\"tr-caption\" style=\"text-align: center\">Entidades y comerciantes relacionados con Miguel Calaff<\/td>\n<\/tr>\n<\/tbody>\n<\/table>\n<div class=\"MsoNormal\"><span lang=\"ES-TRAD\">La fase final del proceso, concerniente a la comercializaci\u00f3n de la lana, permite dibujar con detalle la red de intercambios configurada en torno al mercado lanero extreme\u00f1o, los puntos de destino de la materia prima y el \u00e1rea de actuaci\u00f3n de la empresa de Miguel Calaff. En el exterior, y a diferencia de lo que ocurriera en la primera mitad del siglo, las f\u00e1bricas de tejidos portuguesas de Covilha acaparan el mayor porcentaje de las arrobas vendidas (el 40,2 %); Inglaterra, por el contrario, ha pasado a ocupar un segundo lugar, pero mantiene operativa la estructura comercial configurada en aquel per\u00edodo. Desde Sevilla, el agente de los Calaff, Jos\u00e9 Mar\u00eda de Ibarra, concierta todas las operaciones con la firma londinense Anselmo de Arroyave y C\u00eda., destinataria en exclusiva del 25,7 % de la lana comercializada. En ambos casos las sacas y saquetas que se remiten son de la clase leonesa, en sucio, pero tambi\u00e9n lavadas de ganados finos riberiegos y de \u201cpiaras\u201d, de menor calidad, esquiladas en el Lavadero de los Barruecos. Por razones que desconozco, el precio final de algunas de estas partidas se multiplica por cuatro con relaci\u00f3n al de compra, lo que no ocurre con otras lanas lavadas o en sucio que tambi\u00e9n se exportan. En Francia es el comerciante Pr\u00f3spero Cartier, de Santa Mar\u00eda de Oleron, quien recibe el 11 % del total de lanas vendidas.<\/span><\/div>\n<div class=\"MsoNormal\"><span lang=\"ES-TRAD\">En el mercado interior Extremadura absorbe el 19,6 %, sin que se conozca con exactitud el uso que a estas remesas dieran los tratantes cacere\u00f1os como Jorge Rocandio, vecino de Alc\u00e1ntara, que a buen seguro exportara algunas a trav\u00e9s de la frontera portuguesa con destino a Lisboa. Las cantidades vendidas a fabricantes de B\u00e9jar suman 350,9 arrobas, mientras que a Catalu\u00f1a s\u00f3lo se env\u00edan 228,7 arrobas, destinadas a los Se\u00f1ores Vinuesa y Compa\u00f1\u00eda, de Barcelona, y Fontanet Hermanos, de Sabadell. Sin embargo, la firma comercial demuestra un inter\u00e9s creciente por consolidar las relaciones comerciales con los enclaves textiles catalanes, seg\u00fan se desprende del intercambio de correspondencia con los fabricantes de Sabadell. El 29 de enero de 1862, la Fontanet y Hermanos solicita de Miguel Calaff una partida de lanas, a lo que \u00e9ste responde que \u201cen jugo\u201d no contaba con ninguna existencia y s\u00ed con 3.500 lavadas, aunque comprometidas ya con compradores extranjeros. Pero explica que \u201csi bien, por otra parte, supon\u00eda yo que a ustedes no les convienen lanas lavadas, porque habiendo hecho el experimento m\u00e1s de una vez con muestras para Catalu\u00f1a, como me ha sucedido \u00faltimamente con 6 sacas que deben hallarse sin vender en casa de los Se\u00f1ores Coll Hermanos y Barba, de Barcelona, he visto ya por experiencia que es mal negocio el env\u00edo del lavado\u201d. Ante tal eventualidad, y dado el escaso inter\u00e9s que demuestran los fabricantes catalanes por las lanas lavadas, Calaff les remite 25 sacas, v\u00eda Sevilla, incluyendo en ellas lanas de todas clases, \u201cporque es la manera de apreciar mejor el valor de unas pilas llevando vellones, a\u00f1ino, ca\u00eddas y peladas\u201d y manifestarles de ese modo \u201cuna prueba del deseo que me anima en hacer negocios con su respetable casa\u201d.<\/span><\/div>\n<div class=\"MsoNormal\"><\/div>\n<div class=\"MsoNormal\"><span lang=\"ES-TRAD\"><\/span><b><span lang=\"ES-TRAD\" style=\"font-size: 11pt\">Consideraciones finales<\/span><\/b><\/div>\n<div class=\"MsoNormal\"><\/div>\n<div class=\"MsoNormal\"><span lang=\"ES-TRAD\">Fue otro erudito cacere\u00f1o, Miguel Mu\u00f1oz de San Pedro, descendiente de una familia de cameranos logro\u00f1eses que lleg\u00f3 a C\u00e1ceres por la misma \u00e9poca que los catalanes estudiados, quien, para explicar lo ef\u00edmero de esta burgues\u00eda cacere\u00f1a que se consolida a lo largo del siglo XIX utiliza un argumento, no carente de inter\u00e9s, pero mediatizado sin duda por la traum\u00e1tica experiencia de sus paisanos, los Garc\u00eda Carrasco, cuya quiebra sobrevino a mediados de la centuria por una mala jugada en la bolsa madrile\u00f1a: \u201cEn el fondo de todo aquello hab\u00eda, sin duda, en lo econ\u00f3mico, algo moment\u00e1neo y artificial, porque las bases de las grandes casas se\u00f1oriales eran s\u00f3lidas, asentadas en las inmensas dehesas, mientras las de los Garc\u00eda Carrasco se sustentaban en operaciones financieras, sujetas siempre a los inestables azares de la fortuna\u201d. De aplicarse el an\u00e1lisis en los t\u00e9rminos expuestos exclusivamente, quedar\u00edan al margen otras razones cuya influencia en lo limitado del fen\u00f3meno que se estudia no debe minusvalorarse.<\/span><\/div>\n<div class=\"MsoNormal\"><span lang=\"ES-TRAD\">Cabe destacar, en principio, una muy dif\u00edcil capacidad de renovaci\u00f3n y autoperpetuaci\u00f3n del mundo que estos catalanes estaban contribuyendo a construir. Fuera de los pioneros como Juan Busquet, los Segura o los Calaff, escasea entre sus descendientes una preparaci\u00f3n para los negocios y un esp\u00edritu tan emprededor como el que aquellos hab\u00edan mostrado. Dejando al margen la escasa apertura de estrategias familiares que promovieron, la tan tra\u00edda y llevada cuesti\u00f3n de la iniciativa empresarial fue algo que, al contacto con Extremadura, no consigui\u00f3 arraigar m\u00e1s all\u00e1 de esa primera generaci\u00f3n. En ocasiones por la propia incapacidad demostrada por los herederos de los comerciantes para los negocios, pero sobre todo porque la tierra ofrec\u00eda otras alternativas m\u00e1s \u201ctradicionales\u201d que, a corto plazo y con menor asunci\u00f3n de riesgos, procuraban una m\u00e1s que evidente rentabilidad. Y as\u00ed lo entendieron y pusieron en pr\u00e1ctica muy pronto los Segura y los Calaff, si bien esta particularidad iba a poner pronto en evidencia sus l\u00edmites y contradicciones.<\/span><\/div>\n<div class=\"MsoNormal\"><span lang=\"ES-TRAD\">Otra circunstancia, que incide en el mismo sentido de los argumentos expuestos anteriormente, concierne a lo limitado de los recursos que han de disputar y la necesidad de compartirlos con otros individuos llegados a Extremadura en id\u00e9nticas condiciones y con parecidas inquietudes. La demanda de los productos en que traficaban pod\u00eda verse incrementada en fases muy concretas, pero el contexto de la econom\u00eda extreme\u00f1a del siglo XIX no permit\u00eda las potencialidades que en otras partes del territorio nacional se estaban dando. A principios de la d\u00e9cada de los treinta, por citar un ejemplo significativo, las aproximadamente 50.000 arrobas que cada a\u00f1o sal\u00edan de los lavaderos de lanas cacere\u00f1os, las 25.000 fanegas de cerales, 4.000 arrobas de aceite y 3.000 de vino que produc\u00eda la capital deb\u00edan disput\u00e1rselas, adem\u00e1s de con los arrendadores decimales, con las diferentes casas de comercio que exist\u00edan, y las necesidades consuntivas que deparaba una poblaci\u00f3n de 6.412 habitantes, que ocupaban 1.334 casas de habitaci\u00f3n, no daban para muchas alegr\u00edas.<\/span><\/div>\n<div class=\"MsoNormal\"><span lang=\"ES-TRAD\">Quedar\u00eda por abordar, finalmente, siquiera a modo de l\u00ednea de investigaci\u00f3n en la que habr\u00e1n de incidir futuros estudios, el tema del compromiso pol\u00edtico que asumi\u00f3 esta burgues\u00eda en tierras extreme\u00f1as en el contexto de la crisis del Antiguo R\u00e9gimen y la Revoluci\u00f3n Liberal. De su participaci\u00f3n en la vida municipal no faltan las noticias que dan cuenta de c\u00f3mo Jos\u00e9 Segura Soler fue elegido concejal de C\u00e1ceres en 1812, 1820 y 1833; Miguel Calaff en 1833, 1835 y 1836; Santiago Calaff en 1836; Manuel Segura Ram\u00f3n, por su parte, asumi\u00f3 la alcald\u00eda en 1836 y Ram\u00f3n Calaff en 1840. Su actuaci\u00f3n, no obstante, iba a verse reducida a este \u00e1mbito local, consecuencia probablemente de haber sentido muy cerca la azarosa experiencia vivida por sus convecinos cacere\u00f1os, la otrora todopoderosa familia Garc\u00eda Carrasco, en su intento de traspasar las estrechas barreras de la pol\u00edtica provincial y acceder a las esferas de la nacional, coto aquel reservado hasta entonces a las tradicionales oligarqu\u00edas de campanario extreme\u00f1as.<\/span><\/div>\n<!-- AddThis Advanced Settings generic via filter on the_content --><!-- AddThis Share Buttons generic via filter on the_content -->","protected":false},"excerpt":{"rendered":"<p>>Cuarta y \u00faltima entrega del art\u00edculo del Catedr\u00e1tico de Historia Moderna de la Universidad de Extremadura, Miguel \u00c1ngel Mel\u00f3n, en la que se analiza la presencia de familias catalanas en la ciudad de C\u00e1ceres, entre 1763 y 1872. En esta \u00faltima parte vuelve a aparecer uno de los apellidos que m\u00e1s han quedado vinculados a [&hellip;]<!-- AddThis Advanced Settings generic via filter on get_the_excerpt --><!-- AddThis Share Buttons generic via filter on get_the_excerpt --><\/p>\n","protected":false},"author":51,"featured_media":0,"comment_status":"open","ping_status":"closed","sticky":false,"template":"","format":"standard","meta":[],"categories":[6],"tags":[],"_links":{"self":[{"href":"https:\/\/blogs.hoy.es\/catalanaconjamon\/wp-json\/wp\/v2\/posts\/16"}],"collection":[{"href":"https:\/\/blogs.hoy.es\/catalanaconjamon\/wp-json\/wp\/v2\/posts"}],"about":[{"href":"https:\/\/blogs.hoy.es\/catalanaconjamon\/wp-json\/wp\/v2\/types\/post"}],"author":[{"embeddable":true,"href":"https:\/\/blogs.hoy.es\/catalanaconjamon\/wp-json\/wp\/v2\/users\/51"}],"replies":[{"embeddable":true,"href":"https:\/\/blogs.hoy.es\/catalanaconjamon\/wp-json\/wp\/v2\/comments?post=16"}],"version-history":[{"count":0,"href":"https:\/\/blogs.hoy.es\/catalanaconjamon\/wp-json\/wp\/v2\/posts\/16\/revisions"}],"wp:attachment":[{"href":"https:\/\/blogs.hoy.es\/catalanaconjamon\/wp-json\/wp\/v2\/media?parent=16"}],"wp:term":[{"taxonomy":"category","embeddable":true,"href":"https:\/\/blogs.hoy.es\/catalanaconjamon\/wp-json\/wp\/v2\/categories?post=16"},{"taxonomy":"post_tag","embeddable":true,"href":"https:\/\/blogs.hoy.es\/catalanaconjamon\/wp-json\/wp\/v2\/tags?post=16"}],"curies":[{"name":"wp","href":"https:\/\/api.w.org\/{rel}","templated":true}]}}