{"id":161,"date":"2013-07-08T08:01:55","date_gmt":"2013-07-08T06:01:55","guid":{"rendered":"http:\/\/blogs.hoy.es\/catalanaconjamon\/?p=161"},"modified":"2013-07-08T08:01:55","modified_gmt":"2013-07-08T06:01:55","slug":"prudencio-exojo-un-correcaminos-empenado-en-dinamizar-el-hogar-extremeno-de-barcelona","status":"publish","type":"post","link":"https:\/\/blogs.hoy.es\/catalanaconjamon\/2013\/07\/08\/prudencio-exojo-un-correcaminos-empenado-en-dinamizar-el-hogar-extremeno-de-barcelona\/","title":{"rendered":"Prudencio Exojo, un correcaminos empe\u00f1ado en dinamizar el Hogar Extreme\u00f1o de Barcelona"},"content":{"rendered":"<a href=\"\/catalanaconjamon\/wp-content\/uploads\/sites\/49\/2013\/07\/pruden6.jpg\"><img loading=\"lazy\" class=\" wp-image-162\" title=\"pruden6\" src=\"\/catalanaconjamon\/wp-content\/uploads\/sites\/49\/2013\/07\/pruden6.jpg\" alt=\"\" width=\"607\" height=\"455\" srcset=\"https:\/\/static-blogs.hoy.es\/wp-content\/uploads\/sites\/49\/2013\/07\/pruden6.jpg 1132w, https:\/\/static-blogs.hoy.es\/wp-content\/uploads\/sites\/49\/2013\/07\/pruden6-300x225.jpg 300w, https:\/\/static-blogs.hoy.es\/wp-content\/uploads\/sites\/49\/2013\/07\/pruden6-768x577.jpg 768w, https:\/\/static-blogs.hoy.es\/wp-content\/uploads\/sites\/49\/2013\/07\/pruden6-1024x769.jpg 1024w\" sizes=\"(max-width: 607px) 100vw, 607px\" \/><\/a>\n<p><strong>Empresario de \u00e9xito forjado a s\u00ed mismo, amante de los coches, viajero impenitente, interesado por las nuevas tecnolog\u00edas y cuanto ocurre a su alrededor en estos convulsos tiempos que vivimos;\u00a0 Prudencio Exojo, natural de Villanueva de la Serena, es desde hace casi tres a\u00f1os el presidente del Hogar Extreme\u00f1o de Barcelona. Su gran objetivo en estos momentos es culminar el traslado, en el pr\u00f3ximo oto\u00f1o, a la nueva sede en propiedad del Hogar, en el barrio barcelon\u00e9s de Horta, y convertirlo en un aut\u00e9ntico dinamizador cultural, para los extreme\u00f1os y para todos los vecinos de la zona.<\/strong><\/p>\n<p>Nos citamos en M\u00e9rida, con motivo de uno de sus m\u00faltiples viajes profesionales por toda la geograf\u00eda espa\u00f1ola. <em>Hago unos 3.000 kil\u00f3metros semanales <\/em>\u2013explica Prudencio\u00ad-, <em>siempre en coche. Lo prefiero. Mis clientes no suelen estar en las grandes ciudades, por lo que me da una libertad y facilidad de movimientos que de otra forma no tendr\u00eda<\/em>.<\/p>\n<p>Junto con su esposa Araceli, nacida en la peque\u00f1a localidad zaragozana de Alarba, al sur de Calatayud; a la que conoci\u00f3 de muy joven en Barcelona, desgranamos algunos de los aspectos m\u00e1s destacados de su vida, personal, profesional y, ahora tambi\u00e9n, institucional, como presidente del Hogar Extreme\u00f1o de Barcelona.<\/p>\n<div id=\"attachment_163\" style=\"width: 365px\" class=\"wp-caption alignright\"><a href=\"\/catalanaconjamon\/wp-content\/uploads\/sites\/49\/2013\/07\/Prudencio-1.jpg\"><img aria-describedby=\"caption-attachment-163\" loading=\"lazy\" class=\" wp-image-163\" title=\"Prudencio (1)\" src=\"\/catalanaconjamon\/wp-content\/uploads\/sites\/49\/2013\/07\/Prudencio-1.jpg\" alt=\"\" width=\"355\" height=\"236\" srcset=\"https:\/\/static-blogs.hoy.es\/wp-content\/uploads\/sites\/49\/2013\/07\/Prudencio-1.jpg 643w, https:\/\/static-blogs.hoy.es\/wp-content\/uploads\/sites\/49\/2013\/07\/Prudencio-1-300x199.jpg 300w\" sizes=\"(max-width: 355px) 100vw, 355px\" \/><\/a><p id=\"caption-attachment-163\" class=\"wp-caption-text\">Prudencio Exojo en M\u00e9rida<\/p><\/div>\n<p>Prudencio quiere dejar bien claro que <em>ni estoy desempleado, ni \u00a0jubilado, ni me sobra el tiempo libre, <\/em>condiciones que parecer\u00edan id\u00f3neas para estar en el movimiento asociativo. <em>Si estoy como presidente del Hogar Extreme\u00f1o de Barcelona es porque en 2010 un grupo de personas del centro, entre ellas la actual vicepresidenta Carmen Arroyo, me lo pidieron ante el dif\u00edcil momento que se viv\u00eda. Yo soy socio hace unos 34 o 35 a\u00f1os, pero nunca me hab\u00eda implicado excesivamente. Coincidi\u00f3 la renuncia del anterior presidente por motivos de salud y una complicada situaci\u00f3n econ\u00f3mica, en la que se iba subsistiendo gracias a lo que se hab\u00eda obtenido por dejar nuestra hist\u00f3rica sede del Portal de l\u2019\u00c0ngel, en pleno centro hist\u00f3rico de Barcelona, a cuatro pasos de la catedral. Pero a\u00f1o a a\u00f1o se iba generando un d\u00e9ficit que amenazaba con dejarnos sin recursos en muy poco tiempo, porque las cuotas de los socios aportaban, aproximadamente, una cuarta parte de los gastos de explotaci\u00f3n fijos del Hogar.<\/em><\/p>\n<p>Tras una primera intentona que rechaz\u00f3, al final le convencieron apelando a su vena sensible como extreme\u00f1o y as\u00ed fue como dio el paso.<\/p>\n<p><strong>NUEVO HOGAR<br \/>\n<\/strong><\/p>\n<p>A partir de ah\u00ed, su objetivo ha sido sanear la entidad y darle garant\u00edas de futuro mediante la disposici\u00f3n de un patrimonio propio que le de viabilidad. Aprovechando la crisis han adquirido a buen precio un local en Horta. Se trata de un espacio modesto, pero que se va a equipar con todos los avances tecnol\u00f3gicos necesarios, insonorizado, con un dise\u00f1o moderno que lo haga agradable, y que sea funcional para el desarrollo de todo tipo de actividades.<\/p>\n<p><em>Queremos <\/em>\u2013a\u00f1ade Prudencio- <em>que sea un local abierto a la calle, que pueda ser utilizado por cualquier persona, colectivo o entidad que est\u00e9 interesado. Tiene que ser un centro de potenciaci\u00f3n y dinamizaci\u00f3n de las culturas extreme\u00f1a y catalana, insertado en la vida social del entorno, a disposici\u00f3n de cualquier extreme\u00f1o que lo pueda necesitar, etc. A todos se nos llena la boca diciendo que nos gusta la cultura y que queremos potenciarla, pero despu\u00e9s somos reacios a participar. Pues bien, nuestra intenci\u00f3n es que esa participaci\u00f3n sea efectiva. Habr\u00e1 ciclos de conferencias sobre m\u00faltiples aspectos de la vida cotidiana que pueden ser de utilidad para la gente, desde temas de salud, de seguridad en el hogar, de protecci\u00f3n civil, gastronom\u00eda, etc. Tambi\u00e9n queremos impartir, una vez a la semana, clases de catal\u00e1n. Y, por supuesto, potenciar nuestra actividad estrella, el Aula Literaria, que todos los jueves re\u00fane a rapsodas que recitan a poetas extreme\u00f1os, catalanes y del resto de Espa\u00f1a.<\/em><\/p>\n<p>Una de las cosas que m\u00e1s sorprende a Prudencio, en relaci\u00f3n al movimiento asociativo extreme\u00f1o en Catalunya, es la atomizaci\u00f3n y dispersi\u00f3n. S\u00f3lo alrededor de Barcelona existen aproximadamente 18 entidades extreme\u00f1as. Sin \u00e1nimo de molestar a nadie, piensa que esta dispersi\u00f3n les hace perder fuerza y a lo mejor no poder acometer iniciativas m\u00e1s ambiciosas. Cree que igual ser\u00eda bueno concentrar esfuerzos en un gran centro extreme\u00f1o en Catalunya, potente y con m\u00e1s capacidad para hacer cosas. En cualquier caso \u00e9l ofrece la sede del nuevo local del Hogar Extreme\u00f1o de Barcelona para cualquier entidad, colectivo o asociaci\u00f3n extreme\u00f1a que, en estos momentos de dificultad, pueda necesitarlo para llevar a cabo sus actividades.<\/p>\n<div id=\"attachment_164\" style=\"width: 287px\" class=\"wp-caption alignleft\"><a href=\"\/catalanaconjamon\/wp-content\/uploads\/sites\/49\/2013\/07\/Prudencio-2.jpg\"><img aria-describedby=\"caption-attachment-164\" loading=\"lazy\" class=\" wp-image-164\" title=\"Prudencio (2)\" src=\"\/catalanaconjamon\/wp-content\/uploads\/sites\/49\/2013\/07\/Prudencio-2.jpg\" alt=\"\" width=\"277\" height=\"370\" srcset=\"https:\/\/static-blogs.hoy.es\/wp-content\/uploads\/sites\/49\/2013\/07\/Prudencio-2.jpg 480w, https:\/\/static-blogs.hoy.es\/wp-content\/uploads\/sites\/49\/2013\/07\/Prudencio-2-225x300.jpg 225w\" sizes=\"(max-width: 277px) 100vw, 277px\" \/><\/a><p id=\"caption-attachment-164\" class=\"wp-caption-text\">El interior de un coche es uno de los h\u00e1bitats naturales de Prudencio Exojo<\/p><\/div>\n<p><strong>EL RETORNO DEL SER\u00d3N<\/strong><\/p>\n<p>Prudencio se fue de su Villanueva de la Serena natal a los 11 a\u00f1os. <em>Lo recuerdo como un momento duro para mi familia <\/em>\u2013nos aclara-<em>. La cosa deb\u00eda estar tan precaria econ\u00f3micamente ese 1964, que mis padres, a mediados de abril, me arrancan como quien dice del pueblo y ni tan siquiera me dejan terminar el 2\u00ba de bachillerato que estaba cursando en el Instituto de Villanueva. No pude ni hacer el examen correspondiente. Eso supuso perder los dos a\u00f1os de bachillerato y tener que comenzar de cero en septiembre en Barcelona. All\u00ed nos acogieron a mis padres y a m\u00ed, en casa de mi hermana Juani y de mi cu\u00f1ado. Como crio y adolescente vivo la Barcelona de los grandes flujos migratorios de los a\u00f1os 60. Empiezo a trabajar muy joven, con 14 a\u00f1os, compagin\u00e1ndolo con los estudios. <\/em><\/p>\n<p>A los 18 a\u00f1os conoci\u00f3 a Araceli, su mujer. Este hecho, unido a que ambos ten\u00edan unos padres mayores, y que tampoco les un\u00eda una gran relaci\u00f3n con sus familias en los pueblos, hizo que en ning\u00fan momento tuvieran una sensaci\u00f3n de arraigo respecto a su tierra natal. <em>Estuve once o doce a\u00f1os sin volver por Villanueva de la Serena. Despu\u00e9s s\u00ed, regres\u00e9 un par o tres de d\u00edas, no recuerdo bien, y poco m\u00e1s. Alguna ocasi\u00f3n pasaba cerca, ve\u00eda que era mi pueblo, pero no sent\u00eda nada especial.<\/em><\/p>\n<p>Esto fue as\u00ed hasta que su esposa, Araceli, emulando a Paco Lobat\u00f3n, se empe\u00f1\u00f3 en que Prudencio recuperase la vinculaci\u00f3n con Villanueva de la Serena. <em>Cuando cumpl\u00ed 50 a\u00f1os<\/em>-nos cuenta-<em> mi esposa Araceli localiz\u00f3 a varios de aquellos amigos que hab\u00eda tenido en mi infancia, entre los 5 y los 11 a\u00f1os. Ha sido el mejor regalo de cumplea\u00f1os que me han hecho en mi vida. De esos cuatro o cinco amigos reencontrados, hay dos en especial con los que se consolida la amistad y hoy tenemos una gran relaci\u00f3n. Uno de ellos es <strong>Boni Casillas<\/strong>, que por aqu\u00e9l entonces resid\u00eda en el norte de Alemania, adonde me fui a verle, y con el hoy en d\u00eda sigo coincidiendo, de vez en cuando, en Alicante, que es donde vive ahora jubilado<\/em>. <em>El otro es <strong>Joaqu\u00edn Hidalgo<\/strong>, que representa el verdadero reencuentro con mi infancia. \u00c9l es mi anclaje con mi pueblo y es mi punto de referencia siempre que vengo, aunque s\u00f3lo sea para pasar un rato y tomar un caf\u00e9 en medio de uno de mis viajes.<\/em><\/p>\n<p>A partir de ah\u00ed ha sido cuando ya ha entrado en contacto con algunas personas m\u00e1s de Extremadura, como el alcalde de Villanueva, <strong>Miguel \u00c1ngel Gallardo<\/strong>, que acept\u00f3 con mucha amabilidad ser pregonero en las fiestas del Hogar; el presidente de la Diputaci\u00f3n de Badajoz, <strong>Valent\u00edn Cort\u00e9s Cabanillas<\/strong>, instituci\u00f3n que les concede una peque\u00f1a, pero valiosa, ayuda; y el Director General de Pol\u00edtica Social y Familia del Gobierno de Extremadura, <strong>Juan Bravo<\/strong>, que tambi\u00e9n est\u00e1 prestando un inestimable apoyo al Hogar.<\/p>\n<p><strong>DEL 1430 AL FERRARI<\/strong><\/p>\n<p>La vida de Prudencio est\u00e1 ligada al mundo del motor. No s\u00f3lo por los miles de kil\u00f3metros que hace semana tras semana, sino porque ha sido su pasi\u00f3n y forma parte de su perfil profesional. Desde su oficina administrativa Cartella, S.L., se dedica desde 1982, entre otras cosas, a todo tipo de gestiones relacionadas con la legalizaci\u00f3n de veh\u00edculos industriales, apartado del que se ocupa \u00e9l personalmente y que es la que le lleva a visitar personalmente a sus clientes, para conocerlos y transmitirles confianza. <em>No son tr\u00e1mites sencillos, ni baratos, y por eso es importante generar esa corriente de confianza<\/em>.<\/p>\n<p>A modo de ejemplo explica que <em>entre 2003 y 2004 se produjo una fiebre de importaci\u00f3n de turismos norteamericanos. Se puso en contacto con nosotros una empresa canadiense, que quer\u00eda que fu\u00e9semos sus colaboradores aqu\u00ed en Espa\u00f1a. Necesitaba saber qui\u00e9nes eran y c\u00f3mo trabajaban, por lo que le dije a mi mujer que cog\u00edamos un vuelo y nos plantamos en Montreal para conocerlos. Necesito saber con qui\u00e9n trabajo y que haya confianza.<\/em><\/p>\n<p>Pero la pasi\u00f3n por los coches, estuvo a punto de llevarle al mundo de la competici\u00f3n. <em>Cuando era joven, todo lo que ganaba lo invert\u00eda en coches. Como Araceli trabajaba s\u00e1bados y domingos, yo iba a buscarla en coche, un SEAT 1430 que ten\u00eda preparado para competir. Iba a adquirir la equipaci\u00f3n para participar en pruebas de subidas en cuesta, muy populares en aquella \u00e9poca en Barcelona, como las del Montseny o la Rabasada. Pero, en aqu\u00e9l momento, tanto mi madre, como Araceli, absolutamente compungidas, me hicieron ver los peligros de mi aventura y desist\u00ed. Desde entonces, cuando he podido, he tenido coches de alta gama, como dos Porsche, un Bentley o, lo que para m\u00ed ha sido el gran reto, un Ferrari F-430 Monza Spider.<\/em><\/p>\n<p>Al hilo de este \u00faltimo veh\u00edculo, la an\u00e9cdota fue que en 2006, tras dos a\u00f1os de espera,\u00a0 atendiendo los plazos m\u00ednimos de entrega, pr\u00e1cticamente embalado, lo mont\u00f3 en un cami\u00f3n y lo traslad\u00f3 hasta Villanueva de la Serena, en cumplimiento de la promesa y el compromiso verbal de ense\u00f1\u00e1rselo que le hab\u00eda hecho a su amigo de la infancia, Joaqu\u00edn Hidalgo. Incluso fueron con el coche a recoger al hijo de \u00e9ste al instituto, causando el l\u00f3gico revuelo.<\/p>\n<p>Ahora Prudencio aspira a poner la misma pasi\u00f3n en la renovaci\u00f3n del Hogar Extreme\u00f1o de Barcelona y seguir profundizando, y compartiendo, el conocimiento de Extremadura.<\/p>\n<!-- AddThis Advanced Settings generic via filter on the_content --><!-- AddThis Share Buttons generic via filter on the_content -->","protected":false},"excerpt":{"rendered":"<p>Empresario de \u00e9xito forjado a s\u00ed mismo, amante de los coches, viajero impenitente, interesado por las nuevas tecnolog\u00edas y cuanto ocurre a su alrededor en estos convulsos tiempos que vivimos;\u00a0 Prudencio Exojo, natural de Villanueva de la Serena, es desde hace casi tres a\u00f1os el presidente del Hogar Extreme\u00f1o de Barcelona. Su gran objetivo en [&hellip;]<!-- AddThis Advanced Settings generic via filter on get_the_excerpt --><!-- AddThis Share Buttons generic via filter on get_the_excerpt --><\/p>\n","protected":false},"author":51,"featured_media":0,"comment_status":"open","ping_status":"closed","sticky":false,"template":"","format":"standard","meta":[],"categories":[7],"tags":[29,64,87,110,216,255,282,297,359,414,500,514],"_links":{"self":[{"href":"https:\/\/blogs.hoy.es\/catalanaconjamon\/wp-json\/wp\/v2\/posts\/161"}],"collection":[{"href":"https:\/\/blogs.hoy.es\/catalanaconjamon\/wp-json\/wp\/v2\/posts"}],"about":[{"href":"https:\/\/blogs.hoy.es\/catalanaconjamon\/wp-json\/wp\/v2\/types\/post"}],"author":[{"embeddable":true,"href":"https:\/\/blogs.hoy.es\/catalanaconjamon\/wp-json\/wp\/v2\/users\/51"}],"replies":[{"embeddable":true,"href":"https:\/\/blogs.hoy.es\/catalanaconjamon\/wp-json\/wp\/v2\/comments?post=161"}],"version-history":[{"count":0,"href":"https:\/\/blogs.hoy.es\/catalanaconjamon\/wp-json\/wp\/v2\/posts\/161\/revisions"}],"wp:attachment":[{"href":"https:\/\/blogs.hoy.es\/catalanaconjamon\/wp-json\/wp\/v2\/media?parent=161"}],"wp:term":[{"taxonomy":"category","embeddable":true,"href":"https:\/\/blogs.hoy.es\/catalanaconjamon\/wp-json\/wp\/v2\/categories?post=161"},{"taxonomy":"post_tag","embeddable":true,"href":"https:\/\/blogs.hoy.es\/catalanaconjamon\/wp-json\/wp\/v2\/tags?post=161"}],"curies":[{"name":"wp","href":"https:\/\/api.w.org\/{rel}","templated":true}]}}