{"id":165,"date":"2013-07-22T07:20:45","date_gmt":"2013-07-22T05:20:45","guid":{"rendered":"http:\/\/blogs.hoy.es\/catalanaconjamon\/?p=165"},"modified":"2013-07-22T07:20:45","modified_gmt":"2013-07-22T05:20:45","slug":"juan-moreno-aragoneses-un-mestre-de-catala-peleno-que-podria-haber-sido-un-senor-feudal","status":"publish","type":"post","link":"https:\/\/blogs.hoy.es\/catalanaconjamon\/2013\/07\/22\/juan-moreno-aragoneses-un-mestre-de-catala-peleno-que-podria-haber-sido-un-senor-feudal\/","title":{"rendered":"Juan Moreno Aragoneses, un \u201cmestre de catal\u00e0\u201d pele\u00f1o que podr\u00eda haber sido un se\u00f1or feudal"},"content":{"rendered":"<div id=\"attachment_167\" style=\"width: 617px\" class=\"wp-caption aligncenter\"><a href=\"\/catalanaconjamon\/wp-content\/uploads\/sites\/49\/2013\/07\/Maqueta-Guadalupe1.jpg\"><img aria-describedby=\"caption-attachment-167\" loading=\"lazy\" class=\" wp-image-167\" title=\"Maqueta Guadalupe\" src=\"\/catalanaconjamon\/wp-content\/uploads\/sites\/49\/2013\/07\/Maqueta-Guadalupe1.jpg\" alt=\"\" width=\"607\" height=\"390\" srcset=\"https:\/\/static-blogs.hoy.es\/wp-content\/uploads\/sites\/49\/2013\/07\/Maqueta-Guadalupe1.jpg 1265w, https:\/\/static-blogs.hoy.es\/wp-content\/uploads\/sites\/49\/2013\/07\/Maqueta-Guadalupe1-300x193.jpg 300w, https:\/\/static-blogs.hoy.es\/wp-content\/uploads\/sites\/49\/2013\/07\/Maqueta-Guadalupe1-768x495.jpg 768w, https:\/\/static-blogs.hoy.es\/wp-content\/uploads\/sites\/49\/2013\/07\/Maqueta-Guadalupe1-1024x660.jpg 1024w\" sizes=\"(max-width: 607px) 100vw, 607px\" \/><\/a><p id=\"caption-attachment-167\" class=\"wp-caption-text\">Maqueta del Monasterio de Guadalupe realizada por Juan Moreno<\/p><\/div>\n<p><strong>Nacido en 1947 en la localidad de Navalvillar de Pela (Badajoz), Juan Moreno Aragoneses es una persona interesada y practicante de una amplia variedad de disciplinas, desde la pintura a la escultura, pasando por la poes\u00eda, el ajedrez, la numism\u00e1tica, las maquetas o la divulgaci\u00f3n hist\u00f3rica. Amante de los castillos cree que, de existir la reencarnaci\u00f3n, en otra vida habr\u00eda sido un se\u00f1or feudal. Desde 1971 reside en el barrio de La Salut de Badalona, habiendo dedicado casi toda su vida profesional a la educaci\u00f3n, entre otras cosas como <em>Mestre de catal\u00e0.<\/em><\/strong><\/p>\n<p>Su primer contacto con Catalu\u00f1a se produce en el verano de 1970, \u00a0como gu\u00eda de turismo con la empresa \u201cPuente Cultural\u201d, en un hotel de Salou. De all\u00ed se traslad\u00f3, tambi\u00e9n como gu\u00eda, a Lisboa. \u00a0<em>Regres\u00e9 a Barcelona por vacaciones <\/em>\u2013nos explica- <em>para ver a mi novia Carmen <\/em>\u2013su actual esposa-<em>, que tambi\u00e9n hab\u00eda ido a la Ciudad Condal de visita, pero se hab\u00eda quedado ya trabajando.<\/em> <em>Como en esta \u00e9poca cambi\u00f3 el sistema de ense\u00f1anza, sal\u00edan a diario ofertas de trabajo para maestros titulados, por lo que, atendiendo una de estas, se me ofreci\u00f3 la subdirecci\u00f3n de un centro de ense\u00f1anza en Badalona y, a pesar de encontrarme muy a gusto en Lisboa, acept\u00e9 el cargo.<\/em><\/p>\n<div id=\"attachment_168\" style=\"width: 284px\" class=\"wp-caption alignright\"><a href=\"\/catalanaconjamon\/wp-content\/uploads\/sites\/49\/2013\/07\/Juan-Moreno.jpg\"><img aria-describedby=\"caption-attachment-168\" loading=\"lazy\" class=\" wp-image-168\" title=\"Juan Moreno\" src=\"\/catalanaconjamon\/wp-content\/uploads\/sites\/49\/2013\/07\/Juan-Moreno.jpg\" alt=\"\" width=\"274\" height=\"414\" \/><\/a><p id=\"caption-attachment-168\" class=\"wp-caption-text\">Juan Moreno Aragoneses, con una de sus obras<\/p><\/div>\n<p>A partir del curso escolar 1971-72 ejerci\u00f3 en Badalona como subdirector del Colegio Albert hasta 1975 y como director hasta 1995. Ese a\u00f1o, debido a la crisis de natalidad, cerr\u00f3 el centro, por lo que al curso siguiente\u00a0 me traslad\u00e9 al Colegio San Jos\u00e9 Obrero de L\u2019Hospitalet, del que fue secretario y subdirector hasta su jubilaci\u00f3n en 2012.<\/p>\n<p>Comprobamos que durante m\u00e1s de cuarenta a\u00f1os la vida profesional de Juan Moreno Aragoneses ha estado ligada, casi siempre, al \u00e1mbito pedag\u00f3gico, al mundo de la ense\u00f1anza. Empez\u00f3 como interino en 1967, en una escuela unitaria de Obando, pedan\u00eda de Navalvillar de Pela. <em>Mi vocaci\u00f3n<\/em> \u2013dice Juan-, <em>posiblemente vinculada al tiempo libre que me dejaba para dedicarme a mis otras aficiones, ha sido la ense\u00f1anza y, salvo el peque\u00f1o periodo de la milicia forzosa y el de gu\u00eda de turismo en Portugal, a ella he dedicado\u00a0 mi vida laboral. He asistido a todo tipo de cambios y m\u00e1s aqu\u00ed en Catalu\u00f1a,<\/em> <em>donde se me present\u00f3 la disyuntiva de aceptar el catal\u00e1n como lengua vehicular \u00a0o regresar de nuevo a mi tierra y retomar mi interinidad en un pueblo, como hicieron un gran n\u00famero de mis compa\u00f1eros.<\/em> <em>Pero yo, decidido por mis hijos a seguir en Catalu\u00f1a, obtuve el t\u00edtulo de \u201cMestre de catal\u00e0\u201d<\/em>. <em>\u00a0No sin problemas, \u00a0comenc\u00e9 a redactar, como secretario, toda la documentaci\u00f3n del centro en el idioma aut\u00f3ctono que, voluntariamente aceptado, y siempre pronunciado con el acento extreme\u00f1o, forma ya parte de mi bagaje cultural.<\/em> Como an\u00e9cdota relacionada con ese acento, nos cuenta que realizando la \u00a0matriculaci\u00f3n de un alumno en el colegio, l\u00f3gicamente hablando en catal\u00e1n, la madre del ni\u00f1o, que era de Villanueva de la Serena, me dijo: <em>perdone, \u00bfes usted extreme\u00f1o?<\/em><em><\/em><\/p>\n<p><strong>Historias pele\u00f1as<\/strong><\/p>\n<p>Interesado, como ya queda dicho, por multitud de disciplinas, Juan Moreno Aragoneses confiesa que <em>mi aliciente como persona es la curiosidad, y mi defecto que, una vez satisfecha \u00e9sta, abandono toda relaci\u00f3n con lo aprendido y comienzo una nueva aventura, con lo que nunca puedo llegar al dominio puntual de una disciplina.<\/em><\/p>\n<p>Pese a esta aseveraci\u00f3n, siente una especial predilecci\u00f3n por la investigaci\u00f3n hist\u00f3rica, que justifica precisamente en el hecho de que <em>nadie supo responderme las preguntas que, como curioso empedernido, hac\u00eda sobre la fundaci\u00f3n, historia y evoluci\u00f3n de mi pueblo natal, Navalvillar de Pela. \u00a0<\/em>Nunca ha perdido esa atracci\u00f3n por la historia pele\u00f1a. <em>Mi principal relaci\u00f3n socio-cultural con Navalvillar de Pela <\/em>\u2013comenta-<em>, menor de la que yo desear\u00eda, es la de pertenecer a la asociaci\u00f3n \u201cPe\u00f1uelas Llanas\u201d, que me honro en presidir y de la que fui cofundador con otro grupo de maestros y amigos. El objetivo de la misma es realizar investigaciones y mantener vivas las tradiciones del pueblo pele\u00f1o, colaborando as\u00ed con las actividades de la Universidad Popular de Navalvillar de Pela.<\/em><em><\/em><\/p>\n<div id=\"attachment_170\" style=\"width: 336px\" class=\"wp-caption alignleft\"><a href=\"\/catalanaconjamon\/wp-content\/uploads\/sites\/49\/2013\/07\/Dibujo-Juan-Moreno.jpg\"><img aria-describedby=\"caption-attachment-170\" loading=\"lazy\" class=\" wp-image-170\" title=\"Dibujo Juan Moreno\" src=\"\/catalanaconjamon\/wp-content\/uploads\/sites\/49\/2013\/07\/Dibujo-Juan-Moreno.jpg\" alt=\"\" width=\"326\" height=\"231\" srcset=\"https:\/\/static-blogs.hoy.es\/wp-content\/uploads\/sites\/49\/2013\/07\/Dibujo-Juan-Moreno.jpg 1369w, https:\/\/static-blogs.hoy.es\/wp-content\/uploads\/sites\/49\/2013\/07\/Dibujo-Juan-Moreno-300x214.jpg 300w, https:\/\/static-blogs.hoy.es\/wp-content\/uploads\/sites\/49\/2013\/07\/Dibujo-Juan-Moreno-768x547.jpg 768w, https:\/\/static-blogs.hoy.es\/wp-content\/uploads\/sites\/49\/2013\/07\/Dibujo-Juan-Moreno-1024x729.jpg 1024w\" sizes=\"(max-width: 326px) 100vw, 326px\" \/><\/a><p id=\"caption-attachment-170\" class=\"wp-caption-text\">Dibujo a plumilla de parte de la ciudad antigua de C\u00e1ceres<\/p><\/div>\n<p>Sus estudios e inter\u00e9s por la historia pele\u00f1a, se han visto reconocidos en diversas ocasiones, como en 1993, en el que recibi\u00f3 el Primer Premio OPAS (\u00d3rgano de Patrocinio y Acci\u00f3n Social), otorgado por la investigaci\u00f3n y divulgaci\u00f3n de la historia y tradiciones populares de Navalvillar de Pela; o en 2009, con el\u00a0 Diploma y premio del Centro de Desarrollo Rural de Extremadura, otorgado por la Mejor Labor Cultural en la Comarca de la Siberia. En la actualidad est\u00e1 terminando un nuevo libro, cuyo t\u00edtulo es <em>Historia de Pela y cr\u00f3nica de Navalvillar<\/em>, en el que sigue profundizando en la investigaci\u00f3n hist\u00f3rica sobre su pueblo natal.<\/p>\n<p><strong>Pasi\u00f3n por los castillos<\/strong><\/p>\n<p>Pero su actividad no se ha circunscrito a su localidad natal, sino que es autor de otros vol\u00famenes que hacen referencia a Extremadura en su conjunto, como <em>Mi ruta por 107 castillos extreme\u00f1os<\/em>, publicado conjuntamente por la diputaciones de C\u00e1ceres y Badajoz en 2006; o <em>Breviario hist\u00f3rico por 225 cenobios extreme\u00f1os, <\/em>editado en 2010 por la diputaci\u00f3n pacense.<\/p>\n<p>Son precisamente los primeros, los castillos, por los que siente una atracci\u00f3n especial. <em>Pienso que si creyera en la reencarnaci\u00f3n, yo fui en la otra vida se\u00f1or feudal, ya que en los castillos me encuentro como en mi propia casa, conociendo sus estructuras, defensas, dependencias, etc., hasta el punto que ya de bien peque\u00f1o, con 6 \u00f3 7 a\u00f1os, los \u00a0constru\u00eda de corcha para jugar con los amigos. <\/em>Como an\u00e9cdota<em> <\/em>cuenta que una vez que visit\u00f3 la localidad almeriense de V\u00e9lez Blanco, con motivo de una boda, iba explicando a los amigos las partes del castillo, hasta que acab\u00f3 rodeado por todos los turistas que hab\u00eda all\u00ed, teniendo que hacerles entender que \u00e9l no era el gu\u00eda oficial<em>.<\/em><\/p>\n<p>Juan piensa que en Extremadura<em> poseemos de ellos un patrimonio envidiable: dos alcazabas de las m\u00e1s grandes de Espa\u00f1a, bastiones se\u00f1oriales perfectamente conservados, Alburquerque, Las Seguras, Las Herguijuelas,\u2026, roqueros como el de Puebla, con unas vistas impresionantes sobre las aguas embalsadas del Z\u00fajar y el Guadiana. Para m\u00ed, todo este patrimonio, tur\u00edsticamente hablando, est\u00e1 \u00a0desaprovechado, tanto por los propios extreme\u00f1os, ya que muchos no conocen su propia tierra, como en la promoci\u00f3n que de ellos se hace en otras autonom\u00edas o en el extranjero. <\/em><\/p>\n<p>Acabamos la conversaci\u00f3n con Juan Moreno Aragoneses hablando de uno de sus sue\u00f1os sin cumplir: <em>Mi proyecto pendiente es terminar el recortable de la maqueta del Monasterio de Guadalupe, ya que son diez a\u00f1os de trabajo y tan s\u00f3lo me falta escribir las instrucciones de montaje de las cerca de mil piezas de que consta. Pero la verdad es que como yo ya la he visto terminada, para esto de los detalles engorrosos soy un verdadero desastre<\/em>.<\/p>\n<!-- AddThis Advanced Settings generic via filter on the_content --><!-- AddThis Share Buttons generic via filter on the_content -->","protected":false},"excerpt":{"rendered":"<p>Nacido en 1947 en la localidad de Navalvillar de Pela (Badajoz), Juan Moreno Aragoneses es una persona interesada y practicante de una amplia variedad de disciplinas, desde la pintura a la escultura, pasando por la poes\u00eda, el ajedrez, la numism\u00e1tica, las maquetas o la divulgaci\u00f3n hist\u00f3rica. Amante de los castillos cree que, de existir la [&hellip;]<!-- AddThis Advanced Settings generic via filter on get_the_excerpt --><!-- AddThis Share Buttons generic via filter on get_the_excerpt --><\/p>\n","protected":false},"author":51,"featured_media":0,"comment_status":"open","ping_status":"closed","sticky":false,"template":"","format":"standard","meta":[],"categories":[7],"tags":[69,120,128,143,145,203,251,300,306,317,358,364,373,401],"_links":{"self":[{"href":"https:\/\/blogs.hoy.es\/catalanaconjamon\/wp-json\/wp\/v2\/posts\/165"}],"collection":[{"href":"https:\/\/blogs.hoy.es\/catalanaconjamon\/wp-json\/wp\/v2\/posts"}],"about":[{"href":"https:\/\/blogs.hoy.es\/catalanaconjamon\/wp-json\/wp\/v2\/types\/post"}],"author":[{"embeddable":true,"href":"https:\/\/blogs.hoy.es\/catalanaconjamon\/wp-json\/wp\/v2\/users\/51"}],"replies":[{"embeddable":true,"href":"https:\/\/blogs.hoy.es\/catalanaconjamon\/wp-json\/wp\/v2\/comments?post=165"}],"version-history":[{"count":0,"href":"https:\/\/blogs.hoy.es\/catalanaconjamon\/wp-json\/wp\/v2\/posts\/165\/revisions"}],"wp:attachment":[{"href":"https:\/\/blogs.hoy.es\/catalanaconjamon\/wp-json\/wp\/v2\/media?parent=165"}],"wp:term":[{"taxonomy":"category","embeddable":true,"href":"https:\/\/blogs.hoy.es\/catalanaconjamon\/wp-json\/wp\/v2\/categories?post=165"},{"taxonomy":"post_tag","embeddable":true,"href":"https:\/\/blogs.hoy.es\/catalanaconjamon\/wp-json\/wp\/v2\/tags?post=165"}],"curies":[{"name":"wp","href":"https:\/\/api.w.org\/{rel}","templated":true}]}}