{"id":17,"date":"2012-05-24T15:53:00","date_gmt":"2012-05-24T15:53:00","guid":{"rendered":"http:\/\/blogs.hoy.es\/catalanaconjamon\/2012\/05\/24\/juancho-perez-un-campeon-del-mundo-que-intenta-que-el-balonmano-extremeno-sobreviva-a-nivel-nacional\/"},"modified":"2012-05-24T15:53:00","modified_gmt":"2012-05-24T15:53:00","slug":"juancho-perez-un-campeon-del-mundo-que-intenta-que-el-balonmano-extremeno-sobreviva-a-nivel-nacional","status":"publish","type":"post","link":"https:\/\/blogs.hoy.es\/catalanaconjamon\/2012\/05\/24\/juancho-perez-un-campeon-del-mundo-que-intenta-que-el-balonmano-extremeno-sobreviva-a-nivel-nacional\/","title":{"rendered":">Juancho P\u00e9rez, un campe\u00f3n del mundo que intenta que el balonmano extreme\u00f1o sobreviva a nivel nacional"},"content":{"rendered":"<p>><\/p>\n<div class=\"MsoNormal\"><b>Juan P\u00e9rez M\u00e1rquez, Juancho P\u00e9rez para el mundo del balonmano, es uno de los deportistas extreme\u00f1os m\u00e1s ilustres de la historia. A sus 38 a\u00f1os, este badajocense puede lucir entre sus galardones la medalla de oro del Mundial de T\u00fanez de 2005, las medallas de bronce de los Juegos Ol\u00edmpicos de Atlanta 1996 y Sidney 2000, o el m\u00e1ximo reconocimiento que concede la comunidad aut\u00f3noma extreme\u00f1a, la Medalla de Extremadura, que recibi\u00f3 en 1996. Ahora, desde la presidencia del Club Balonmano Escubal de Badajoz, sigue empe\u00f1ado en su objetivo de conseguir que el balonmano de nivel arraigue en la regi\u00f3n.<\/b><\/div>\n<div class=\"MsoNormal\"><\/div>\n<div class=\"MsoNormal\" style=\"text-align: justify\"><\/div>\n<table cellpadding=\"0\" cellspacing=\"0\" class=\"tr-caption-container\" style=\"float: right;margin-left: 1em;text-align: right\">\n<tbody>\n<tr>\n<td style=\"text-align: center\"><a href=\"http:\/\/3.bp.blogspot.com\/-rcqoJWMfRIM\/T75W5eF_qmI\/AAAAAAAABhE\/LAEPAKSiYtA\/s1600\/juancho+perez+selecci%C3%B3n.jpg\"><img loading=\"lazy\" border=\"0\" height=\"320\" src=\"\/\/3.bp.blogspot.com\/-rcqoJWMfRIM\/T75W5eF_qmI\/AAAAAAAABhE\/LAEPAKSiYtA\/s320\/juancho+perez+selecci%C3%B3n.jpg\" width=\"306\" \/><\/a><\/td>\n<\/tr>\n<tr>\n<td class=\"tr-caption\" style=\"text-align: center\">En un partido con la selecci\u00f3n espa\u00f1ola<\/td>\n<\/tr>\n<\/tbody>\n<\/table>\n<div class=\"MsoNormal\" style=\"text-align: left\"><b><span>Juancho P\u00e9rez<\/span><\/b><span> estuvo ligado durante dos temporadas a la disciplina del <a href=\"http:\/\/arxiu.fcbarcelona.cat\/web\/catala\/noticies\/handbol\/temporada08-09\/12\/n081209106496.html\">F.C.Barcelona<\/a>, durante las temporadas 1994\/95 y 1995\/96. En ese lapso de tiempo su curr\u00edculo se engros\u00f3 con una Liga Asobal, una Copa de Europa, una Recopa de Europa y dos Copas Asobal.<\/span><\/div>\n<div class=\"MsoNormal\" style=\"margin-bottom: .0001pt;margin-bottom: 0cm;text-align: justify\"><b><i><span>\u00bfC\u00f3mo recuerdas aquellos dos a\u00f1os en F.C.Barcelona?<\/span><\/i><\/b><b><span> <\/span><\/b><\/div>\n<div class=\"MsoNormal\" style=\"margin-bottom: 0.0001pt;text-align: left\"><span>Yo estuve dos&nbsp;temporadas en el Bar\u00e7a. Llegu\u00e9 con 20 a\u00f1os y&nbsp;sal\u00ed con 22. Fueron dos a\u00f1os duros por la din\u00e1mica del equipo, el vestuario estaba fragmentado y eso para un novato en estas lides no fue&nbsp;una ayuda. Pero para m\u00ed fueron un mini-m\u00e1ster. Sab\u00eda que cada&nbsp;momento ten\u00eda una oportunidad \u00fanica de aprender y as\u00ed lo hice.<\/span><\/div>\n<div class=\"MsoNormal\" style=\"margin-bottom: .0001pt;margin-bottom: 0cm;text-align: justify\"><b><i><span>\u00bfQu\u00e9 hac\u00edas en el tiempo libre que te dejaban tus obligaciones deportivas?<\/span><\/i><\/b><\/div>\n<div class=\"MsoNormal\" style=\"margin-bottom: .0001pt;margin-bottom: 0cm;text-align: justify\"><span>En el poqu\u00edsimo tiempo libre que ten\u00eda me gustaba pasear por el Barrio G\u00f3tico o acercarme&nbsp;a un cine que estaba por encima de la&nbsp;travesera de Les Corts, casi en Carlos III. Ten\u00eda salas peque\u00f1as y proyectaban muchas pel\u00edculas en versi\u00f3n original, que eran una delicia.<\/span><\/div>\n<div class=\"MsoNormal\" style=\"margin-bottom: .0001pt;margin-bottom: 0cm;text-align: justify\"><b><i><span>\u00bfTuviste tiempo de recorrer algunos lugares de Catalunya?, \u00bfalguno que te agradase especialmente?<\/span><\/i><\/b><b><i><span><\/span><\/i><\/b><\/div>\n<div class=\"MsoNormal\" style=\"margin-bottom: .0001pt;margin-bottom: 0cm;text-align: justify\"><span>Desafortunadamente no. Los deportistas <i>hacemos muchos kil\u00f3metros<\/i>, pero los disfrutamos poco.<\/span><\/div>\n<div class=\"MsoNormal\" style=\"margin-bottom: .0001pt;margin-bottom: 0cm;text-align: justify\"><\/div>\n<div class=\"MsoNormal\" style=\"margin-bottom: 0.0001pt;text-align: justify\"><a href=\"http:\/\/4.bp.blogspot.com\/-NNpD2zd4hj8\/T75Xf-G4tzI\/AAAAAAAABhM\/mLUwL2IbNHI\/s1600\/escubal.jpg\"><img border=\"0\" src=\"\/\/4.bp.blogspot.com\/-NNpD2zd4hj8\/T75Xf-G4tzI\/AAAAAAAABhM\/mLUwL2IbNHI\/s1600\/escubal.jpg\" \/><\/a><span><b>El Escubal Badajoz<\/b> <\/span><\/div>\n<div class=\"MsoNormal\" style=\"margin-bottom: .0001pt;margin-bottom: 0cm;text-align: justify\"><span>En la motivaci\u00f3n de la concesi\u00f3n de la Medalla de Extremadura en 1996, a Juancho se le define <i>como un deportista intr\u00e9pido, al que le gusta<\/i><\/span><b><i><span> <\/span><\/i><\/b><i><span>el riesgo y apostar fuerte por \u00e9l mismo; prueba evidente de ello<\/span><\/i><b><i><span><\/span><\/i><\/b><i><span>son sus declaraciones a la vuelta de Atlanta, donde consigui\u00f3 la<\/span><\/i><b><i><span> <\/span><\/i><\/b><i><span>medalla de bronce con la selecci\u00f3n nacional de balonmano, cuando<\/span><\/i><b><i><span><\/span><\/i><\/b><i><span>afirm\u00f3 haber abandonado el F.C. Barcelona por no querer convertirse en un funcionario del deporte<\/span><\/i><span>.<\/span><\/div>\n<div class=\"MsoNormal\" style=\"margin-bottom: .0001pt;margin-bottom: 0cm;text-align: justify\"><span>Tras su salida del equipo catal\u00e1n, su periplo profesional le llev\u00f3 al Balonmano Valladolid (1996-1998), Ademar Le\u00f3n (1998-2002) y Portland San Antonio de Pamplona (2002-2009).<\/span><\/div>\n<div class=\"MsoNormal\" style=\"margin-bottom: .0001pt;margin-bottom: 0cm;text-align: justify\"><b><i><span>Despu\u00e9s de muchos a\u00f1os de estar en la \u00e9lite del balonmano espa\u00f1ol, con recuerdos imborrables, regresas a Badajoz y coges las riendas del <a href=\"http:\/\/www.escubalbadajoz.com\/\">Escubal<\/a>. Por segundo a\u00f1o consecutivo el equipo ha conseguido la permanencia en la categor\u00eda de plata, pese a los graves problemas econ\u00f3micos. \u00bfQu\u00e9 es lo mejor de esta experiencia y qu\u00e9 es lo peor?<\/span><\/i><\/b><b><i><span><\/span><\/i><\/b><\/div>\n<div class=\"MsoNormal\" style=\"margin-bottom: .0001pt;margin-bottom: 0cm;text-align: justify\"><span>Lo peor, sin duda, es el dificil\u00edsimo marco econ\u00f3mico en el que&nbsp;sobrevivimos; lo mejor que esta temporada hay 7 extreme\u00f1os, m\u00e1s todo el cuerpo t\u00e9cnico, compitiendo en la Divisi\u00f3n de Honor Plata del balonmano espa\u00f1ol.<\/span><\/div>\n<div class=\"MsoNormal\" style=\"margin-bottom: .0001pt;margin-bottom: 0cm;text-align: justify\"><b><i><span>\u00bfC\u00f3mo ves el futuro?, \u00bfpor qu\u00e9 es tan dif\u00edcil enganchar al p\u00fablico de Badajoz, no s\u00f3lo con el balonmano, sino con otros deportes, incluido el f\u00fatbol?<\/span><\/i><\/b><\/div>\n<div class=\"MsoNormal\" style=\"margin-bottom: .0001pt;margin-bottom: 0cm;text-align: justify\"><span>Tenemos el inconveniente de que en Badajoz la gente acostumbra a disfrutar de los c\u00e1lidos inviernos en el campo o visitando a la familia en sus pueblos de origen. En&nbsp;el norte de Europa, la gente entra en el pabell\u00f3n a las 10 de la ma\u00f1ana, juegan los peques, hacen un lunch, ven el partido de los mayores y se van a casa&nbsp;con 5-10&nbsp;grados bajo cero. Nosotros <i>vivimos<\/i>en la calle y cuesta mucho cambiar esa tradici\u00f3n.<\/span><\/div>\n<div class=\"MsoNormal\" style=\"margin-bottom: .0001pt;margin-bottom: 0cm;text-align: justify\"><b><i><span>Profesionalmente hoy sigues teniendo vinculaci\u00f3n con Catalunya, pues si no me equivoco colaboras con la empresa de medicina deportiva que dirige el que fuera capit\u00e1n del Barcelona de balonmano, Joan Sagal\u00e9s. \u00bfEs correcto?, \u00bfnos podr\u00edas explicar en qu\u00e9 consiste esa relaci\u00f3n?<\/span><\/i><\/b><b><i><span><\/span><\/i><\/b><\/div>\n<div class=\"MsoNormal\" style=\"margin-bottom: .0001pt;margin-bottom: 0cm;text-align: justify\"><span>Afortunadamente soy delegado de ventas de <a href=\"http:\/\/www.medcomtech.es\/\">Medcomtech<\/a>, empresa afincada en la localidad barcelonesa de Viladecans, cuyo manager es <a href=\"http:\/\/www.expansion.com\/2011\/08\/25\/entorno\/1314306705.html?a=5a02992215f9491055582d1e6ba2e7aa&#038;t=1337874418\"><b>Joan Sagal\u00e9s<\/b><\/a>. Vendemos material de traumatolog\u00eda (pr\u00f3tesis, placas, tornillos quir\u00fargicos, etc.). Tuve la fortuna de contactar con ellos cuando estaban cubriendo el resto de territorio nacional y no ten\u00edan a nadie en Extremadura.<\/span><\/div>\n<div class=\"MsoNormal\" style=\"margin-bottom: .0001pt;margin-bottom: 0cm;text-align: justify\"><b><i><span>Alguna reflexi\u00f3n ante las muestras de incomprensi\u00f3n que muchas veces presiden las relaciones entre Extremadura y Catalunya, sobre todo protagonizadas por los pol\u00edticos. \u00bfNo ser\u00eda mejor profundizar en lo que nos une, que alentar las discrepancias que se producen?<\/span><\/i><\/b><b><i><span><\/span><\/i><\/b><\/div>\n<div class=\"MsoNormal\" style=\"margin-bottom: .0001pt;margin-bottom: 0cm;text-align: justify\"><span>Si nos metemos en <i>pol\u00edtica<\/i> se oscurece todo. A los extremistas nacionalistas les resulta facil\u00edsimo <i>darle ca\u00f1a<\/i> a nuestra tierra, porque su demagogia la convierten en votos incultos autom\u00e1ticamente. Aqu\u00ed nadie olvida la cantidad de paisanos que fueron acogidos&nbsp;all\u00ed en los <i>a\u00f1os del hambre<\/i>. No he o\u00eddo a ning\u00fan extreme\u00f1o criticar a Catalu\u00f1a, porque nos ha dado de comer a muchos.<\/span><\/div>\n<div class=\"MsoNormal\" style=\"margin-bottom: .0001pt;margin-bottom: 0cm;text-align: justify\"><span>Est\u00e1 clar\u00edsimo que las <i>chispas<\/i> saltan por motivos <b>totalmente<\/b> malintencionados, de <i>se\u00f1ores<\/i> que no pueden aportar ideas v\u00e1lidas en estos momentos tan dif\u00edciles y <b>solo<\/b>ocupan titulares en los peri\u00f3dicos diciendo estupideces.<\/span><\/div>\n<div class=\"MsoNormal\" style=\"margin-bottom: .0001pt;margin-bottom: 0cm;text-align: justify\"><span>Y s\u00ed, sin ir m\u00e1s lejos, yo desayuno&#8230; una catalana con jam\u00f3n, extreme\u00f1o, eso s\u00ed.<\/span><b><i><span><\/span><\/i><\/b><\/div>\n<div class=\"MsoNormal\"><\/div>\n<!-- AddThis Advanced Settings generic via filter on the_content --><!-- AddThis Share Buttons generic via filter on the_content -->","protected":false},"excerpt":{"rendered":"<p>> Juan P\u00e9rez M\u00e1rquez, Juancho P\u00e9rez para el mundo del balonmano, es uno de los deportistas extreme\u00f1os m\u00e1s ilustres de la historia. A sus 38 a\u00f1os, este badajocense puede lucir entre sus galardones la medalla de oro del Mundial de T\u00fanez de 2005, las medallas de bronce de los Juegos Ol\u00edmpicos de Atlanta 1996 y [&hellip;]<!-- AddThis Advanced Settings generic via filter on get_the_excerpt --><!-- AddThis Share Buttons generic via filter on get_the_excerpt --><\/p>\n","protected":false},"author":51,"featured_media":0,"comment_status":"open","ping_status":"closed","sticky":false,"template":"","format":"standard","meta":[],"categories":[7],"tags":[],"_links":{"self":[{"href":"https:\/\/blogs.hoy.es\/catalanaconjamon\/wp-json\/wp\/v2\/posts\/17"}],"collection":[{"href":"https:\/\/blogs.hoy.es\/catalanaconjamon\/wp-json\/wp\/v2\/posts"}],"about":[{"href":"https:\/\/blogs.hoy.es\/catalanaconjamon\/wp-json\/wp\/v2\/types\/post"}],"author":[{"embeddable":true,"href":"https:\/\/blogs.hoy.es\/catalanaconjamon\/wp-json\/wp\/v2\/users\/51"}],"replies":[{"embeddable":true,"href":"https:\/\/blogs.hoy.es\/catalanaconjamon\/wp-json\/wp\/v2\/comments?post=17"}],"version-history":[{"count":0,"href":"https:\/\/blogs.hoy.es\/catalanaconjamon\/wp-json\/wp\/v2\/posts\/17\/revisions"}],"wp:attachment":[{"href":"https:\/\/blogs.hoy.es\/catalanaconjamon\/wp-json\/wp\/v2\/media?parent=17"}],"wp:term":[{"taxonomy":"category","embeddable":true,"href":"https:\/\/blogs.hoy.es\/catalanaconjamon\/wp-json\/wp\/v2\/categories?post=17"},{"taxonomy":"post_tag","embeddable":true,"href":"https:\/\/blogs.hoy.es\/catalanaconjamon\/wp-json\/wp\/v2\/tags?post=17"}],"curies":[{"name":"wp","href":"https:\/\/api.w.org\/{rel}","templated":true}]}}