{"id":177,"date":"2013-10-05T11:10:37","date_gmt":"2013-10-05T09:10:37","guid":{"rendered":"http:\/\/blogs.hoy.es\/catalanaconjamon\/?p=177"},"modified":"2013-10-05T11:10:37","modified_gmt":"2013-10-05T09:10:37","slug":"pregon-catameno-en-la-nueva-sede-del-hogar-extremeno-de-barcelona","status":"publish","type":"post","link":"https:\/\/blogs.hoy.es\/catalanaconjamon\/2013\/10\/05\/pregon-catameno-en-la-nueva-sede-del-hogar-extremeno-de-barcelona\/","title":{"rendered":"Preg\u00f3n \u201ccatame\u00f1o\u201d en la nueva sede del Hogar Extreme\u00f1o de Barcelona"},"content":{"rendered":"<div id=\"attachment_178\" style=\"width: 676px\" class=\"wp-caption aligncenter\"><a href=\"\/catalanaconjamon\/wp-content\/uploads\/sites\/49\/2013\/10\/Preg\u00f3n.jpg\"><img aria-describedby=\"caption-attachment-178\" loading=\"lazy\" class=\" wp-image-178\" title=\"Preg\u00f3n\" src=\"\/catalanaconjamon\/wp-content\/uploads\/sites\/49\/2013\/10\/Preg\u00f3n.jpg\" alt=\"\" width=\"666\" height=\"375\" srcset=\"https:\/\/static-blogs.hoy.es\/wp-content\/uploads\/sites\/49\/2013\/10\/Preg\u00f3n.jpg 853w, https:\/\/static-blogs.hoy.es\/wp-content\/uploads\/sites\/49\/2013\/10\/Preg\u00f3n-300x169.jpg 300w, https:\/\/static-blogs.hoy.es\/wp-content\/uploads\/sites\/49\/2013\/10\/Preg\u00f3n-768x432.jpg 768w\" sizes=\"(max-width: 666px) 100vw, 666px\" \/><\/a><p id=\"caption-attachment-178\" class=\"wp-caption-text\">De izquierda a derecha, Wenceslao Mohedas, Gregorio Ben\u00edtez, Javier Romagueras, Carmen Arroyo, Juan Bravo y Prudencio Exojo<\/p><\/div>\n<p><strong>A lo largo de este semana han tenido lugar las fiestas patronales del Hogar Extreme\u00f1o de Barcelona, en honor a la Virgen de Guadalupe. En esta ocasi\u00f3n me correspondi\u00f3 la responsabilidad de ser el primer catal\u00e1n en pronunciar el preg\u00f3n de las mismas, en un acto que tuvo lugar el s\u00e1bado 28 de septiembre y que sirvi\u00f3, adem\u00e1s, de puesta de largo de la nueva sede del Hogar Extreme\u00f1o de Barcelona, situado en la call\u00e9 Ram\u00f3n Alb\u00f3, 72-74, en el barrio de Vilapiscina i Torre Llobeta, dentro del distrito de Nou Barris.<\/strong><\/p>\n<div id=\"attachment_180\" style=\"width: 456px\" class=\"wp-caption alignright\"><a href=\"\/catalanaconjamon\/wp-content\/uploads\/sites\/49\/2013\/10\/Dando-el-preg\u00f3n1.jpg\"><img aria-describedby=\"caption-attachment-180\" loading=\"lazy\" class=\" wp-image-180\" title=\"Dando el preg\u00f3n\" src=\"\/catalanaconjamon\/wp-content\/uploads\/sites\/49\/2013\/10\/Dando-el-preg\u00f3n1.jpg\" alt=\"\" width=\"446\" height=\"261\" srcset=\"https:\/\/static-blogs.hoy.es\/wp-content\/uploads\/sites\/49\/2013\/10\/Dando-el-preg\u00f3n1.jpg 1142w, https:\/\/static-blogs.hoy.es\/wp-content\/uploads\/sites\/49\/2013\/10\/Dando-el-preg\u00f3n1-300x176.jpg 300w, https:\/\/static-blogs.hoy.es\/wp-content\/uploads\/sites\/49\/2013\/10\/Dando-el-preg\u00f3n1-768x451.jpg 768w, https:\/\/static-blogs.hoy.es\/wp-content\/uploads\/sites\/49\/2013\/10\/Dando-el-preg\u00f3n1-1024x602.jpg 1024w\" sizes=\"(max-width: 446px) 100vw, 446px\" \/><\/a><p id=\"caption-attachment-180\" class=\"wp-caption-text\">Pronunciando el preg\u00f3n<\/p><\/div>\n<p>El nuevo y coqueto local estaba abarrotado de personas que acudieron, tanto para conocer las nuevas instalaciones, como para asistir al preg\u00f3n de sus fiestas patronales anuales. All\u00ed pude conocer personalmente a muchos de los extreme\u00f1os con los que he estado en contacto desde que arranc\u00f3 la aventura de \u201cCatalana con jam\u00f3n\u201d, en la plataforma digital del diario <a href=\"http:\/\/www.hoy.es\/\">HOY<\/a>. Tambi\u00e9n sirvi\u00f3 de reencuentro con otros a los que ya conoc\u00eda desde hace muchos a\u00f1os.<\/p>\n<p>Desde este espacio quiero hacer p\u00fablico mi agradecimiento a quienes hicieron posible que yo fuera el pregonero de las fiestas, siendo el primer catal\u00e1n, o mejor dicho <em>catame\u00f1o<\/em>, que ha ostentado dicho honor. Entre ellos tengo que destacar a <strong>Wenceslao Mohedas<\/strong>, vocal de cultura del hogar, que fue el primero en pensar en m\u00ed; y al presidente, <strong>Prudencio Exojo, <\/strong>que le apoyo en tal idea.<\/p>\n<p>Tambi\u00e9n debo mencionar expresamente a quienes me acompa\u00f1aron en el desarrollo del acto: el director general de Pol\u00edtica Social y Familia del Gobierno de Extremadura, <strong>Juan Bravo<\/strong>; el responsable de Relaciones con las Casas Regionales de la Generalitat de Catalunya<strong>, Xavier Cort\u00e9s<\/strong>; y el presidente de la Federaci\u00f3n de Asociaciones Extreme\u00f1as en Catalunya, <strong>Manuel Guerrero<\/strong>.<\/p>\n<p>El acto cont\u00f3 con un magn\u00edfico conductor, el periodista de ra\u00edces extreme\u00f1as <strong>Gregorio Ben\u00edtez<\/strong>, actual componente del equipo del programa <a href=\"http:\/\/www.ondacero.es\/julia-en-la-onda\/\">\u201cJulia en la onda\u201d<\/a>, de Onda Cero Radio.<\/p>\n<div id=\"attachment_181\" style=\"width: 406px\" class=\"wp-caption alignleft\"><a href=\"\/catalanaconjamon\/wp-content\/uploads\/sites\/49\/2013\/10\/P\u00fablico-en-el-preg\u00f3n.jpg\"><img aria-describedby=\"caption-attachment-181\" loading=\"lazy\" class=\" wp-image-181\" title=\"P\u00fablico en el preg\u00f3n\" src=\"\/catalanaconjamon\/wp-content\/uploads\/sites\/49\/2013\/10\/P\u00fablico-en-el-preg\u00f3n.jpg\" alt=\"\" width=\"396\" height=\"223\" srcset=\"https:\/\/static-blogs.hoy.es\/wp-content\/uploads\/sites\/49\/2013\/10\/P\u00fablico-en-el-preg\u00f3n.jpg 2000w, https:\/\/static-blogs.hoy.es\/wp-content\/uploads\/sites\/49\/2013\/10\/P\u00fablico-en-el-preg\u00f3n-300x169.jpg 300w, https:\/\/static-blogs.hoy.es\/wp-content\/uploads\/sites\/49\/2013\/10\/P\u00fablico-en-el-preg\u00f3n-768x432.jpg 768w, https:\/\/static-blogs.hoy.es\/wp-content\/uploads\/sites\/49\/2013\/10\/P\u00fablico-en-el-preg\u00f3n-1024x576.jpg 1024w\" sizes=\"(max-width: 396px) 100vw, 396px\" \/><\/a><p id=\"caption-attachment-181\" class=\"wp-caption-text\">Vista general del sal\u00f3n de actos del Hogar y de los asistentes al preg\u00f3n<\/p><\/div>\n<p>Como colof\u00f3n al mismo, se cont\u00f3 con el cantautor <strong>Toni Poza, <\/strong>quien interpret\u00f3 varios temas de su repertorio, siendo muy celebrados por el numeroso p\u00fablico asistente.<\/p>\n<p><strong>Salto a la modernidad<\/strong><\/p>\n<p>La apertura de la nueva sede del Hogar Extreme\u00f1o de Barcelona, supone un salto al futuro para la entidad. Tras el abandono de la hist\u00f3rica, y recordada, sede de l\u2019Avinguda del Portal de l\u2019\u00c0ngel, en pleno cogollo de la ciudad; y unos a\u00f1os de transici\u00f3n en un local de la calle Diputaci\u00f3; el nuevo espacio supone una apuesta clara por la sostenibilidad y viabilidad del Hogar Extreme\u00f1o de Barcelona. Un local en propiedad, de unas dimensiones modestas, pero pr\u00e1ctico y funcional, abierto al entorno social del barrio en el que se ubica y dotado con todas las novedades t\u00e9cnicas y tecnol\u00f3gicas, adem\u00e1s de una nutrida biblioteca, al servicio de los socios y de cualquier ciudadano que quiera utilizar sus servicios.<\/p>\n<p>Dentro de esta apuesta por el futuro y la modernidad, sin olvidar la tradici\u00f3n y las ra\u00edces, pero sin quedarse anclados en ellas, se puede incluir tambi\u00e9n el reside\u00f1o y actualizaci\u00f3n de la p\u00e1gina <a href=\"http:\/\/www.hogarextreme\u00f1odebarcelona.es\/\">web<\/a>.<\/p>\n<p>En la p\u00e1gina de inicio de la misma se incluye el siguiente p\u00e1rrafo que sintetiza, bien a las claras, la filosof\u00eda que impulsa este nuevo tiempo en el Hogar Extreme\u00f1o de Barcelona: <em>A trav\u00e9s de esta p\u00e1gina web, pretendemos difundir y defender lo extreme\u00f1o en su poli\u00e9drica o polifac\u00e9tica diversidad (cultura, folclore, gastronom\u00eda, deportes, etc.) relacionada con el Hogar y con Extremadura porque, a pesar de la distancia f\u00edsica o material, hay una proximidad emocional o sentimental hacia nuestra tierra de origen\u2026 Sin renunciar a nuestras profundas y arraigadas ra\u00edces extreme\u00f1as, no renunciamos a la apertura hacia la lengua y la cultura de la tierra de acogida, Catalu\u00f1a, a la que estamos agradecidos.<\/em><\/p>\n<p>Espero que esta l\u00ednea, coincidente con el \u00e1nimo que empuja a \u201cCatalana con jam\u00f3n\u201d, nos permita, a unos y a otros, seguir teniendo puentes de convivencia e interrelaci\u00f3n, de mestizaje cultural, entre Extremadura y Catalunya, entre catalanes y extreme\u00f1os.<\/p>\n<p>&nbsp;<\/p>\n<!-- AddThis Advanced Settings generic via filter on the_content --><!-- AddThis Share Buttons generic via filter on the_content -->","protected":false},"excerpt":{"rendered":"<p>A lo largo de este semana han tenido lugar las fiestas patronales del Hogar Extreme\u00f1o de Barcelona, en honor a la Virgen de Guadalupe. En esta ocasi\u00f3n me correspondi\u00f3 la responsabilidad de ser el primer catal\u00e1n en pronunciar el preg\u00f3n de las mismas, en un acto que tuvo lugar el s\u00e1bado 28 de septiembre y [&hellip;]<!-- AddThis Advanced Settings generic via filter on get_the_excerpt --><!-- AddThis Share Buttons generic via filter on get_the_excerpt --><\/p>\n","protected":false},"author":51,"featured_media":0,"comment_status":"open","ping_status":"closed","sticky":false,"template":"","format":"standard","meta":[],"categories":[9],"tags":[59,122,123,203,242,254,262,297,408,414,517],"_links":{"self":[{"href":"https:\/\/blogs.hoy.es\/catalanaconjamon\/wp-json\/wp\/v2\/posts\/177"}],"collection":[{"href":"https:\/\/blogs.hoy.es\/catalanaconjamon\/wp-json\/wp\/v2\/posts"}],"about":[{"href":"https:\/\/blogs.hoy.es\/catalanaconjamon\/wp-json\/wp\/v2\/types\/post"}],"author":[{"embeddable":true,"href":"https:\/\/blogs.hoy.es\/catalanaconjamon\/wp-json\/wp\/v2\/users\/51"}],"replies":[{"embeddable":true,"href":"https:\/\/blogs.hoy.es\/catalanaconjamon\/wp-json\/wp\/v2\/comments?post=177"}],"version-history":[{"count":0,"href":"https:\/\/blogs.hoy.es\/catalanaconjamon\/wp-json\/wp\/v2\/posts\/177\/revisions"}],"wp:attachment":[{"href":"https:\/\/blogs.hoy.es\/catalanaconjamon\/wp-json\/wp\/v2\/media?parent=177"}],"wp:term":[{"taxonomy":"category","embeddable":true,"href":"https:\/\/blogs.hoy.es\/catalanaconjamon\/wp-json\/wp\/v2\/categories?post=177"},{"taxonomy":"post_tag","embeddable":true,"href":"https:\/\/blogs.hoy.es\/catalanaconjamon\/wp-json\/wp\/v2\/tags?post=177"}],"curies":[{"name":"wp","href":"https:\/\/api.w.org\/{rel}","templated":true}]}}