{"id":18,"date":"2012-05-27T17:37:00","date_gmt":"2012-05-27T17:37:00","guid":{"rendered":"http:\/\/blogs.hoy.es\/catalanaconjamon\/2012\/05\/27\/aceites-extremenos-en-el-barrio-gotico-de-barcelona\/"},"modified":"2012-05-27T17:37:00","modified_gmt":"2012-05-27T17:37:00","slug":"aceites-extremenos-en-el-barrio-gotico-de-barcelona","status":"publish","type":"post","link":"https:\/\/blogs.hoy.es\/catalanaconjamon\/2012\/05\/27\/aceites-extremenos-en-el-barrio-gotico-de-barcelona\/","title":{"rendered":">Aceites extreme\u00f1os en el Barrio G\u00f3tico de Barcelona"},"content":{"rendered":"<p>><!--[if gte mso 9]>   Normal  0      21      false  false  false    ES  X-NONE  X-NONE                                       MicrosoftInternetExplorer4                                     <![endif]--><!--[if gte mso 9]>                                                                                                                                                                                                                                                                                    <![endif]--><!--[if gte mso 10]> \/* Style Definitions *\/  table.MsoNormalTable  {mso-style-name:\"Tabla normal\";  mso-tstyle-rowband-size:0;  mso-tstyle-colband-size:0;  mso-style-noshow:yes;  mso-style-priority:99;  mso-style-qformat:yes;  mso-style-parent:\"\";  mso-padding-alt:0cm 5.4pt 0cm 5.4pt;  mso-para-margin:0cm;  mso-para-margin-bottom:.0001pt;  mso-pagination:widow-orphan;  font-size:11.0pt;  font-family:\"Calibri\",\"sans-serif\";  mso-ascii-font-family:Calibri;  mso-ascii-theme-font:minor-latin;  mso-fareast-font-family:\"Times New Roman\";  mso-fareast-theme-font:minor-fareast;  mso-hansi-font-family:Calibri;  mso-hansi-theme-font:minor-latin;  mso-bidi-font-family:\"Times New Roman\";  mso-bidi-theme-font:minor-bidi;} <![endif]--> <\/p>\n<div class=\"MsoNormal\"><b>El Barrio G\u00f3tico de Barcelona, enclave privilegiado de la ciudad condal, esconde m\u00faltiples tesoros art\u00edsticos, monumentales, culturales y, tambi\u00e9n, gastron\u00f3micos. En uno de mis \u00faltimos paseos por sus estrechas y abigarradas callejas, descubr\u00ed uno de esos comercios que no te dejan indiferente: una tienda especializada \u00fanicamente en aceites de oliva virgen extra y en productos derivados del mismo. Se trata de <a href=\"http:\/\/www.oroliquido.es\/%20%20\">orol\u00edquido<\/a>,&nbsp;<span><\/span>situada en el carrer de la Palla, a muy poca distancia de la Pla\u00e7a del Pi y tambi\u00e9n de la catedral de Barcelona. Y entre su selecta oferta no pod\u00edan faltar las dos denominaciones de origen extreme\u00f1as: <a href=\"http:\/\/www.gata-hurdes.com\/\">Gata-Hurdes<\/a><span> <\/span>y <a href=\"http:\/\/www.comercioextremadura.org\/denominaciones\/index.php?id=16\">Monterrubio<\/a>.<\/b><\/div>\n<div class=\"MsoNormal\"><\/div>\n<table cellpadding=\"0\" cellspacing=\"0\" class=\"tr-caption-container\" style=\"float: left;margin-right: 1em;text-align: left\">\n<tbody>\n<tr>\n<td style=\"text-align: center\"><a href=\"http:\/\/3.bp.blogspot.com\/-ukFmzRWyM_4\/T8JjNuA9vMI\/AAAAAAAABhc\/atrJlpS7NgE\/s1600\/orol%C3%ADquido.jpg\"><img loading=\"lazy\" border=\"0\" height=\"140\" src=\"\/\/3.bp.blogspot.com\/-ukFmzRWyM_4\/T8JjNuA9vMI\/AAAAAAAABhc\/atrJlpS7NgE\/s320\/orol%C3%ADquido.jpg\" width=\"320\" \/><\/a><\/td>\n<\/tr>\n<tr>\n<td class=\"tr-caption\" style=\"text-align: center\">Fachada de orol\u00edquido, en el carrer de la Palla de Barcelona<\/td>\n<\/tr>\n<\/tbody>\n<\/table>\n<div class=\"MsoNormal\" style=\"margin-bottom: .0001pt;margin-bottom: 0cm;text-align: justify\"><b><\/b><!--[if gte mso 9]>   Normal  0      21      false  false  false    ES  X-NONE  X-NONE                                       MicrosoftInternetExplorer4                                     <![endif]--><!--[if gte mso 9]>                                                                                                                                                                                                                                                                                    <![endif]--><!--[if gte mso 10]> \/* Style Definitions *\/  table.MsoNormalTable  {mso-style-name:\"Tabla normal\";  mso-tstyle-rowband-size:0;  mso-tstyle-colband-size:0;  mso-style-noshow:yes;  mso-style-priority:99;  mso-style-qformat:yes;  mso-style-parent:\"\";  mso-padding-alt:0cm 5.4pt 0cm 5.4pt;  mso-para-margin:0cm;  mso-para-margin-bottom:.0001pt;  mso-pagination:widow-orphan;  font-size:10.0pt;  font-family:\"Calibri\",\"sans-serif\";  mso-bidi-font-family:\"Times New Roman\";} <![endif]--><span>Como se indica en su web, el objetivo de la tienda, la primera de su tipo en Barcelona, inaugurada en noviembre de 2005, era <i>crear un espacio \u00fanico, singular y elegante, en el que el oro l\u00edquido, el aceite de oliva virgen extra y sus derivados, fuesen los principales protagonistas<\/i>. El aceite no s\u00f3lo es un producto gastron\u00f3mico de primer orden, sino que forma parte indisociable de la identidad cultural mediterr\u00e1nea. <\/span><\/div>\n<div class=\"MsoNormal\" style=\"margin-bottom: .0001pt;margin-bottom: 0cm;text-align: justify\"><a href=\"http:\/\/1.bp.blogspot.com\/-fmaiU0kNDGU\/T8Jj10e45uI\/AAAAAAAABhk\/_BJWcQ11wUw\/s1600\/Gata-Hurdes.jpg\"><img border=\"0\" src=\"\/\/1.bp.blogspot.com\/-fmaiU0kNDGU\/T8Jj10e45uI\/AAAAAAAABhk\/_BJWcQ11wUw\/s1600\/Gata-Hurdes.jpg\" \/><\/a><span>No hay lugar a dudas de que sus socias y fundadoras, <b>Ana Segovia<\/b> y <b>Patricia Elkhoury, <\/b>han conseguido el objetivo que buscaban con esta oleoteca, pues es un aut\u00e9ntico placer entretenerse en sus estantes viendo la enorme variedad de aceites que exponen. Y ah\u00ed, entre los mejores de Espa\u00f1a, est\u00e1n los aceites extreme\u00f1os.<\/span><\/div>\n<div class=\"MsoNormal\" style=\"margin-bottom: .0001pt;margin-bottom: 0cm;text-align: justify\"><a href=\"http:\/\/1.bp.blogspot.com\/-YA9k1oiaNtY\/T8JkDW2V1gI\/AAAAAAAABhs\/TDTYdHU-ZSU\/s1600\/Monterrubio.jpg\"><img loading=\"lazy\" border=\"0\" height=\"200\" src=\"\/\/1.bp.blogspot.com\/-YA9k1oiaNtY\/T8JkDW2V1gI\/AAAAAAAABhs\/TDTYdHU-ZSU\/s200\/Monterrubio.jpg\" width=\"139\" \/><\/a><span>Seg\u00fan los responsables de la tienda, no siempre tienen los mismos aceites, pues estos van rotando, tanto si se trata de los integrados dentro de las D.O., como de algunos que est\u00e1n al margen de las mismas. El \u00fanico criterio que siguen para que tengan su espacio en orol\u00edquido es la calidad.<\/span><\/div>\n<div class=\"MsoNormal\" style=\"margin-bottom: .0001pt;margin-bottom: 0cm;text-align: justify\"><span>En estos momentos las marcas de aceites extreme\u00f1os que el consumidor barcelon\u00e9s o el visitante ocasional pueden encontrar en este singular comercio del Barrio G\u00f3tico, son las siguientes:<\/span><\/div>\n<ul style=\"margin-top: 0cm\" type=\"disc\">\n<li class=\"MsoNormal\"><span><a href=\"http:\/\/www.pagobaldiosancarlos.com\/\">Pago  Bald\u00edo de San Carlos<\/a>,&nbsp;<span><\/span>cuyas instalaciones est\u00e1n situadas      en la Finca La Laguna de Majadas del Ti\u00e9tar (C\u00e1ceres). De esta marca se      ofrecen los aceites full moon, Pago Bald\u00edo de San Carlos, Oro San Carlos y      San Carlos Gourmet.<\/span><\/li>\n<li class=\"MsoNormal\"><span><a href=\"http:\/\/www.lachinata.es\/index.php\/es\/\">La     Chinata<\/a>, de Plasencia.&nbsp;<a href=\"http:\/\/www.lachinata.es\/index.php\/es\/\"><\/a>     <\/span><\/li>\n<li class=\"MsoNormal\"><span><a href=\"http:\/\/www.marquesdevaldueza.com\/index3.html\">Marqu\u00e9s     de Valdueza<\/a>, procedente de la Finca Perales de M\u00e9rida. <a href=\"http:\/\/www.marquesdevaldueza.com\/index3.html\"><\/a>&nbsp;<\/span><\/li>\n<li class=\"MsoNormal\"><span><a href=\"http:\/\/www.vianoleo.com\/ES\/productos_io.html\">IO<\/a>,      producido por la compa\u00f1\u00eda Vianoleo de Guare\u00f1a, en las proximidades de      M\u00e9rida.<a href=\"http:\/\/www.vianoleo.com\/ES\/productos_io.html\"><\/a>&nbsp;<\/span><\/li>\n<li class=\"MsoNormal\"><span><a href=\"http:\/\/www.ametouch.com\/ame_index.php\">AME<\/a>,<\/span><span lang=\"EN-US\"><a href=\"http:\/\/www.ametouch.com\/ame_index.php\"><span lang=\"ES\"><\/span><\/a><\/span><span> de Jerez de los      Caballeros.<\/span><\/li>\n<\/ul>\n<div class=\"MsoNormal\" style=\"margin-bottom: .0001pt;margin-bottom: 0cm;text-align: justify\"><span>En cuanto a productos de cosm\u00e9tica, adem\u00e1s de La Chinata, tambi\u00e9n tiene de <a href=\"http:\/\/jacoliva.com\/olivaolivae\/\">olivaolivae<\/a>, elaborados por la centenaria empresa Jacoliva de la localidad de Pozuelo de Zarz\u00f3n, cerca de Plasencia.<\/span><\/div>\n<div class=\"MsoNormal\" style=\"margin-bottom: 0.0001pt;text-align: justify\"><span>Ya lo saben, uno de los ingredientes imprescindibles de cualquier <i>pa amb tom\u00e0quet <\/i>es un buen aceite de oliva virgen extra. Y los extreme\u00f1os est\u00e1n a la altura de los mejores. Pru\u00e9benlos. <\/span><\/div>\n<!-- AddThis Advanced Settings generic via filter on the_content --><!-- AddThis Share Buttons generic via filter on the_content -->","protected":false},"excerpt":{"rendered":"<p>> El Barrio G\u00f3tico de Barcelona, enclave privilegiado de la ciudad condal, esconde m\u00faltiples tesoros art\u00edsticos, monumentales, culturales y, tambi\u00e9n, gastron\u00f3micos. En uno de mis \u00faltimos paseos por sus estrechas y abigarradas callejas, descubr\u00ed uno de esos comercios que no te dejan indiferente: una tienda especializada \u00fanicamente en aceites de oliva virgen extra y en [&hellip;]<!-- AddThis Advanced Settings generic via filter on get_the_excerpt --><!-- AddThis Share Buttons generic via filter on get_the_excerpt --><\/p>\n","protected":false},"author":51,"featured_media":0,"comment_status":"open","ping_status":"closed","sticky":false,"template":"","format":"standard","meta":[],"categories":[5],"tags":[],"_links":{"self":[{"href":"https:\/\/blogs.hoy.es\/catalanaconjamon\/wp-json\/wp\/v2\/posts\/18"}],"collection":[{"href":"https:\/\/blogs.hoy.es\/catalanaconjamon\/wp-json\/wp\/v2\/posts"}],"about":[{"href":"https:\/\/blogs.hoy.es\/catalanaconjamon\/wp-json\/wp\/v2\/types\/post"}],"author":[{"embeddable":true,"href":"https:\/\/blogs.hoy.es\/catalanaconjamon\/wp-json\/wp\/v2\/users\/51"}],"replies":[{"embeddable":true,"href":"https:\/\/blogs.hoy.es\/catalanaconjamon\/wp-json\/wp\/v2\/comments?post=18"}],"version-history":[{"count":0,"href":"https:\/\/blogs.hoy.es\/catalanaconjamon\/wp-json\/wp\/v2\/posts\/18\/revisions"}],"wp:attachment":[{"href":"https:\/\/blogs.hoy.es\/catalanaconjamon\/wp-json\/wp\/v2\/media?parent=18"}],"wp:term":[{"taxonomy":"category","embeddable":true,"href":"https:\/\/blogs.hoy.es\/catalanaconjamon\/wp-json\/wp\/v2\/categories?post=18"},{"taxonomy":"post_tag","embeddable":true,"href":"https:\/\/blogs.hoy.es\/catalanaconjamon\/wp-json\/wp\/v2\/tags?post=18"}],"curies":[{"name":"wp","href":"https:\/\/api.w.org\/{rel}","templated":true}]}}