{"id":187,"date":"2013-11-18T09:20:40","date_gmt":"2013-11-18T07:20:40","guid":{"rendered":"http:\/\/blogs.hoy.es\/catalanaconjamon\/?p=187"},"modified":"2013-11-18T09:20:40","modified_gmt":"2013-11-18T07:20:40","slug":"goyo-benitez-periodista-de-julia-en-la-onda-querer-a-extremadura-y-catalunya-y-no-estar-loco","status":"publish","type":"post","link":"https:\/\/blogs.hoy.es\/catalanaconjamon\/2013\/11\/18\/goyo-benitez-periodista-de-julia-en-la-onda-querer-a-extremadura-y-catalunya-y-no-estar-loco\/","title":{"rendered":"Goyo Ben\u00edtez, periodista de \u201cJulia en la Onda\u201d: querer a Extremadura y Catalunya y no estar loco"},"content":{"rendered":"<p><strong><a href=\"\/catalanaconjamon\/wp-content\/uploads\/sites\/49\/2013\/11\/gregorio.benitez.jpg\"><img loading=\"lazy\" class=\"aligncenter size-full wp-image-188\" title=\"gregorio.benitez\" src=\"\/catalanaconjamon\/wp-content\/uploads\/sites\/49\/2013\/11\/gregorio.benitez.jpg\" alt=\"\" width=\"600\" height=\"400\" srcset=\"https:\/\/static-blogs.hoy.es\/wp-content\/uploads\/sites\/49\/2013\/11\/gregorio.benitez.jpg 600w, https:\/\/static-blogs.hoy.es\/wp-content\/uploads\/sites\/49\/2013\/11\/gregorio.benitez-300x200.jpg 300w\" sizes=\"(max-width: 600px) 100vw, 600px\" \/><\/a>Gregorio \u201cGoyo\u201d Ben\u00edtez, a sus 42 a\u00f1os reci\u00e9n cumplidos, forma parte, desde hace dos temporadas, del equipo de Julia Otero en Onda Cero. Nacido en Castelldefels (Barcelona), hijo de zarze\u00f1os, reconoce lo dif\u00edcil que, a veces, le resulta que la gente entienda que quiere a dos tierras, como Extremadura y Catalunya, y no est\u00e1 <em>loco<\/em>.<\/strong><\/p>\n<p>Licenciado en Ciencias de la Informaci\u00f3n por la Universidad Aut\u00f3noma de Barcelona, por lo tanto correligionario m\u00edo de estudios, aunque bastante m\u00e1s joven, conozco a <strong>Goyo Ben\u00edtez<\/strong> con motivo de las fiestas patronales de este a\u00f1o 2013, del Hogar Extreme\u00f1o de Barcelona. Goyo va a ser el presentador del acto en el que voy a tener el honor de pronunciar el preg\u00f3n.<\/p>\n<div id=\"attachment_190\" style=\"width: 310px\" class=\"wp-caption alignright\"><a href=\"\/catalanaconjamon\/wp-content\/uploads\/sites\/49\/2013\/11\/Goyo-y-Javier.jpg\"><img aria-describedby=\"caption-attachment-190\" loading=\"lazy\" class=\"size-medium wp-image-190\" title=\"Goyo y Javier\" src=\"\/catalanaconjamon\/wp-content\/uploads\/sites\/49\/2013\/11\/Goyo-y-Javier.jpg\" alt=\"\" width=\"300\" height=\"213\" srcset=\"https:\/\/static-blogs.hoy.es\/wp-content\/uploads\/sites\/49\/2013\/11\/Goyo-y-Javier.jpg 469w, https:\/\/static-blogs.hoy.es\/wp-content\/uploads\/sites\/49\/2013\/11\/Goyo-y-Javier-300x214.jpg 300w\" sizes=\"(max-width: 300px) 100vw, 300px\" \/><\/a><p id=\"caption-attachment-190\" class=\"wp-caption-text\">Con Goyo Ben\u00edtez (izqda.), tras el preg\u00f3n en el Hogar Extreme\u00f1o de Barcelona<\/p><\/div>\n<p>Le veo toda la noche sonriente, desenvuelto, buen conversador y dispuesto a establecer puentes entre su tierra natal y la tierra de sus mayores. Y de ah\u00ed surge el ofrecimiento para atender a las preguntas de <em>Catalana con jam\u00f3n<\/em>.<\/p>\n<p>Su relaci\u00f3n con Extremadura viene dada por sus ra\u00edces familiares. Sus padres son de La Zarza (hasta 1991 La Zarza de Alange), a pocos kil\u00f3metros de M\u00e9rida. <em>Emigraron juntos a Catalu\u00f1a a finales de los a\u00f1os 60 <\/em>\u2013explica Goyo-<em> y de aquella emigraci\u00f3n naci\u00f3 la primera generaci\u00f3n de catalanes de la familia, o sea, yo y mis hermanos. A partir de ah\u00ed, cada verano estuvimos viajando y pasando los tres meses de vacaciones escolares, hasta pr\u00e1cticamente mi mayor\u00eda de edad. Desde entonces intento volver, siempre que las obligaciones me lo permiten. Mis hijos y mi mujer ya han veraneado varias veces en La Zarza y mis padres conservan una casa en propiedad en el pueblo; aparte de que medio pueblo es familia m\u00eda (esto ya es una exageraci\u00f3n, pero \u00bfa qu\u00e9 impacta?).<\/em><\/p>\n<p><strong>D\u00edas de infancia en La Zarza<\/strong><\/p>\n<p>Parte de los recuerdos m\u00e1s entra\u00f1ables de su infancia le remiten a La Zarza de finales de los a\u00f1os 70 y primeros de la d\u00e9cada de los 80. Cuenta Goyo que siempre se alojaban en la casa de adobe y troncos de madera que su abuela Elvira ten\u00eda en la calle Cantarranas. Recuerda c\u00f3mo los ni\u00f1os de la calle viv\u00edan con gran emoci\u00f3n la llegada de \u201clos catalanes\u201d (\u00e9l y sus hermanos), que les aportaban una cierta dosis de \u201cexotismo\u201d.<\/p>\n<p><em>Entabl\u00e9 muy buenas amistades en aquel tiempo de infancia y adolescencia<\/em> \u2013a\u00f1ade- <em>amigos que todav\u00eda conservo. Recuerdo c\u00f3mo viv\u00edamos sin normas que nos recordaran nuestra condici\u00f3n de urbanitas, la rigidez de los horarios saltaba por los aires, disfrut\u00e1bamos yendo a ba\u00f1arnos al r\u00edo Guadiana, organiz\u00e1bamos partidos de f\u00fatbol y baloncesto en el campo municipal, jug\u00e1bamos a cartas (a la cuatrola) y a las carreras de chapas hasta altas horas de la noche en la calle. Con mis primos \u00edbamos a recoger almendras, aceitunas, melones y sand\u00edas a las tierras de la familia. Nos acerc\u00e1bamos a ver c\u00f3mo mi T\u00edo Eulalio y mis primos cuidaban de los cerdos, secaban jamones, hac\u00edan chorizo\u2026 En invierno, alg\u00fan a\u00f1o participamos en la matanza del cerdo en casa de mi T\u00edo Sebasti\u00e1n, donde se reun\u00eda toda la familia de mi padre (t\u00edos, primos, etc\u2026) para ayudar. Y durante unos meses, incluso estuve recibiendo clases en el colegio p\u00fablico de La Zarza, puesto que vinimos a vivir con mi madre que cuidaba a mi abuela, convaleciente de una enfermedad. <\/em><\/p>\n<div id=\"attachment_191\" style=\"width: 416px\" class=\"wp-caption alignright\"><a href=\"\/catalanaconjamon\/wp-content\/uploads\/sites\/49\/2013\/11\/gregorio_benitez-3.jpg\"><img aria-describedby=\"caption-attachment-191\" loading=\"lazy\" class=\" wp-image-191\" title=\"gregorio_benitez (3)\" src=\"\/catalanaconjamon\/wp-content\/uploads\/sites\/49\/2013\/11\/gregorio_benitez-3.jpg\" alt=\"\" width=\"406\" height=\"308\" srcset=\"https:\/\/static-blogs.hoy.es\/wp-content\/uploads\/sites\/49\/2013\/11\/gregorio_benitez-3.jpg 528w, https:\/\/static-blogs.hoy.es\/wp-content\/uploads\/sites\/49\/2013\/11\/gregorio_benitez-3-300x227.jpg 300w\" sizes=\"(max-width: 406px) 100vw, 406px\" \/><\/a><p id=\"caption-attachment-191\" class=\"wp-caption-text\">En plena faena<\/p><\/div>\n<p><em>\u00a0<\/em><strong>El progreso de Extremadura<\/strong><\/p>\n<p>Goyo Ben\u00edtez cuenta que la sensaci\u00f3n que ha tenido a lo largo de su vida, en las visitas a Extremadura, es que siempre se ha sentido muy identificado con sus gentes, sus paisajes y sus costumbres: <em>me he sentido muy c\u00f3modo identificando mis ra\u00edces familiares aqu\u00ed y lo he llevado siempre con orgullo, a pesar de la distancia y de los enormes esfuerzos que, a veces, hay que hacer para que algunas personas entiendan que t\u00fa quieres a dos tierras, como Catalu\u00f1a y Extremadura, y no est\u00e1s loco.<\/em><\/p>\n<p><em>Lo que tambi\u00e9n he podido comprobar<\/em> \u2013nos dice- <em>en estos 30 a\u00f1os de visitas a La Zarza es el enorme cambio, el gran progreso, que ha experimentado en estas d\u00e9cadas la regi\u00f3n extreme\u00f1a. Mejores carreteras, mejores infraestructuras, mejoras en las condiciones laborales de mis familiares (a pesar de la lacra del paro\u2026), adecentamiento de servicios b\u00e1sicos (como la educaci\u00f3n, la sanidad), etc\u2026 En los a\u00f1os 80 Extremadura todav\u00eda estaba sumida en una \u00e9poca de atraso y subdesarrollo que afortunadamente, con el paso de los a\u00f1os, ha cambiado radicalmente.<\/em><\/p>\n<p>En su perfil de twitter figura la siguiente frase: <em>cateto es quien no sale de su pueblo y quien nunca quiere volver a \u00e9l<\/em>.\u00a0 Le pregunto por esta cuesti\u00f3n y me indica que no se siente para nada cateto <em>porque yo me considero catal\u00e1n pero muy orgulloso de mis ra\u00edces extreme\u00f1as. Y me siento muy c\u00f3modo viajando, saliendo de mi pueblo catal\u00e1n para llegar a mi pueblo extreme\u00f1o y viceversa. Lo contrario me parece una prueba evidente de incultura e ignorancia. No me gustan los catetos, independientemente de la bandera en la que se envuelvan.<\/em><\/p>\n<p><strong>La crisis del periodismo<\/strong><\/p>\n<p>Sobre la situaci\u00f3n de crisis que arrastra su profesi\u00f3n, la period\u00edstica, opina que su medio, la radio, no es ajeno a ella y que tiene mucho que ver con la situaci\u00f3n laboral, cada vez m\u00e1s precaria, de sus profesionales. Comenta que los medios ingresan cada vez menos dinero, las radios privadas cada vez tienen una porci\u00f3n del pastel publicitario m\u00e1s peque\u00f1a y eso redunda en el abaratamiento de los costes. Considera Goyo que <em>los profesionales de la comunicaci\u00f3n vemos como nuestro trabajo va perdiendo valor y los empresarios lo tienen claro: si el precio de mercado de nuestro \u201cproducto\u201d baja, el coste de la mano de obra tiene que descender. Y con la bajada de precio tambi\u00e9n llega la p\u00e9rdida de calidad de los contenidos que ofrecemos.<\/em> <em>Y ah\u00ed es donde entramos en el c\u00edrculo vicioso, porque a la p\u00e9rdida de calidad de los contenidos el p\u00fablico responde cada vez con menos inter\u00e9s. Y as\u00ed sucesivamente. Luego est\u00e1 tambi\u00e9n la competencia de los medios digitales, cibern\u00e9ticos, frente a los medios de masas tradicionales (radio, prensa escrita y TV). La audiencia se ha fragmentado y eso nos ha hecho m\u00e1s d\u00e9biles a los que trabajamos en el sector m\u00e1s tradicional. <\/em><\/p>\n<p>Hace apenas dos a\u00f1os, la carrera de Goyo Ben\u00edtez sufri\u00f3 un cambio dr\u00e1stico: despu\u00e9s de estar toda su vida profesional en la SER, desde que se licenci\u00f3 en la universidad, desde hace dos a\u00f1os trabaja en Onda Cero, en <a href=\"http:\/\/www.ondacero.es\/julia-en-la-onda\/\"><em>Julia en la onda<\/em><\/a>, el programa de <strong>Julia Otero<\/strong>. <em>El cambio de trabajo supuso todo un reto para m\u00ed <\/em>\u2013afirma-. <em>Despu\u00e9s de trabajar muchos a\u00f1os en espacios de madrugada y con un equipo de trabajo muy definido y cerrado, ahora emitimos de 4 a 7 de la tarde, de lunes a viernes. Es un momento dulce que intento disfrutar a diario, y estoy muy contento de haber dado ese paso, tanto en lo personal como en lo profesional.<\/em><\/p>\n<p>Dado el actual momento, resulta obligado finalizar la entrevista pregunt\u00e1ndole por c\u00f3mo cree que est\u00e1n viviendo los extreme\u00f1os, de aqu\u00ed y de all\u00ed, el proceso que se est\u00e1 desarrollando en Catalunya. <em>Imagino <\/em>\u2013nos dice- <em>que desde Extremadura se debe estar viviendo con una cierta distancia porque, al fin y al cabo, hay una parte de la opini\u00f3n p\u00fablica espa\u00f1ola que interpreta el debate soberanista de Catalu\u00f1a como algo ajeno a ellos. Y luego est\u00e1 esa gran comunidad de extreme\u00f1os de nacimiento que est\u00e1n radicados en Catalu\u00f1a desde hace muchos a\u00f1os, que se ven en una encrucijada ante la situaci\u00f3n actual. La mayor\u00eda son personas que conviven con esos dos mundos, con esas dos realidades, con naturalidad. Y ahora quiz\u00e1 teman que eso pueda cambiar para siempre. Muchos de esos emigrantes, o sus familiares directos, intentan romper t\u00f3picos, a un lado y a otro de este escenario entre territorios; y cada vez resulta m\u00e1s dif\u00edcil avanzar en el entendimiento, en los puntos de encuentro y no en lo que nos separa. <\/em><\/p>\n<!-- AddThis Advanced Settings generic via filter on the_content --><!-- AddThis Share Buttons generic via filter on the_content -->","protected":false},"excerpt":{"rendered":"<p>Gregorio \u201cGoyo\u201d Ben\u00edtez, a sus 42 a\u00f1os reci\u00e9n cumplidos, forma parte, desde hace dos temporadas, del equipo de Julia Otero en Onda Cero. Nacido en Castelldefels (Barcelona), hijo de zarze\u00f1os, reconoce lo dif\u00edcil que, a veces, le resulta que la gente entienda que quiere a dos tierras, como Extremadura y Catalunya, y no est\u00e1 loco. [&hellip;]<!-- AddThis Advanced Settings generic via filter on get_the_excerpt --><!-- AddThis Share Buttons generic via filter on get_the_excerpt --><\/p>\n","protected":false},"author":51,"featured_media":0,"comment_status":"open","ping_status":"closed","sticky":false,"template":"","format":"standard","meta":[],"categories":[7],"tags":[12,119,122,203,239,303,320,386,403,417,452],"_links":{"self":[{"href":"https:\/\/blogs.hoy.es\/catalanaconjamon\/wp-json\/wp\/v2\/posts\/187"}],"collection":[{"href":"https:\/\/blogs.hoy.es\/catalanaconjamon\/wp-json\/wp\/v2\/posts"}],"about":[{"href":"https:\/\/blogs.hoy.es\/catalanaconjamon\/wp-json\/wp\/v2\/types\/post"}],"author":[{"embeddable":true,"href":"https:\/\/blogs.hoy.es\/catalanaconjamon\/wp-json\/wp\/v2\/users\/51"}],"replies":[{"embeddable":true,"href":"https:\/\/blogs.hoy.es\/catalanaconjamon\/wp-json\/wp\/v2\/comments?post=187"}],"version-history":[{"count":0,"href":"https:\/\/blogs.hoy.es\/catalanaconjamon\/wp-json\/wp\/v2\/posts\/187\/revisions"}],"wp:attachment":[{"href":"https:\/\/blogs.hoy.es\/catalanaconjamon\/wp-json\/wp\/v2\/media?parent=187"}],"wp:term":[{"taxonomy":"category","embeddable":true,"href":"https:\/\/blogs.hoy.es\/catalanaconjamon\/wp-json\/wp\/v2\/categories?post=187"},{"taxonomy":"post_tag","embeddable":true,"href":"https:\/\/blogs.hoy.es\/catalanaconjamon\/wp-json\/wp\/v2\/tags?post=187"}],"curies":[{"name":"wp","href":"https:\/\/api.w.org\/{rel}","templated":true}]}}