{"id":19,"date":"2012-06-01T12:56:00","date_gmt":"2012-06-01T12:56:00","guid":{"rendered":"http:\/\/blogs.hoy.es\/catalanaconjamon\/2012\/06\/01\/poesia-folklore-y-migas-aportacion-del-hogar-extremeno-de-barcelona-a-la-festa-major-de-la-dreta-de-leixample\/"},"modified":"2012-06-01T12:56:00","modified_gmt":"2012-06-01T12:56:00","slug":"poesia-folklore-y-migas-aportacion-del-hogar-extremeno-de-barcelona-a-la-festa-major-de-la-dreta-de-leixample","status":"publish","type":"post","link":"https:\/\/blogs.hoy.es\/catalanaconjamon\/2012\/06\/01\/poesia-folklore-y-migas-aportacion-del-hogar-extremeno-de-barcelona-a-la-festa-major-de-la-dreta-de-leixample\/","title":{"rendered":">Poes\u00eda, folklore y migas, aportaci\u00f3n del Hogar Extreme\u00f1o de Barcelona a la &#8220;Festa Major&#8221; de La Dreta de l&#039;Eixample"},"content":{"rendered":"<p>><b><span>El barrio de <i><a href=\"http:\/\/w110.bcn.cat\/portal\/site\/Eixample\/menuitem.7172c1efe9fe3aa433433343a2ef8a0c\/?vgnextoid=1d74d580d8549210VgnVCM10000074fea8c0RCRD&#038;vgnextchannel=1d74d580d8549210VgnVCM10000074fea8c0RCRD&#038;lang=es_ES\">La Dreta de l&#8217;Eixample<\/a>, <\/i>aut\u00e9ntico cogollo de la ciudad de Barcelona, en el que se ubican desde el Paseo de Gracia, hasta el Paseo de San Juan, pasando por la Plaza de Catalunya; inicia hoy, 1 de junio, su <i>Festa Major <\/i>con un extenso programa de actos en el que no falta la presencia del Hogar Extreme\u00f1o de Barcelona<\/span> <span>con diversas actividades, que van desde la poes\u00eda al folklore, pasando por la gastronom\u00eda.<\/span><\/b><\/p>\n<div class=\"separator\" style=\"clear: both;text-align: center\"><a href=\"http:\/\/1.bp.blogspot.com\/-xn8tyqo34gY\/T8i0wcFb57I\/AAAAAAAABh8\/GfJRb5dVSaw\/s1600\/Dreta+Eixample.gif\"><img loading=\"lazy\" border=\"0\" height=\"400\" src=\"\/\/1.bp.blogspot.com\/-xn8tyqo34gY\/T8i0wcFb57I\/AAAAAAAABh8\/GfJRb5dVSaw\/s400\/Dreta+Eixample.gif\" width=\"398\" \/><\/a><\/div>\n<p><b><span><a href=\"http:\/\/wenceslaomohedas.blogspot.com.es\/\">Wenceslao Mohedas<\/a>, <\/span><\/b><span>vocal de cultura del <a href=\"http:\/\/www.facebook.com\/hogarextremenode.barcelona\">Hogar Extreme\u00f1o de Barcelona<\/a><\/span>, <span>es quien nos ha facilitado el programa que tiene su primer punto \u00e1lgido hoy viernes, 1 de junio, a partir de las 19 horas, con un recital po\u00e9tico a cargo de los integrantes del &#8220;Aula literaria Luis Chamizo&#8221;. La muestra po\u00e9tica se realizar\u00e1 en la sede del propio hogar, en la calle Diputaci\u00f3n, 337. Adem\u00e1s del recital, el acto incluye la proyecci\u00f3n de diversos audiovisuales sobre Extremadura.<\/span><br \/><span>Ma\u00f1ana, s\u00e1bado 2 de junio, el protagonismo se lo lleva la gastronom\u00eda. A partir de las 13.30 horas, en la confluencia entre las calles Girona y Arag\u00f3, tendr\u00e1 lugar una degustaci\u00f3n popular de migas extreme\u00f1as, que como en otras ocasiones congregar\u00e1 y har\u00e1 las delicias del numeroso p\u00fablico, tanto residente, como turista.<\/span><\/p>\n<table cellpadding=\"0\" cellspacing=\"0\" class=\"tr-caption-container\" style=\"float: left;margin-right: 1em;text-align: left\">\n<tbody>\n<tr>\n<td style=\"text-align: center\"><a href=\"http:\/\/3.bp.blogspot.com\/-yVZcLIc3EH4\/T8i4_g3FPEI\/AAAAAAAABiI\/FUMeVTgP-iM\/s1600\/Migas+2011.jpg\"><img loading=\"lazy\" border=\"0\" height=\"300\" src=\"\/\/3.bp.blogspot.com\/-yVZcLIc3EH4\/T8i4_g3FPEI\/AAAAAAAABiI\/FUMeVTgP-iM\/s400\/Migas+2011.jpg\" width=\"400\" \/><\/a><\/td>\n<\/tr>\n<tr>\n<td class=\"tr-caption\" style=\"text-align: center\">Preparando las migas en 2011<\/td>\n<\/tr>\n<\/tbody>\n<\/table>\n<p><span>El domingo 3 de junio ser\u00e1 el punto y final a la <i>Festa Major<\/i>, y el Hogar Extreme\u00f1o de Barcelona contribuir\u00e1 a la misma con dos actuaciones art\u00edsticas. La hora ser\u00e1 a las 19.30, en el mismo cruce de las calles Girona y Arag\u00f3. Las intervenciones ser\u00e1n las del Grupo Folkl\u00f3rico &#8220;Aires Morenos&#8221;, del Hogar Extreme\u00f1o de Barcelona, y el Grupo de Danza &#8220;Jara&#8221;.<\/span><br \/><span>Esperemos que el esfuerzo, la ilusi\u00f3n y el trabajo de los miembros del Hogar Extreme\u00f1o de Barcelona, se vea refrendado por la buena acogida del p\u00fablico y una alta participaci\u00f3n. <\/span><\/p>\n<!-- AddThis Advanced Settings generic via filter on the_content --><!-- AddThis Share Buttons generic via filter on the_content -->","protected":false},"excerpt":{"rendered":"<p>>El barrio de La Dreta de l&#8217;Eixample, aut\u00e9ntico cogollo de la ciudad de Barcelona, en el que se ubican desde el Paseo de Gracia, hasta el Paseo de San Juan, pasando por la Plaza de Catalunya; inicia hoy, 1 de junio, su Festa Major con un extenso programa de actos en el que no falta [&hellip;]<!-- AddThis Advanced Settings generic via filter on get_the_excerpt --><!-- AddThis Share Buttons generic via filter on get_the_excerpt --><\/p>\n","protected":false},"author":51,"featured_media":0,"comment_status":"open","ping_status":"closed","sticky":false,"template":"","format":"standard","meta":[],"categories":[2],"tags":[],"_links":{"self":[{"href":"https:\/\/blogs.hoy.es\/catalanaconjamon\/wp-json\/wp\/v2\/posts\/19"}],"collection":[{"href":"https:\/\/blogs.hoy.es\/catalanaconjamon\/wp-json\/wp\/v2\/posts"}],"about":[{"href":"https:\/\/blogs.hoy.es\/catalanaconjamon\/wp-json\/wp\/v2\/types\/post"}],"author":[{"embeddable":true,"href":"https:\/\/blogs.hoy.es\/catalanaconjamon\/wp-json\/wp\/v2\/users\/51"}],"replies":[{"embeddable":true,"href":"https:\/\/blogs.hoy.es\/catalanaconjamon\/wp-json\/wp\/v2\/comments?post=19"}],"version-history":[{"count":0,"href":"https:\/\/blogs.hoy.es\/catalanaconjamon\/wp-json\/wp\/v2\/posts\/19\/revisions"}],"wp:attachment":[{"href":"https:\/\/blogs.hoy.es\/catalanaconjamon\/wp-json\/wp\/v2\/media?parent=19"}],"wp:term":[{"taxonomy":"category","embeddable":true,"href":"https:\/\/blogs.hoy.es\/catalanaconjamon\/wp-json\/wp\/v2\/categories?post=19"},{"taxonomy":"post_tag","embeddable":true,"href":"https:\/\/blogs.hoy.es\/catalanaconjamon\/wp-json\/wp\/v2\/tags?post=19"}],"curies":[{"name":"wp","href":"https:\/\/api.w.org\/{rel}","templated":true}]}}