{"id":192,"date":"2013-12-11T08:22:55","date_gmt":"2013-12-11T06:22:55","guid":{"rendered":"http:\/\/blogs.hoy.es\/catalanaconjamon\/?p=192"},"modified":"2013-12-11T08:22:55","modified_gmt":"2013-12-11T06:22:55","slug":"de-premia-de-mar-a-caceres-para-recuperar-la-mirada-de-los-extremenos","status":"publish","type":"post","link":"https:\/\/blogs.hoy.es\/catalanaconjamon\/2013\/12\/11\/de-premia-de-mar-a-caceres-para-recuperar-la-mirada-de-los-extremenos\/","title":{"rendered":"De Premi\u00e0 de Mar a C\u00e1ceres para recuperar la mirada de los extreme\u00f1os"},"content":{"rendered":"<a href=\"\/catalanaconjamon\/wp-content\/uploads\/sites\/49\/2013\/12\/Vi\u0301ctor-en-plato\u0301-LA-VIDA-PASAR-peq1.jpg\"><img loading=\"lazy\" class=\"size-full wp-image-194\" title=\"Vi\u0301ctor en plato\u0301 LA VIDA PASAR (peq)\" src=\"\/catalanaconjamon\/wp-content\/uploads\/sites\/49\/2013\/12\/Vi\u0301ctor-en-plato\u0301-LA-VIDA-PASAR-peq1.jpg\" alt=\"\" width=\"648\" height=\"484\" srcset=\"https:\/\/static-blogs.hoy.es\/wp-content\/uploads\/sites\/49\/2013\/12\/Vi\u0301ctor-en-plato\u0301-LA-VIDA-PASAR-peq1.jpg 648w, https:\/\/static-blogs.hoy.es\/wp-content\/uploads\/sites\/49\/2013\/12\/Vi\u0301ctor-en-plato\u0301-LA-VIDA-PASAR-peq1-300x224.jpg 300w\" sizes=\"(max-width: 648px) 100vw, 648px\" \/><\/a>\n<p><strong>Nacido en Barcelona en 1975, hijo de un emigrante badajocense; realizador, guionista y productor audiovisual, m\u00fasico vocacional y aficionado a los c\u00f3mics; V\u00edctor Sarabia Mir\u00f3 resid\u00eda en Premi\u00e0 de Mar (Barcelona), hasta que un buen d\u00eda descubri\u00f3 Extremadura y se vino a vivir aqu\u00ed. Hoy, instalado en C\u00e1ceres, lleva adelante el proyecto de recuperaci\u00f3n de la memoria audiovisual colectiva de la regi\u00f3n, <em>La Mirada de los Extreme\u00f1os<\/em>, y forma parte del equipo del programa <em>La vida pasar<\/em>, de Canal Extremadura Televisi\u00f3n.<\/strong><\/p>\n<p>Todav\u00eda recuerdo el d\u00eda en el que recib\u00ed la primera llamada de <strong>V\u00edctor Sarabia<\/strong>, hace algo m\u00e1s de seis a\u00f1os. Alguien le hab\u00eda facilitado mi tel\u00e9fono y le hab\u00eda dicho que yo tambi\u00e9n era de Premi\u00e0 de Mar (<em>aunque ambos nacimos en Barcelona<\/em>), que llevaba muchos a\u00f1os en Extremadura y que le podr\u00eda hablar de la regi\u00f3n. Nos vimos en M\u00e9rida, en la terraza de un caf\u00e9, y hablamos de mi experiencia, de sus impresiones, esperanzas e ilusiones. Ahora, ya asentado en Extremadura, y con mucho retraso por nuestros ajetreos profesionales, por fin se pone a tiro para ser protagonista de <em>Catalana con jam\u00f3n.<\/em><\/p>\n<p><strong>\u00bfCu\u00e1ndo decides venir a Extremadura y por qu\u00e9? <\/strong>En 2007 vine por primera vez a Extremadura de vacaciones y me encant\u00f3 esta tierra. Dos a\u00f1os despu\u00e9s, a principios de 2009, estaba viviendo aqu\u00ed, en M\u00e9rida. Actualmente resido en C\u00e1ceres.<strong> <\/strong>Vine para cambiar de aires y en busca de la famosa <em>calidad de vida<\/em>. Era una locura: venir sin trabajo apalabrado, sin conocer a nadie y sin tener familia aqu\u00ed, pero aqu\u00ed estoy. Fue un salto sin red, dif\u00edcil al principio, pero estoy muy contento de haberlo hecho.<\/p>\n<p><strong>Siempre te has movido en torno a proyectos de producci\u00f3n audiovisual participativa. \u00bfPor alguna raz\u00f3n especial? <\/strong>No creo que haya otra manera de hacerlo. El audiovisual no es un trabajo solitario, se necesita de varias personas para sacar adelante un producto audiovisual. Siempre es mejor sumar a gente que participe y aporte, que sienta el producto como propio. Eso no significa trabajar gratis. Pocas personas pueden permitirse eso y menos ahora. Significa asumir una parte de los costes de producci\u00f3n, aportando lo que cada uno sabe hacer, repartiendo riesgo s\u00ed, pero tambi\u00e9n beneficios.<strong> <\/strong>El <em>crowdfunding<\/em>, por ejemplo, no s\u00f3lo ayuda a financiar un proyecto, tambi\u00e9n sirve para pulsar su inter\u00e9s, c\u00f3mo lo va a recibir la gente, si tendr\u00e1 p\u00fablico\u2026<\/p>\n<a href=\"\/catalanaconjamon\/wp-content\/uploads\/sites\/49\/2013\/12\/YK2013_008622_OMD.jpg\"><img loading=\"lazy\" class=\" wp-image-195\" title=\"YK2013_008622_OMD\" src=\"\/catalanaconjamon\/wp-content\/uploads\/sites\/49\/2013\/12\/YK2013_008622_OMD.jpg\" alt=\"\" width=\"376\" height=\"250\" srcset=\"https:\/\/static-blogs.hoy.es\/wp-content\/uploads\/sites\/49\/2013\/12\/YK2013_008622_OMD.jpg 1000w, https:\/\/static-blogs.hoy.es\/wp-content\/uploads\/sites\/49\/2013\/12\/YK2013_008622_OMD-300x200.jpg 300w, https:\/\/static-blogs.hoy.es\/wp-content\/uploads\/sites\/49\/2013\/12\/YK2013_008622_OMD-768x512.jpg 768w\" sizes=\"(max-width: 376px) 100vw, 376px\" \/><\/a>\n<p><strong>Ambos tenemos en com\u00fan la historia del dibujante Joaqu\u00edn Bl\u00e1zquez y la reivindicaci\u00f3n de su personaje Melvin, ante el E.T. de Spielberg. \u00bfFue una de tus primeras incursiones audiovisuales?, \u00bfqu\u00e9 represent\u00f3 ese trabajo para t\u00ed? <\/strong>No fue de las primeras, pero fue y sigue siendo de las m\u00e1s ambiciosas, por tem\u00e1tica, sistema de producci\u00f3n colaborativo\u2026 y la intenci\u00f3n de trabajarlo en transmedia.<strong> <\/strong>Podr\u00eda decirse que el documental <em>Melvin contra E.T.<\/em> es como mi <em>tesis audiovisual<\/em>. Es un proyecto en el que llevo trabajando desde 2006 y a\u00fan sigo con \u00e9l. En 2014 voy a darle un empuje importante, entrando en coproducci\u00f3n con una productora de Barcelona. Tengo ganas de sacar la historia a la luz, de mostrar el trabajo de Joaqu\u00edn Bl\u00e1zquez y de toda la generaci\u00f3n de dibujantes de historietas de las d\u00e9cadas de los 60 y 70, muchos de ellos, tristemente olvidados.<strong> <\/strong>Hay mucho de m\u00ed en esa historia, en la historia personal de Joaqu\u00edn Bl\u00e1zquez, y es algo que tambi\u00e9n exploro en el documental.<\/p>\n<p><strong>LA MIRADA DE LOS EXTREME\u00d1OS<\/strong><\/p>\n<p><strong>\u00bfC\u00f3mo est\u00e1 funcionando <em>La Mirada de los Extreme\u00f1os<\/em>, un proyecto del que ya me hablaste hace 6 a\u00f1os, la primera vez que nos vimos? <\/strong>Estoy muy contento con <em>La Mirada de los Extreme\u00f1os<\/em>, recuperar las filmaciones familiares de los extreme\u00f1os en Super 8 es una tarea maravillosa, y ayudar a difundirlas m\u00e1s todav\u00eda. El pasado 18 de septiembre la Filmoteca de Extremadura present\u00f3 el proyecto y la acogida fue estupenda, con muy buena repercusi\u00f3n en la prensa y en Facebook (<a href=\"https:\/\/www.facebook.com\/lamiradaextremadura\">https:\/\/www.facebook.com\/lamiradaextremadura<\/a>). Han sido muchas las llamadas de ciudadanos que quieren facilitar sus pel\u00edculas, que se las pasemos gratuitamente a DVD y depositar los originales en las c\u00e1maras de conservaci\u00f3n de la sede de la Filmoteca en C\u00e1ceres.<\/p>\n<p><em>La Mirada de los Extreme\u00f1os<\/em> es uno de los proyectos <em>estrella<\/em> de la Filmoteca de Extremadura para el 2014. Se han dise\u00f1ado unos d\u00edpticos informativos, con ilustraciones del dibujante cacere\u00f1o <strong>Ferm\u00edn Sol\u00eds<\/strong>, que tambi\u00e9n se ha encargado del logotipo del proyecto, que se repartir\u00e1n por los pueblos y ciudades de Extremadura, en los que tambi\u00e9n se realizar\u00e1n diversas acciones que sirvan para acercar el proyecto a los ciudadanos y recuperar sus pel\u00edculas, que al fin y al cabo son patrimonio de los extreme\u00f1os.<\/p>\n<p><strong>\u00bfCu\u00e1l es la pel\u00edcula m\u00e1s antigua que se ha recuperado? <\/strong>Se trata de una filmaci\u00f3n de Badajoz y M\u00e9rida del a\u00f1o 1934, en 8mm. Adem\u00e1s de contener im\u00e1genes sorprendentes, el tipo de formato usado en ese a\u00f1o es toda una rareza. Es de las pocas pel\u00edculas que existen en Espa\u00f1a de estas caracter\u00edsticas.<\/p>\n<p><strong>El proyecto tiene una buena promoci\u00f3n con el programa <em>La vida pasar<\/em>, de Canal Extremadura TV, en el que tambi\u00e9n participas. <em>\u00a0<\/em><\/strong>S\u00ed, una de las mejores maneras de difundir las im\u00e1genes en movimiento que filmaron los extreme\u00f1os es, sin duda, un programa de televisi\u00f3n.<strong><em> <\/em><\/strong>El programa <a href=\"http:\/\/www.canalextremadura.es\/tv\/entretenimiento\/la-vida-pasar\"><em>La vida pasar<\/em><\/a>, que se emite los s\u00e1bados a las 22.10 horas, se encarga justamente de eso, de mostrar c\u00f3mo eran los extreme\u00f1os en las d\u00e9cadas de los 60, 70 y 80, a trav\u00e9s de sus filmaciones familiares y de las an\u00e9cdotas asociadas a ellas, que nos explican sus propios protagonistas. Es una firme apuesta de Canal Extremadura, por la cercan\u00eda con los espectadores, explicando la historia de la regi\u00f3n de una manera amena, original y entretenida. Dicho programa est\u00e1 basado en una idea propia, que nace con el proyecto de <em>La Mirada de los Extreme\u00f1os.<\/em> No existe en televisi\u00f3n un formato de estas caracter\u00edsticas, as\u00ed que estoy muy contento de que finalmente haya salido a la luz\u2026 \u00a1y que est\u00e9 gustando tanto y que las cuotas de audiencia sean tan altas!<\/p>\n<div id=\"attachment_196\" style=\"width: 422px\" class=\"wp-caption alignleft\"><a href=\"\/catalanaconjamon\/wp-content\/uploads\/sites\/49\/2013\/12\/Mini-X-Concierto-Portada_OK-peq.jpg\"><img aria-describedby=\"caption-attachment-196\" loading=\"lazy\" class=\" wp-image-196\" title=\"Mini X Concierto Portada_OK (peq)\" src=\"\/catalanaconjamon\/wp-content\/uploads\/sites\/49\/2013\/12\/Mini-X-Concierto-Portada_OK-peq.jpg\" alt=\"\" width=\"412\" height=\"227\" srcset=\"https:\/\/static-blogs.hoy.es\/wp-content\/uploads\/sites\/49\/2013\/12\/Mini-X-Concierto-Portada_OK-peq.jpg 477w, https:\/\/static-blogs.hoy.es\/wp-content\/uploads\/sites\/49\/2013\/12\/Mini-X-Concierto-Portada_OK-peq-300x165.jpg 300w\" sizes=\"(max-width: 412px) 100vw, 412px\" \/><\/a><p id=\"caption-attachment-196\" class=\"wp-caption-text\">Concierto de Mini X<\/p><\/div>\n<p><strong>PUNK ROCK PARA NI\u00d1OS<\/strong><\/p>\n<p><strong>V\u00edctor, seg\u00fan tengo entendido, has recuperado tu afici\u00f3n por la m\u00fasica. \u00bfC\u00f3mo y con qui\u00e9n? <\/strong>Siempre digo que no soy bater\u00eda, sino que <em>toco la bater\u00eda<\/em>. Despu\u00e9s de muchos a\u00f1os sin tocar, he vuelto a hacer ruido.<strong> <\/strong>Estoy en un grupo de punk rock para ni\u00f1os, llamado <a href=\"http:\/\/minix.bandcamp.com\/\">MINI X<\/a>, en el que, adem\u00e1s de disfrutarlo musicalmente, estoy con amigos, Marina, Jos\u00e9 Luis, Ferm\u00edn y Mar\u00eda. Esta \u00faltima, adem\u00e1s de tocar el bajo en la banda, es una fant\u00e1stica ilustradora y se ha encargado de la imagen del EP que hemos sacado hace poco, titulado <em>El mundo est\u00e1 loco<\/em>.<strong> <\/strong>Tambi\u00e9n, junto con Laura, Aritz, Julia y Javi (<em>del tr\u00edo ac\u00fastico de country rock cacere\u00f1o Three Little Pigs<\/em>), estamos tocando algo que hemos definido como <em>m\u00fasica del Oeste<\/em>, en un grupo cuyo nombre est\u00e1 aun por definir. Una de las opciones que se barajan es <em>Milana Bonita<\/em>,\u00a0 \u00bfos gusta?\u2026 a ver qu\u00e9 tal sale el invento.<\/p>\n<p><strong>\u00bfA\u00f1oras Premi\u00e0 de Mar y Catalunya?, \u00bfc\u00f3mo est\u00e1s viviendo la experiencia extreme\u00f1a? <\/strong>Al venirme a Extremadura pens\u00e9 que lo que m\u00e1s a\u00f1orar\u00eda de all\u00ed ser\u00eda la cercan\u00eda con el mar, pero ha resultado ser el idioma. El catal\u00e1n es mi lengua materna y la que usaba all\u00ed habitualmente, por lo que no hablarlo regularmente s\u00ed que me genera en determinados momentos cierta a\u00f1oranza.<strong> <\/strong>Por trabajo, voy menos a Premi\u00e0 de Mar de lo que me gustar\u00eda, pero la tecnolog\u00eda ayuda a acortar la distancia y sigo en contacto con la gente de all\u00ed a la que quiero. La experiencia aqu\u00ed est\u00e1 siendo fabulosa. Estoy rodeado de gente estupenda, que lucha por construir una Extremadura mejor cada d\u00eda, a trav\u00e9s del arte, la cultura, el asociacionismo o la acci\u00f3n pol\u00edtica. Yo mismo espero estar aportando tambi\u00e9n mi granito de arena. Disfruto much\u00edsimo mi trabajo y C\u00e1ceres es una ciudad en la que me siento muy a gusto, por lo que, si me lo permit\u00eds, me quedar\u00e9 un tiempo m\u00e1s.<\/p>\n<p>Con el compromiso de un nuevo caf\u00e9 a la menor oportunidad que nos surja, finalizamos este encuentro de dos premianenses asentados en Extremadura.<\/p>\n<!-- AddThis Advanced Settings generic via filter on the_content --><!-- AddThis Share Buttons generic via filter on the_content -->","protected":false},"excerpt":{"rendered":"<p>Nacido en Barcelona en 1975, hijo de un emigrante badajocense; realizador, guionista y productor audiovisual, m\u00fasico vocacional y aficionado a los c\u00f3mics; V\u00edctor Sarabia Mir\u00f3 resid\u00eda en Premi\u00e0 de Mar (Barcelona), hasta que un buen d\u00eda descubri\u00f3 Extremadura y se vino a vivir aqu\u00ed. Hoy, instalado en C\u00e1ceres, lleva adelante el proyecto de recuperaci\u00f3n de [&hellip;]<!-- AddThis Advanced Settings generic via filter on get_the_excerpt --><!-- AddThis Share Buttons generic via filter on get_the_excerpt --><\/p>\n","protected":false},"author":51,"featured_media":0,"comment_status":"open","ping_status":"closed","sticky":false,"template":"","format":"standard","meta":[],"categories":[7],"tags":[62,96,101,147,157,199,203,281,314,319,353,354,360,410,465,480,511],"_links":{"self":[{"href":"https:\/\/blogs.hoy.es\/catalanaconjamon\/wp-json\/wp\/v2\/posts\/192"}],"collection":[{"href":"https:\/\/blogs.hoy.es\/catalanaconjamon\/wp-json\/wp\/v2\/posts"}],"about":[{"href":"https:\/\/blogs.hoy.es\/catalanaconjamon\/wp-json\/wp\/v2\/types\/post"}],"author":[{"embeddable":true,"href":"https:\/\/blogs.hoy.es\/catalanaconjamon\/wp-json\/wp\/v2\/users\/51"}],"replies":[{"embeddable":true,"href":"https:\/\/blogs.hoy.es\/catalanaconjamon\/wp-json\/wp\/v2\/comments?post=192"}],"version-history":[{"count":0,"href":"https:\/\/blogs.hoy.es\/catalanaconjamon\/wp-json\/wp\/v2\/posts\/192\/revisions"}],"wp:attachment":[{"href":"https:\/\/blogs.hoy.es\/catalanaconjamon\/wp-json\/wp\/v2\/media?parent=192"}],"wp:term":[{"taxonomy":"category","embeddable":true,"href":"https:\/\/blogs.hoy.es\/catalanaconjamon\/wp-json\/wp\/v2\/categories?post=192"},{"taxonomy":"post_tag","embeddable":true,"href":"https:\/\/blogs.hoy.es\/catalanaconjamon\/wp-json\/wp\/v2\/tags?post=192"}],"curies":[{"name":"wp","href":"https:\/\/api.w.org\/{rel}","templated":true}]}}