{"id":20,"date":"2012-06-08T07:13:00","date_gmt":"2012-06-08T07:13:00","guid":{"rendered":"http:\/\/blogs.hoy.es\/catalanaconjamon\/2012\/06\/08\/tarragona-y-badajoz-unidas-musicalmente-por-el-pianista-anton-cardo-y-la-mezzo-elena-gragera\/"},"modified":"2012-06-08T07:13:00","modified_gmt":"2012-06-08T07:13:00","slug":"tarragona-y-badajoz-unidas-musicalmente-por-el-pianista-anton-cardo-y-la-mezzo-elena-gragera","status":"publish","type":"post","link":"https:\/\/blogs.hoy.es\/catalanaconjamon\/2012\/06\/08\/tarragona-y-badajoz-unidas-musicalmente-por-el-pianista-anton-cardo-y-la-mezzo-elena-gragera\/","title":{"rendered":">Tarragona y Badajoz unidas musicalmente por el pianista Ant\u00f3n Card\u00f3 y la mezzo Elena Gragera"},"content":{"rendered":"<p>><!--[if gte mso 9]>   Normal  0      21      false  false  false    ES  X-NONE  X-NONE                                       MicrosoftInternetExplorer4                                     <![endif]--><!--[if gte mso 9]>                                                                                                                                                                                                                                                                                    <![endif]--><!--[if gte mso 10]> \/* Style Definitions *\/  table.MsoNormalTable  {mso-style-name:\"Tabla normal\";  mso-tstyle-rowband-size:0;  mso-tstyle-colband-size:0;  mso-style-noshow:yes;  mso-style-priority:99;  mso-style-qformat:yes;  mso-style-parent:\"\";  mso-padding-alt:0cm 5.4pt 0cm 5.4pt;  mso-para-margin:0cm;  mso-para-margin-bottom:.0001pt;  mso-pagination:widow-orphan;  font-size:11.0pt;  font-family:\"Calibri\",\"sans-serif\";  mso-ascii-font-family:Calibri;  mso-ascii-theme-font:minor-latin;  mso-fareast-font-family:\"Times New Roman\";  mso-fareast-theme-font:minor-fareast;  mso-hansi-font-family:Calibri;  mso-hansi-theme-font:minor-latin;  mso-bidi-font-family:\"Times New Roman\";  mso-bidi-theme-font:minor-bidi;} <![endif]--> <\/p>\n<div class=\"MsoNormal\" style=\"text-align: justify\"><b><span>El pianista Ant\u00f3n Card\u00f3, nacido en Valls (Taragona) y la mezzosoprano <a href=\"http:\/\/www.elenagragera.com\/\">Elena Gragera<\/a>, natural de la ciudad de Badajoz, forman un d\u00fao arm\u00f3nico, tanto en lo musical, como en lo personal. Residentes en Madrid, han pasado por la capital pacense para participar en varias de las sesiones del XXIX Festival Ib\u00e9rico de M\u00fasica. Y en medio del ajetreo, con gran amabilidad, han sacado tiempo para hablar con \u201cCatalana con jam\u00f3n\u201d sobre sus experiencias y vivencias como pareja extreme\u00f1o-catalana.<\/span><\/b><\/div>\n<div class=\"MsoNormal\" style=\"text-align: justify\"><\/div>\n<table cellpadding=\"0\" cellspacing=\"0\" class=\"tr-caption-container\" style=\"float: left;margin-right: 1em;text-align: left\">\n<tbody>\n<tr>\n<td style=\"text-align: center\"><a href=\"http:\/\/4.bp.blogspot.com\/-Y1lZi0svOZU\/T9GkX93a-vI\/AAAAAAAABiw\/wsA81j9Ia_8\/s1600\/Gragera-Carb%C3%B3+%282%29.jpg\"><img loading=\"lazy\" border=\"0\" height=\"265\" src=\"\/\/4.bp.blogspot.com\/-Y1lZi0svOZU\/T9GkX93a-vI\/AAAAAAAABiw\/wsA81j9Ia_8\/s400\/Gragera-Carb%C3%B3+%282%29.jpg\" width=\"400\" \/><\/a><\/td>\n<\/tr>\n<tr>\n<td class=\"tr-caption\" style=\"text-align: center\">Elena Gragera y Ant\u00f3n Card\u00f3 en el Paseo de San Francisco de Badajoz<\/td>\n<\/tr>\n<\/tbody>\n<\/table>\n<div class=\"MsoNormal\" style=\"margin-bottom: .0001pt;margin-bottom: 0cm;text-align: justify\"><b><span><\/span><\/b><!--[if gte mso 9]>   Normal  0      21      false  false  false    ES  X-NONE  X-NONE                                       MicrosoftInternetExplorer4                                     <![endif]--><!--[if gte mso 9]>                                                                                                                                                                                                                                                                                    <![endif]--><!--[if gte mso 10]> \/* Style Definitions *\/  table.MsoNormalTable  {mso-style-name:\"Tabla normal\";  mso-tstyle-rowband-size:0;  mso-tstyle-colband-size:0;  mso-style-noshow:yes;  mso-style-priority:99;  mso-style-qformat:yes;  mso-style-parent:\"\";  mso-padding-alt:0cm 5.4pt 0cm 5.4pt;  mso-para-margin:0cm;  mso-para-margin-bottom:.0001pt;  mso-pagination:widow-orphan;  font-size:11.0pt;  font-family:\"Calibri\",\"sans-serif\";  mso-ascii-font-family:Calibri;  mso-ascii-theme-font:minor-latin;  mso-fareast-font-family:\"Times New Roman\";  mso-fareast-theme-font:minor-fareast;  mso-hansi-font-family:Calibri;  mso-hansi-theme-font:minor-latin;  mso-bidi-font-family:\"Times New Roman\";  mso-bidi-theme-font:minor-bidi;} <![endif]--><span>Ambos utilizan en diversas ocasiones el t\u00e9rmino naturalidad para definir c\u00f3mo han encajado en com\u00fan sus respectivos rasgos culturales. No sienten que uno se haya impuesto sobre el otro. Consideran que llevan muy bien esa convivencia y que cada uno se est\u00e1 beneficiando de la cultura del otro. En relaci\u00f3n al idioma, ambos se relacionan en castellano, pues es el idioma en el que se conocieron, pero Elena habla perfectamente el catal\u00e1n, pues enseguida vio que era algo que le enriquec\u00eda personalmente. De hecho lo aprendi\u00f3 en Madrid, a trav\u00e9s de los cursos que imparte la Generalitat de Catalunya.<\/span><\/div>\n<div class=\"MsoNormal\" style=\"margin-bottom: .0001pt;margin-bottom: 0cm;text-align: justify\"><span>Ant\u00f3n, que hace casi 30 a\u00f1os que arrib\u00f3 por primera vez a Extremadura, reconoce que la regi\u00f3n no es la que le hab\u00edan contado. Sale a relucir uno de los t\u00f3picos m\u00e1s incomprensibles para cuantos conocemos esta tierra: la de la sequedad. Ant\u00f3n no comprende de d\u00f3nde ha podido salir ese clich\u00e9, cuando hay zonas en Espa\u00f1a que realmente s\u00ed que son secas, pero no Extremadura en su conjunto. Destaca la simpat\u00eda y espontaneidad de los extreme\u00f1os y explica que estos a\u00f1os de conocimiento mutuo le han servido para reflexionar mucho: <i>a veces los catalanes somos un poco autosuficientes y orgullosos, quiz\u00e1s con motivo, pero el hecho de viajar y conocer a mucha gente distinta te hace recapacitar y situarte realmente en tu puesto, sin por ello dejar de querer a tu tierra.<\/i><\/span><\/div>\n<div class=\"MsoNormal\" style=\"margin-bottom: .0001pt;margin-bottom: 0cm;text-align: justify\"><span>Considera Ant\u00f3n Card\u00f3 que la regi\u00f3n ha experimentado una gran transformaci\u00f3n en las \u00faltimas tres d\u00e9cadas, que se puede apreciar en su urbanismo, en la dotaci\u00f3n de servicios, en la propia madurez social. Cree que la Espa\u00f1a de la autonom\u00eda le ha sentado muy bien a Extremadura.<\/span><\/div>\n<div class=\"MsoNormal\" style=\"margin-bottom: .0001pt;margin-bottom: 0cm;text-align: justify\"><span>Por su parte Elena Gragera hace hincapi\u00e9 en que, desde un primer momento, se integr\u00f3 perfectamente en la sociedad catalana, en el c\u00edrculo familiar y de amistades de Ant\u00f3n, y que se siente muy a gusto entre ellos.<\/span><\/div>\n<div class=\"MsoNormal\" style=\"margin-bottom: .0001pt;margin-bottom: 0cm;text-align: justify\"><span>De los catalanes admira su capacidad emprendedora, y reconoce que a ella prefiere trabajar un poco <i>a la catalana<\/i>. Se siente c\u00f3moda con el ritmo vital que tienen. En su relaci\u00f3n art\u00edstica con Ant\u00f3n, ella se encarga m\u00e1s de toda la parte administrativa y gerencial, mientras que su marido es quien se encarga de dise\u00f1ar el contenido de los programas musicales que van a interpretar. <i>A Ant\u00f3n le gusta lo multidisciplinar <\/i>\u2013aclara Elena-, <i>por eso elabora ciclos muy interesantes como el de \u201cM\u00fasica en torno a Picasso\u201d o el de \u201cM\u00fasica y pintura del siglo XIX\u201d<\/i>.<\/span><\/div>\n<div class=\"MsoNormal\" style=\"margin-bottom: .0001pt;margin-bottom: 0cm;text-align: justify\"><\/div>\n<div class=\"MsoNormal\" style=\"margin-bottom: .0001pt;margin-bottom: 0cm;text-align: justify\"><b><span>EXTREMADURA MUSICAL<\/span><\/b><\/div>\n<table cellpadding=\"0\" cellspacing=\"0\" class=\"tr-caption-container\" style=\"float: right;margin-left: 1em;text-align: right\">\n<tbody>\n<tr>\n<td style=\"text-align: center\"><a href=\"http:\/\/1.bp.blogspot.com\/-X2DKPUlStTo\/T9GjqRh1w9I\/AAAAAAAABig\/NQ3AMKVkpTg\/s1600\/Card%25C3%25B3-Gragera+%25282%2529.jpg\"><img loading=\"lazy\" border=\"0\" height=\"265\" src=\"\/\/1.bp.blogspot.com\/-X2DKPUlStTo\/T9GjqRh1w9I\/AAAAAAAABig\/NQ3AMKVkpTg\/s400\/Card%25C3%25B3-Gragera+%25282%2529.jpg\" width=\"400\" \/><\/a><\/td>\n<\/tr>\n<tr>\n<td class=\"tr-caption\" style=\"text-align: center\">Actuaci\u00f3n en el Sal\u00f3n Noble de la Diputaci\u00f3n de Badajoz<\/td>\n<\/tr>\n<\/tbody>\n<\/table>\n<div class=\"MsoNormal\" style=\"margin-bottom: .0001pt;margin-bottom: 0cm;text-align: justify\"><span>Pasamos por lo tanto a hablar de m\u00fasica, pues esa es su vida y su pasi\u00f3n, y lo que de hecho les ha tra\u00eddo una vez m\u00e1s a Badajoz. Acostumbrados a recorrer el mundo (Londres, Mosc\u00fa, San Petesburgo, La Haya, Par\u00eds, Amsterdam, M\u00e9xico, Madrid, Barcelona, etc.), venir a Extremadura siempre es una experiencia gratificante, sobre todo para Elena.<\/span><\/div>\n<div class=\"MsoNormal\" style=\"margin-bottom: .0001pt;margin-bottom: 0cm;text-align: justify\"><span>En esta ocasi\u00f3n, con motivo del XXIX Festival Ib\u00e9rico de M\u00fasica, una de sus actuaciones ha sido en el Sal\u00f3n Noble de la Diputaci\u00f3n de Badajoz. Esto ha sido algo especial para la mezzosoprano extreme\u00f1a. <i>Para m\u00ed <\/i>\u2013nos dice Elena Gragera- <i>ha supuesto una gran responsabilidad y he volcado todo mi cari\u00f1o hacia esta actuaci\u00f3n. Era la primera vez que actuaba en ese espacio, que es al que yo iba de peque\u00f1a a escuchar m\u00fasica. De hecho me sol\u00eda situar en el primer palco que hay a la derecha de la escena y hoy, sin haberlo hablado, cuando he salido he visto que estaba all\u00ed mi madre. Ha sido muy emocionante<\/i>.<\/span><\/div>\n<div class=\"MsoNormal\" style=\"margin-bottom: .0001pt;margin-bottom: 0cm;text-align: justify\"><span>Ant\u00f3n y Elena tambi\u00e9n recuerdan con mucho afecto la oportunidad que en 2009 les brind\u00f3 el presidente de la Junta de Extremadura, <b>Guillermo Fern\u00e1ndez Vara<\/b>, para que fueran ellos quienes interpretaran el Himno de Extremadura, cantado por Elena y con arreglos pian\u00edsticos del propio Ant\u00f3n, en el acto institucional de entrega de las Medallas de Extremadura, en el Teatro Romano de M\u00e9rida.<\/span><\/div>\n<div class=\"MsoNormal\" style=\"margin-bottom: .0001pt;margin-bottom: 0cm;text-align: justify\"><span>Al hablar de la m\u00fasica en Extremadura, Ant\u00f3n Card\u00f3 recuerda al pianista <b>Esteban S\u00e1nchez<\/b>, de quien dice que fue una figura inmensa: <i>si en lugar de haber nacido en Extremadura, lo hubiera hecho en Gran Breta\u00f1a o en Alemania, habr\u00eda sido uno de los grandes de la m\u00fasica mundial del siglo XX.<\/i><\/span><\/div>\n<div class=\"MsoNormal\" style=\"margin-bottom: .0001pt;margin-bottom: 0cm;text-align: justify\"><span>Ambos mencionan que el nivel musical ha tenido un avance espectacular en las \u00faltimas d\u00e9cadas. Ponen como muestra la magn\u00edfica labor que viene desarrollando la <a href=\"http:\/\/www.sfilarmonicaba.net\/\">Sociedad Filarm\u00f3nica de Badajoz<\/a>, a la que tildan de ejemplar. Es m\u00e1s, Ant\u00f3n considera que el anterior presidente de la misma, <b>Felipe Hern\u00e1ndez<\/b>, <i>es uno de los mejores gestores musicales que ha conocido en Espa\u00f1a. Una persona con mucho criterio y con conocimiento<\/i>. Ahora, bajo la direcci\u00f3n de <b>Javier Gonz\u00e1lez Pereira<\/b>, sigue por el mismo camino. Tampoco olvidan, en el desarrollo musical extreme\u00f1o, la important\u00edsima labor que vienen realizando los conservatorios en la formaci\u00f3n de nuevas generaciones de int\u00e9rpretes.<\/span><\/div>\n<div class=\"MsoNormal\" style=\"margin-bottom: .0001pt;margin-bottom: 0cm;text-align: justify\"><span>El reconocido cr\u00edtico musical Juan \u00c1ngel Vela del Campo ha dicho, de Elena Gragera, que es la heredera de <b>Teresa Berganza<\/b> en la canci\u00f3n de concierto. Por su parte, el gran compositor <b>Xavier Montsalvatge<\/b> escribi\u00f3 de Ant\u00f3n Card\u00f3, que <i>es uno de aquellos pianistas que saben adivinar el sentido \u00edntimo de cada obra<\/i>.<\/span><\/div>\n<div class=\"MsoNormal\" style=\"margin-bottom: .0001pt;margin-bottom: 0cm;text-align: justify\"><span>Ambos forman una s\u00f3lida pareja en lo art\u00edstico y en lo personal, cosa que dejan traslucir con una enorme afabilidad, y con la gran naturalidad con la que viven la hibridaci\u00f3n de sus ra\u00edces culturales extreme\u00f1as y catalanas. <\/span><\/div>\n<!-- AddThis Advanced Settings generic via filter on the_content --><!-- AddThis Share Buttons generic via filter on the_content -->","protected":false},"excerpt":{"rendered":"<p>> El pianista Ant\u00f3n Card\u00f3, nacido en Valls (Taragona) y la mezzosoprano Elena Gragera, natural de la ciudad de Badajoz, forman un d\u00fao arm\u00f3nico, tanto en lo musical, como en lo personal. Residentes en Madrid, han pasado por la capital pacense para participar en varias de las sesiones del XXIX Festival Ib\u00e9rico de M\u00fasica. Y [&hellip;]<!-- AddThis Advanced Settings generic via filter on get_the_excerpt --><!-- AddThis Share Buttons generic via filter on get_the_excerpt --><\/p>\n","protected":false},"author":51,"featured_media":0,"comment_status":"open","ping_status":"closed","sticky":false,"template":"","format":"standard","meta":[],"categories":[7],"tags":[],"_links":{"self":[{"href":"https:\/\/blogs.hoy.es\/catalanaconjamon\/wp-json\/wp\/v2\/posts\/20"}],"collection":[{"href":"https:\/\/blogs.hoy.es\/catalanaconjamon\/wp-json\/wp\/v2\/posts"}],"about":[{"href":"https:\/\/blogs.hoy.es\/catalanaconjamon\/wp-json\/wp\/v2\/types\/post"}],"author":[{"embeddable":true,"href":"https:\/\/blogs.hoy.es\/catalanaconjamon\/wp-json\/wp\/v2\/users\/51"}],"replies":[{"embeddable":true,"href":"https:\/\/blogs.hoy.es\/catalanaconjamon\/wp-json\/wp\/v2\/comments?post=20"}],"version-history":[{"count":0,"href":"https:\/\/blogs.hoy.es\/catalanaconjamon\/wp-json\/wp\/v2\/posts\/20\/revisions"}],"wp:attachment":[{"href":"https:\/\/blogs.hoy.es\/catalanaconjamon\/wp-json\/wp\/v2\/media?parent=20"}],"wp:term":[{"taxonomy":"category","embeddable":true,"href":"https:\/\/blogs.hoy.es\/catalanaconjamon\/wp-json\/wp\/v2\/categories?post=20"},{"taxonomy":"post_tag","embeddable":true,"href":"https:\/\/blogs.hoy.es\/catalanaconjamon\/wp-json\/wp\/v2\/tags?post=20"}],"curies":[{"name":"wp","href":"https:\/\/api.w.org\/{rel}","templated":true}]}}