{"id":21,"date":"2012-06-10T20:56:00","date_gmt":"2012-06-10T20:56:00","guid":{"rendered":"http:\/\/blogs.hoy.es\/catalanaconjamon\/2012\/06\/10\/la-orquesta-sinfonica-de-barcelona-interpreta-el-candil-en-solidaridad-con-la-orquesta-de-extremadura\/"},"modified":"2012-06-10T20:56:00","modified_gmt":"2012-06-10T20:56:00","slug":"la-orquesta-sinfonica-de-barcelona-interpreta-el-candil-en-solidaridad-con-la-orquesta-de-extremadura","status":"publish","type":"post","link":"https:\/\/blogs.hoy.es\/catalanaconjamon\/2012\/06\/10\/la-orquesta-sinfonica-de-barcelona-interpreta-el-candil-en-solidaridad-con-la-orquesta-de-extremadura\/","title":{"rendered":">La Orquesta Sinf\u00f3nica de Barcelona interpreta &#8220;El Candil&#8221; en solidaridad con la Orquesta de Extremadura"},"content":{"rendered":"<p>><\/p>\n<table align=\"center\" cellpadding=\"0\" cellspacing=\"0\" class=\"tr-caption-container\" style=\"margin-left: auto;margin-right: auto;text-align: center\">\n<tbody>\n<tr>\n<td style=\"text-align: center\"><a href=\"http:\/\/2.bp.blogspot.com\/-vOHVGwAzFPQ\/T9UJRjMlG5I\/AAAAAAAABjA\/N3trt55rdCU\/s1600\/OBC.jpg\"><img loading=\"lazy\" border=\"0\" height=\"320\" src=\"\/\/2.bp.blogspot.com\/-vOHVGwAzFPQ\/T9UJRjMlG5I\/AAAAAAAABjA\/N3trt55rdCU\/s320\/OBC.jpg\" width=\"320\" \/><\/a><\/td>\n<\/tr>\n<tr>\n<td class=\"tr-caption\" style=\"text-align: center\">Orquesta Sinf\u00f3nica de Barcelona (OBC)<\/td>\n<\/tr>\n<\/tbody>\n<\/table>\n<p><span>La <a href=\"http:\/\/www.obc.cat\/\">Orquesta Sinf\u00f3nica de Barcelona<\/a> (OBC) ha grabado una versi\u00f3n de la danza popular extreme\u00f1a <a href=\"http:\/\/www.youtube.com\/watch?v=HZnVvLXLghE&#038;feature=youtu.be\"><i>El Candil<\/i><\/a>, como acto de solidaridad con los profesionales de la Orquesta de Extremadura. Con esta iniciativa, que tambi\u00e9n han realizado otras formaciones sinf\u00f3nicas espa\u00f1olas, se intenta llamar la atenci\u00f3n sobre la situaci\u00f3n de la orquesta extreme\u00f1a, cuya supervivencia est\u00e1 en entredicho por los recortes econ\u00f3micos del Gobierno de la Junta de Extremadura.<\/span><br \/><span>En su grabaci\u00f3n, los int\u00e9rpretes de la OBC indican que en sus once a\u00f1os de existencia la OEX <i>se ha convertido en un referente del panorama musical espa\u00f1ol y un valioso embajador cultural de Extremadura<\/i>. Terminan pidiendo que no se permita que la orquesta m\u00e1s joven de Espa\u00f1a sea la primera en morir.<\/span><br \/><span>Toda la informaci\u00f3n sobre las acciones dirigidas a lograr la pervivencia de la formaci\u00f3n musical m\u00e1s importante de Extremadura, as\u00ed como las numerosas muestras de apoyo que est\u00e1n recibiendo, est\u00e1n disponibles a trav\u00e9s de la p\u00e1gina <i><a href=\"http:\/\/apoyoalaoex.wordpress.com\/\">Apoyo a la Orquesta de Extremadura<\/a>.<\/i><\/span><\/p>\n<!-- AddThis Advanced Settings generic via filter on the_content --><!-- AddThis Share Buttons generic via filter on the_content -->","protected":false},"excerpt":{"rendered":"<p>> Orquesta Sinf\u00f3nica de Barcelona (OBC) La Orquesta Sinf\u00f3nica de Barcelona (OBC) ha grabado una versi\u00f3n de la danza popular extreme\u00f1a El Candil, como acto de solidaridad con los profesionales de la Orquesta de Extremadura. Con esta iniciativa, que tambi\u00e9n han realizado otras formaciones sinf\u00f3nicas espa\u00f1olas, se intenta llamar la atenci\u00f3n sobre la situaci\u00f3n de [&hellip;]<!-- AddThis Advanced Settings generic via filter on get_the_excerpt --><!-- AddThis Share Buttons generic via filter on get_the_excerpt --><\/p>\n","protected":false},"author":51,"featured_media":0,"comment_status":"open","ping_status":"closed","sticky":false,"template":"","format":"standard","meta":[],"categories":[2],"tags":[],"_links":{"self":[{"href":"https:\/\/blogs.hoy.es\/catalanaconjamon\/wp-json\/wp\/v2\/posts\/21"}],"collection":[{"href":"https:\/\/blogs.hoy.es\/catalanaconjamon\/wp-json\/wp\/v2\/posts"}],"about":[{"href":"https:\/\/blogs.hoy.es\/catalanaconjamon\/wp-json\/wp\/v2\/types\/post"}],"author":[{"embeddable":true,"href":"https:\/\/blogs.hoy.es\/catalanaconjamon\/wp-json\/wp\/v2\/users\/51"}],"replies":[{"embeddable":true,"href":"https:\/\/blogs.hoy.es\/catalanaconjamon\/wp-json\/wp\/v2\/comments?post=21"}],"version-history":[{"count":0,"href":"https:\/\/blogs.hoy.es\/catalanaconjamon\/wp-json\/wp\/v2\/posts\/21\/revisions"}],"wp:attachment":[{"href":"https:\/\/blogs.hoy.es\/catalanaconjamon\/wp-json\/wp\/v2\/media?parent=21"}],"wp:term":[{"taxonomy":"category","embeddable":true,"href":"https:\/\/blogs.hoy.es\/catalanaconjamon\/wp-json\/wp\/v2\/categories?post=21"},{"taxonomy":"post_tag","embeddable":true,"href":"https:\/\/blogs.hoy.es\/catalanaconjamon\/wp-json\/wp\/v2\/tags?post=21"}],"curies":[{"name":"wp","href":"https:\/\/api.w.org\/{rel}","templated":true}]}}