{"id":211,"date":"2014-04-20T20:37:22","date_gmt":"2014-04-20T18:37:22","guid":{"rendered":"http:\/\/blogs.hoy.es\/catalanaconjamon\/?p=211"},"modified":"2014-04-20T20:37:22","modified_gmt":"2014-04-20T18:37:22","slug":"descubrir-extremadura-a-los-80-anos","status":"publish","type":"post","link":"https:\/\/blogs.hoy.es\/catalanaconjamon\/2014\/04\/20\/descubrir-extremadura-a-los-80-anos\/","title":{"rendered":"Descubrir Extremadura a los 80 a\u00f1os"},"content":{"rendered":"<p><strong>S\u00e1bado previo al inicio de la Semana Santa. Son las ocho de la ma\u00f1ana y soy la \u00fanica persona desayunando en el <\/strong><a href=\"http:\/\/www.parador.es\/es\/paradores\/parador-de-zafra\"><strong>Parador Nacional de Turismo de Zafra<\/strong><\/a><strong>. En apenas una hora iniciaremos ruta hacia <\/strong><a href=\"http:\/\/www.burguillosdelcerro.es\/\"><strong>Burguillos del Cerro<\/strong><\/a><strong>, dentro del programa del viaje de familiarizaci\u00f3n, <em>famtrip<\/em>, que la Diputaci\u00f3n de Badajoz ha organizado con periodistas, blogueros y mayoristas de viajes para dar a conocer el producto hist\u00f3rico y patrimonial <\/strong><a href=\"http:\/\/www.dip-badajoz.es\/agenda\/index.php?id=3&#038;agenda=7334&#038;3=0&#038;4=15&#038;5=--&#038;6=--&#038;7=2\"><strong><em>Ribera del Guadiana. Historia Viva<\/em><\/strong><\/a><strong><em>. <\/em>Poco a poco un grupo de hu\u00e9spedes, de avanzada edad, pero frescos como una lechuga, van tomando posiciones en el comedor para recargar pilas ante una nueva jornada. La mayor\u00eda son de Barcelona y <\/strong><a href=\"http:\/\/www.montcada.cat\/montcadaPortal\/p_2_final_home.jsp?seccion=s_p_14_final_ficha_centro.jsp&#038;language=ca&#038;codResi=1&#038;codMenu=1&#038;layout=p_13_final_ficha_general.jsp\"><strong>Montcada i Reixac<\/strong><\/a><strong>, y todos menos uno rebasa los ochenta a\u00f1os. La posibilidad de departir un rato con ellos en mi lengua materna vence mis reticencias a molestarles.<\/strong><\/p>\n<div id=\"attachment_212\" style=\"width: 428px\" class=\"wp-caption alignright\"><a href=\"\/catalanaconjamon\/wp-content\/uploads\/sites\/49\/2014\/04\/Viajeros-catalanes-en-Zafra.jpg\"><img aria-describedby=\"caption-attachment-212\" loading=\"lazy\" class=\" wp-image-212\" title=\"Viajeros catalanes en Zafra\" src=\"\/catalanaconjamon\/wp-content\/uploads\/sites\/49\/2014\/04\/Viajeros-catalanes-en-Zafra.jpg\" alt=\"\" width=\"418\" height=\"322\" srcset=\"https:\/\/static-blogs.hoy.es\/wp-content\/uploads\/sites\/49\/2014\/04\/Viajeros-catalanes-en-Zafra.jpg 741w, https:\/\/static-blogs.hoy.es\/wp-content\/uploads\/sites\/49\/2014\/04\/Viajeros-catalanes-en-Zafra-300x232.jpg 300w\" sizes=\"(max-width: 418px) 100vw, 418px\" \/><\/a><p id=\"caption-attachment-212\" class=\"wp-caption-text\">Desayunando en el Parador de Zafra<\/p><\/div>\n<p>Mar\u00eda, Francesc, Santiago, Victoria, Pilar, Consol, Elsa y Lluis, son algunos de sus nombres. Me hab\u00eda cruzado ya la jornada anterior con alguno de ellos, en el magn\u00edfico patio del que fuera Palacio de los Duques de Feria, actual Parador de Zafra. Para alguno de ellos esta es su primera visita a Extremadura, aunque otros ya conoc\u00edan algunos de sus enclaves m\u00e1s destacados. Preguntados por el medio de viaje elegido, me cuentan que lo que han hecho ha sido ir en AVE desde Barcelona a Toledo y desde all\u00ed, con un microb\u00fas de alquiler, realizar todo el recorrido.<\/p>\n<p>La ruta elegida por tierras extreme\u00f1as les llev\u00f3 en primer lugar al norte de la provincia de C\u00e1ceres, visitando <a href=\"http:\/\/www.plasencia.es\/web\/\">Plasencia<\/a> y el <a href=\"http:\/\/www.turismovalledeljerte.com\/\">Valle del Jerte<\/a>. La siguiente etapa la dedicaron a la <a href=\"http:\/\/turismo.ayto-caceres.es\/\">capital cacere\u00f1a<\/a>, para posteriormente descender hasta <a href=\"http:\/\/www.turismomerida.org\/\">M\u00e9rida<\/a>. La siguiente parada fue en <a href=\"http:\/\/www.turismobadajoz.es\/\">Badajoz<\/a>, desde donde aprovecharon el car\u00e1cter fronterizo de la ciudad para acercarse a la vecina localidad portuguesa de <a href=\"http:\/\/www.cm-elvas.pt\/en\/\">Elvas<\/a>. Su trayecto de casi una semana por tierras extreme\u00f1as tuvo en <a href=\"http:\/\/www.visitazafra.com\/\">Zafra<\/a> su punto y final, pues desde all\u00ed se iban hacia C\u00f3rdoba, desde donde, de nuevo en AVE, regresar\u00edan a la Ciudad Condal.<\/p>\n<p>En medio de las tareas del ya mencionado <em>famtrip<\/em>, en el que la empresa de la que soy socio, <a href=\"http:\/\/www.masmagin.com\">+mag\u00edn<\/a>, ha colaborado con la empresa organizadora <a href=\"http:\/\/www.aistur.es\/\">Aistur<\/a>; me result\u00f3 sumamente sugerente el esp\u00edritu viajero de este grupo de octogenarios catalanes, \u00e1vidos de seguir ampliando horizontes y conociendo otras realidades, y hacerlo de una forma muy aut\u00f3noma. Se mostraron satisfechos de la experiencia, resaltando el buen trato y la amabilidad de los extreme\u00f1os, adem\u00e1s de la belleza paisaj\u00edstica y patrimonial de la regi\u00f3n. Eso s\u00ed, la \u00fanica queja expresada, la petici\u00f3n al presidente extreme\u00f1o, Jos\u00e9 Antonio Monago, de que no se meta tanto con los catalanes. A lo que no tuve m\u00e1s remedio que responder que otro tanto deber\u00edan hacer algunos pol\u00edticos catalanes en relaci\u00f3n a los extreme\u00f1os. En definitiva, y ellos eran un buen ejemplo, gran parte de las incomprensiones, estereotipos e ideas preconcebidas, de una parte y otra, se curan viajando. Y mucho mejor nos ir\u00eda a todos.<\/p>\n<!-- AddThis Advanced Settings generic via filter on the_content --><!-- AddThis Share Buttons generic via filter on the_content -->","protected":false},"excerpt":{"rendered":"<p>S\u00e1bado previo al inicio de la Semana Santa. Son las ocho de la ma\u00f1ana y soy la \u00fanica persona desayunando en el Parador Nacional de Turismo de Zafra. En apenas una hora iniciaremos ruta hacia Burguillos del Cerro, dentro del programa del viaje de familiarizaci\u00f3n, famtrip, que la Diputaci\u00f3n de Badajoz ha organizado con periodistas, [&hellip;]<!-- AddThis Advanced Settings generic via filter on get_the_excerpt --><!-- AddThis Share Buttons generic via filter on get_the_excerpt --><\/p>\n","protected":false},"author":51,"featured_media":0,"comment_status":"open","ping_status":"closed","sticky":false,"template":"","format":"standard","meta":[],"categories":[11],"tags":[13,26,68,79,92,96,168,188,357,366,392,432,501,524],"_links":{"self":[{"href":"https:\/\/blogs.hoy.es\/catalanaconjamon\/wp-json\/wp\/v2\/posts\/211"}],"collection":[{"href":"https:\/\/blogs.hoy.es\/catalanaconjamon\/wp-json\/wp\/v2\/posts"}],"about":[{"href":"https:\/\/blogs.hoy.es\/catalanaconjamon\/wp-json\/wp\/v2\/types\/post"}],"author":[{"embeddable":true,"href":"https:\/\/blogs.hoy.es\/catalanaconjamon\/wp-json\/wp\/v2\/users\/51"}],"replies":[{"embeddable":true,"href":"https:\/\/blogs.hoy.es\/catalanaconjamon\/wp-json\/wp\/v2\/comments?post=211"}],"version-history":[{"count":0,"href":"https:\/\/blogs.hoy.es\/catalanaconjamon\/wp-json\/wp\/v2\/posts\/211\/revisions"}],"wp:attachment":[{"href":"https:\/\/blogs.hoy.es\/catalanaconjamon\/wp-json\/wp\/v2\/media?parent=211"}],"wp:term":[{"taxonomy":"category","embeddable":true,"href":"https:\/\/blogs.hoy.es\/catalanaconjamon\/wp-json\/wp\/v2\/categories?post=211"},{"taxonomy":"post_tag","embeddable":true,"href":"https:\/\/blogs.hoy.es\/catalanaconjamon\/wp-json\/wp\/v2\/tags?post=211"}],"curies":[{"name":"wp","href":"https:\/\/api.w.org\/{rel}","templated":true}]}}