{"id":216,"date":"2014-05-21T16:47:29","date_gmt":"2014-05-21T14:47:29","guid":{"rendered":"http:\/\/blogs.hoy.es\/catalanaconjamon\/?p=216"},"modified":"2014-05-21T16:47:29","modified_gmt":"2014-05-21T14:47:29","slug":"pepa-fernandez-rne-los-extremenos-son-gente-te-hace-sentir-muy-bien","status":"publish","type":"post","link":"https:\/\/blogs.hoy.es\/catalanaconjamon\/2014\/05\/21\/pepa-fernandez-rne-los-extremenos-son-gente-te-hace-sentir-muy-bien\/","title":{"rendered":"Pepa Fern\u00e1ndez (RNE): los extreme\u00f1os son gente que te hace sentir muy bien"},"content":{"rendered":"<div id=\"attachment_218\" style=\"width: 658px\" class=\"wp-caption aligncenter\"><a href=\"\/catalanaconjamon\/wp-content\/uploads\/sites\/49\/2014\/05\/Zafra-1-peq.jpg\"><img aria-describedby=\"caption-attachment-218\" loading=\"lazy\" class=\"size-full wp-image-218\" title=\"Zafra 1 peq\" src=\"\/catalanaconjamon\/wp-content\/uploads\/sites\/49\/2014\/05\/Zafra-1-peq.jpg\" alt=\"\" width=\"648\" height=\"484\" srcset=\"https:\/\/static-blogs.hoy.es\/wp-content\/uploads\/sites\/49\/2014\/05\/Zafra-1-peq.jpg 648w, https:\/\/static-blogs.hoy.es\/wp-content\/uploads\/sites\/49\/2014\/05\/Zafra-1-peq-300x224.jpg 300w\" sizes=\"(max-width: 648px) 100vw, 648px\" \/><\/a><p id=\"caption-attachment-218\" class=\"wp-caption-text\">Pepa Fern\u00e1ndez, en un momento divertido del programa emitido en Zafra el primer fin de semana de mayo<\/p><\/div>\n<p><strong>Pepa Fern\u00e1ndez<\/strong> es una de las voces m\u00e1s populares de la radio espa\u00f1ola. Hace 15 temporadas, desde 1999, que esta leridana de Cervera, aunque de familia orensana, est\u00e1 al frente del programa <a href=\"http:\/\/www.rtve.es\/radio\/no-es-un-dia-cualquiera\/\"><em>No es un d\u00eda cualquiera<\/em><\/a>, que se emite las ma\u00f1anas de los s\u00e1bados y domingos en RNE. Ha sido distinguida con numerosos galardones en reconocimiento a su quehacer profesional, entre ellos el <a href=\"http:\/\/www.premiosondas.com\/\">Premio Ondas<\/a> 2008, el Micr\u00f3fono de Oro, el Pica d\u2019Estats, que concede la Diputaci\u00f3n de Lleida; y el <a href=\"http:\/\/www.picotastv.com\/FTPTVpremio2012ESP.html\">Premio a la Excelencia Picota del Jerte 2012<\/a>. La entrevisto en Zafra, coincidiendo con una de sus frecuentes visitas a Extremadura al frente del programa que dirige y presenta. En esta ocasi\u00f3n ha sido con motivo de la divulgaci\u00f3n del proyecto de turismo hist\u00f3rico y patrimonial, <a href=\"https:\/\/twitter.com\/search?q=%23RGuadianaHistoria\"><em>Ribera del Guadiana. Historia Viva<\/em><\/a>, uno de los ejes del Plan de Dinamizaci\u00f3n del producto tur\u00edstico Tierra de Barros\/Zafra-R\u00edo Bodi\u00f3n, que impulsa la <a href=\"http:\/\/www.dip-badajoz.es\/\">Diputaci\u00f3n de Badajoz<\/a>, en colaboraci\u00f3n con los gobiernos de <a href=\"http:\/\/www.minetur.gob.es\/turismo\/es-ES\/Paginas\/IndexTurismo.aspx\">Espa\u00f1a<\/a> y <a href=\"http:\/\/www.gobex.es\/cons006\/\">Extremadura<\/a>, la <a href=\"http:\/\/www.cetex-extremadura.com\/\">Confederaci\u00f3n Empresarial de Turismo de Extremadura (CETEX)<\/a>,\u00a0 contando con financiaci\u00f3n europea de los fondos \u00a0FEDER.<\/p>\n<div id=\"attachment_219\" style=\"width: 310px\" class=\"wp-caption alignleft\"><a href=\"\/catalanaconjamon\/wp-content\/uploads\/sites\/49\/2014\/05\/En-Feria-peq.jpg\"><img aria-describedby=\"caption-attachment-219\" loading=\"lazy\" class=\"size-medium wp-image-219\" title=\"En Feria peq\" src=\"\/catalanaconjamon\/wp-content\/uploads\/sites\/49\/2014\/05\/En-Feria-peq.jpg\" alt=\"\" width=\"300\" height=\"199\" srcset=\"https:\/\/static-blogs.hoy.es\/wp-content\/uploads\/sites\/49\/2014\/05\/En-Feria-peq.jpg 644w, https:\/\/static-blogs.hoy.es\/wp-content\/uploads\/sites\/49\/2014\/05\/En-Feria-peq-300x199.jpg 300w\" sizes=\"(max-width: 300px) 100vw, 300px\" \/><\/a><p id=\"caption-attachment-219\" class=\"wp-caption-text\">En el castillo de Feria, junto a Chencho Arias y Victoria Hern\u00e1ndez<\/p><\/div>\n<p>Sentados al atardecer en una terraza de la Plaza Grande de Zafra, tras haber regresado de la localidad de Feria, inmersa en plena festividad de las Cruces, iniciamos la conversaci\u00f3n hablando de su relaci\u00f3n con Extremadura.<\/p>\n<p><em>A bote pronto no te podr\u00eda decir cu\u00e1ntas he estado en Extremadura, pero son muchas, aunque la descubr\u00ed muy tarde, siendo ya mayor <\/em>\u2013explica Pepa-. <em>La primera vez que me vine a Extremadura quiz\u00e1s debi\u00f3 ser en el a\u00f1o 2000-2001, con el programa de la radio. Yo entr\u00e9 en Extremadura por el Valle del Jerte y poco a poco me fue enamorando. La he recorrido de norte a sur, con viajes inolvidables para todo el equipo, como el que hicimos a Azuaga<\/em>. <em>Hemos estado en el Valle del Ambroz, en M\u00e9rida, Badajoz, Plasencia, en C\u00e1ceres varias veces, en Yuste, etc. Tengo muchos recuerdos asociados a mi descubrimiento de Extremadura, que ha sido tard\u00edo, pero intenso.<\/em><\/p>\n<p>Tan intenso que incluso, como ya hemos indicado, en 2012 recibi\u00f3 el Premio a la Excelencia Picota del Jerte, reconocimiento que le hizo mucha ilusi\u00f3n, por el hecho de haber sido por ah\u00ed, por el Valle del Jerte, donde ella empez\u00f3 a conocer esta tierra extreme\u00f1a.<\/p>\n<p>Pepa dice que es una mujer especialmente curiosa, que cuando va a un sitio le gusta descubrirlo, andarlo, conocerlo, con la limitaci\u00f3n de tiempo que tiene. Preguntada por las sensaciones e impresiones que ha obtenido en estos a\u00f1os de conocimiento de Extremadura, nos dice que la palabra que mejor las define es sorpresa. <em>En mis relatos de la infancia yo de Extremadura hab\u00eda o\u00eddo contar la historia profunda de Las Hurdes. Esa era la idea que yo ten\u00eda de Extremadura. Y al llegar aqu\u00ed descubr\u00ed un lugar con una luz espectacular, ciudades m\u00e1gicas como C\u00e1ceres, que es una de mis favoritas; la buena gastronom\u00eda, con un jam\u00f3n que es uno de los placeres de la vida a los que no estar\u00eda dispuesta a renunciar. Pero sobre todo descubr\u00ed lo amigable que es la gente, y no quiero que suene a t\u00f3pico, porque no lo es. Hay una peculiaridad del car\u00e1cter extreme\u00f1o que es que se trata de gente que te hace sentir muy bien<\/em>, <em>vayas a donde vayas. He hecho grandes amigos en Extremadura y me encanta volver para ver a la gente que he conocido en los viajes con el programa de RNE<\/em>.<\/p>\n<p><strong><em>No es un d\u00eda cualquiera<\/em><\/strong><\/p>\n<a href=\"\/catalanaconjamon\/wp-content\/uploads\/sites\/49\/2014\/05\/Pepa-Fern\u00e1ndez.jpg\"><img loading=\"lazy\" class=\"size-full wp-image-220\" title=\"Pepa Fern\u00e1ndez\" src=\"\/catalanaconjamon\/wp-content\/uploads\/sites\/49\/2014\/05\/Pepa-Fern\u00e1ndez.jpg\" alt=\"\" width=\"280\" height=\"170\" \/><\/a>\n<p>Pepa Fern\u00e1ndez se define como una <em>pesimista positiva<\/em> lo que le lleva a vivir con mucho respeto y prudencia la trayectoria del programa <em>No es un d\u00eda cualquiera<\/em>, calificando casi de milagro que est\u00e9 durando tanto tiempo a pesar de los m\u00faltiples cambios internos que ha vivido la radio p\u00fablica. Y esa perdurabilidad la atribuye al apoyo de la gente que les sigue, les escucha y les ha mostrado un enorme cari\u00f1o cuando ha habido la m\u00e1s leve sombra de incertidumbre sobre la continuidad del programa. Al tiempo siente que son unos privilegiados, por hacer algo que les encanta, porque a la gente parece que tambi\u00e9n le gusta y por hacer algo que les permite conocer, descubrir, visitar, muchos lugares. Reconoce que se trata de un trabajo f\u00edsicamente duro, sobre todo para sus compa\u00f1eros de equipo, que en muchos casos trabajan de lunes a viernes y despu\u00e9s salen de viaje el fin de semana; pero que resulta enormemente gratificante, al tiempo de representar una gran responsabilidad ante esa audiencia para la que el programa es algo importante.<\/p>\n<p>Respecto a la evoluci\u00f3n del programa, Pepa considera que <em>ha cambiado mucho desde que me hice cargo de \u00e9l en 1999. Yo cog\u00ed la estela de un programa que ten\u00eda mucho \u00e9xito, el que hac\u00edan Mag\u00edn Revillo y Nuria Guitart, y con el tiempo lo he ido adaptando hasta transformarlo en lo que yo creo que tiene que ser el programa, que es lo que hoy en d\u00eda estamos haciendo. Y en cuanto a nuestra itinerancia <\/em>\u2013a\u00f1ade- <em>no es algo especialmente buscado, sino que empez\u00f3 un poco con la idea de sacar la radio a la calle y ahora mismo el problema es que tenemos lista de espera, no disponemos de fechas suficientes para atender toda la demanda que nos llega<\/em>.<\/p>\n<p><strong>Periodismo y radio<\/strong><\/p>\n<p>Como periodista y profesional de la radio considera que <em>la profesi\u00f3n period\u00edstica est\u00e1 mal, pero como todas. Hablas con un actor y te dice que el teatro est\u00e1 en crisis, hablas con un peluquero y te comenta que el IVA los est\u00e1 asfixiando. Aun as\u00ed, el periodismo tiene algunas peculiaridades, como que ahora todo el mundo puede comunicar, puede mandar informaci\u00f3n a trav\u00e9s de las redes sociales, de los blogs, etc. Eso hace que una parte de la esencia del periodismo haya desaparecido, pero no la otra, que me parece fundamental. El hecho de que todo el mundo pueda comunicar ha abierto una brecha en la fiabilidad de lo que recibimos y ah\u00ed, el papel del periodista debe seguir siendo fundamental: tiene que seguir siendo fiel a los principios b\u00e1sicos de la profesi\u00f3n. De hecho creo que tiene m\u00e1s sentido que nunca.<\/em><\/p>\n<p>Centr\u00e1ndose en la radio, Pepa Fern\u00e1ndez cree que es un caso especial ya que ha sobrevivido a todos los vaticinios agoreros sobre su futuro y, en su opini\u00f3n, <em>es el que m\u00e1s se ha beneficiado de las nuevas tecnolog\u00edas: nos ha dado el poder de llegar a cualquier lugar del mundo. Antes recib\u00edamos de tanto en tanto alguna carta de lugares alejados, como Alemania o Francia. Pero ahora con internet se nos escucha en cualquier lugar del planeta al que llegue la red. Ahora tambi\u00e9n puedes escuchar la radio que quieras, a la hora que quieras, gracias a los podcast. Y por \u00faltimo, la flexibilidad y agilidad de la radio, el poder llev\u00e1rtela contigo a cualquier parte, se ha visto todav\u00eda m\u00e1s facilitada por su incorporaci\u00f3n a los tel\u00e9fonos m\u00f3viles. Es el maravilloso papel de la radio como compa\u00f1era.<\/em><\/p>\n<p>La conversaci\u00f3n con Pepa Fern\u00e1ndez va llegando a su fin con las luces y aromas del atardecer primaveral zafrense, pero resulta inevitable, como periodista, catalana \u2013aunque de ascendencia gallega, como gusta resaltar- y asidua visitante de Extremadura, preguntarle por c\u00f3mo puede estar afectando a las relaciones entre la gente el denominado proceso soberanista de Catalunya. <em>Tengo la sensaci\u00f3n de que es m\u00e1s una cuesti\u00f3n entre los pol\u00edticos que entre los ciudadanos <\/em>\u2013afirma-<em>. Como catalana que me muevo por toda Espa\u00f1a no percibo que haya ese clima de animadversi\u00f3n hacia los catalanes, ni de estos hacia los ciudadanos de otras partes de Espa\u00f1a. Que es un problema pol\u00edtico, s\u00ed. Que se ha abierto un debate que hay que afrontar, que hay que resolver, tambi\u00e9n. Y hay que resolverlo bien, sin que quede una mala cicatriz. Por lo tanto este quiz\u00e1s sea un buen momento para que se resuelvan muchas dudas, muchas cosas que en el futuro pueden ser un gran problema<\/em>. Como colof\u00f3n cree que <em>hay que moverse m\u00e1s, dialogar mucho m\u00e1s y moverse por la vida con curiosidad, con ganas de conocer al otro, con ganas de descubrir lo que no es lo tuyo. Cuando te mueves aprendes a querer nuevos lugares, sin dejar de querer el tuyo. Y eso es muy importante.<\/em><\/p>\n<p>El remate a nuestra conversaci\u00f3n lo pone Pepa con la recomendaci\u00f3n de aquello que nadie deber\u00eda perderse: un buen desayuno de p\u00e0 amb tom\u00e0quet, jam\u00f3n ib\u00e9rico extreme\u00f1o y una copa de cava.<\/p>\n<!-- AddThis Advanced Settings generic via filter on the_content --><!-- AddThis Share Buttons generic via filter on the_content -->","protected":false},"excerpt":{"rendered":"<p>Pepa Fern\u00e1ndez es una de las voces m\u00e1s populares de la radio espa\u00f1ola. Hace 15 temporadas, desde 1999, que esta leridana de Cervera, aunque de familia orensana, est\u00e1 al frente del programa No es un d\u00eda cualquiera, que se emite las ma\u00f1anas de los s\u00e1bados y domingos en RNE. Ha sido distinguida con numerosos galardones [&hellip;]<!-- AddThis Advanced Settings generic via filter on get_the_excerpt --><!-- AddThis Share Buttons generic via filter on get_the_excerpt --><\/p>\n","protected":false},"author":51,"featured_media":0,"comment_status":"open","ping_status":"closed","sticky":false,"template":"","format":"standard","meta":[],"categories":[7],"tags":[67,96,122,124,133,168,203,210,272,357,376,389,402,407,411,412,434,501,523],"_links":{"self":[{"href":"https:\/\/blogs.hoy.es\/catalanaconjamon\/wp-json\/wp\/v2\/posts\/216"}],"collection":[{"href":"https:\/\/blogs.hoy.es\/catalanaconjamon\/wp-json\/wp\/v2\/posts"}],"about":[{"href":"https:\/\/blogs.hoy.es\/catalanaconjamon\/wp-json\/wp\/v2\/types\/post"}],"author":[{"embeddable":true,"href":"https:\/\/blogs.hoy.es\/catalanaconjamon\/wp-json\/wp\/v2\/users\/51"}],"replies":[{"embeddable":true,"href":"https:\/\/blogs.hoy.es\/catalanaconjamon\/wp-json\/wp\/v2\/comments?post=216"}],"version-history":[{"count":0,"href":"https:\/\/blogs.hoy.es\/catalanaconjamon\/wp-json\/wp\/v2\/posts\/216\/revisions"}],"wp:attachment":[{"href":"https:\/\/blogs.hoy.es\/catalanaconjamon\/wp-json\/wp\/v2\/media?parent=216"}],"wp:term":[{"taxonomy":"category","embeddable":true,"href":"https:\/\/blogs.hoy.es\/catalanaconjamon\/wp-json\/wp\/v2\/categories?post=216"},{"taxonomy":"post_tag","embeddable":true,"href":"https:\/\/blogs.hoy.es\/catalanaconjamon\/wp-json\/wp\/v2\/tags?post=216"}],"curies":[{"name":"wp","href":"https:\/\/api.w.org\/{rel}","templated":true}]}}