{"id":235,"date":"2016-05-10T09:26:42","date_gmt":"2016-05-10T07:26:42","guid":{"rendered":"http:\/\/blogs.hoy.es\/catalanaconjamon\/?p=235"},"modified":"2016-05-10T09:26:42","modified_gmt":"2016-05-10T07:26:42","slug":"eduardo-moga-de-barcelona-a-extremadura-via-londres","status":"publish","type":"post","link":"https:\/\/blogs.hoy.es\/catalanaconjamon\/2016\/05\/10\/eduardo-moga-de-barcelona-a-extremadura-via-londres\/","title":{"rendered":"Eduardo Moga: de Barcelona a Extremadura, v\u00eda Londres"},"content":{"rendered":"<div id=\"attachment_236\" style=\"width: 343px\" class=\"wp-caption alignleft\"><a href=\"\/catalanaconjamon\/wp-content\/uploads\/sites\/49\/2016\/05\/Eduardo-Moga-peq.jpg\"><img aria-describedby=\"caption-attachment-236\" loading=\"lazy\" class=\" wp-image-236\" title=\"Eduardo Moga (peq)\" src=\"\/catalanaconjamon\/wp-content\/uploads\/sites\/49\/2016\/05\/Eduardo-Moga-peq.jpg\" alt=\"Eduardo Moga, dedicando uno de sus libros\" width=\"333\" height=\"249\" srcset=\"https:\/\/static-blogs.hoy.es\/wp-content\/uploads\/sites\/49\/2016\/05\/Eduardo-Moga-peq.jpg 922w, https:\/\/static-blogs.hoy.es\/wp-content\/uploads\/sites\/49\/2016\/05\/Eduardo-Moga-peq-300x225.jpg 300w, https:\/\/static-blogs.hoy.es\/wp-content\/uploads\/sites\/49\/2016\/05\/Eduardo-Moga-peq-768x576.jpg 768w\" sizes=\"(max-width: 333px) 100vw, 333px\" \/><\/a><p id=\"caption-attachment-236\" class=\"wp-caption-text\">Eduardo Moga, dedicando uno de sus libros<\/p><\/div>\n<p>En los \u00faltimos meses <strong>Eduardo Moga<\/strong> (Barcelona, 1962) est\u00e1 viviendo <strong>cambios<\/strong> que podr\u00edamos describir como radicales. De habitar primero en <strong>Barcelona<\/strong> y despu\u00e9s en <strong>Londres<\/strong> \u2013durante los \u00faltimos dos a\u00f1os y medio-, con sus poblaciones millonarias y sus problem\u00e1ticas urbanas; ha pasado a hacerlo en <strong>M\u00e9rida<\/strong>, la capital extreme\u00f1a, con sus algo menos de 60.000 habitantes. De dedicarse profesionalmente durante 27 a\u00f1os a los n\u00fameros, las cuentas y las contrataciones, como jurista en el departamento de Econom\u00eda de la Generalitat de Catalunya; a ser el <strong>nuevo director de la <a href=\"http:\/\/editoraregional.gobex.es\/\">Editora Regional de Extremadura<\/a> y coordinador del Plan de Fomento de la Lectura<\/strong>, tras imponerse en un proceso de concurrencia competitiva, al que se presentaron 24 aspirantes. Licenciado en Filolog\u00eda Hisp\u00e1nica, <strong>Premio Adon\u00e1is de Poes\u00eda 1995<\/strong>, traductor de <strong>Bukowski, Rimbaud. Whitman y Faulkner<\/strong>, entre otros; su vinculaci\u00f3n con Extremadura le llega de la mano de su mujer madrile\u00f1a, cuya familia es originaria de Malpartida de C\u00e1ceres y de Gata.<\/p>\n<p>Eduardo, al que conoc\u00ed apenas unas fechas antes, con motivo del acto conmemorativo del D\u00eda Mundial del Libro en la Biblioteca Regional de Extremadura, me parece una persona afable, buena conversadora y muy predispuesta a <strong>escuchar y empaparse de las novedades del entorno<\/strong>.\u00a0 Quedo con \u00e9l en Badajoz, en el <a href=\"http:\/\/www.tallercafe.com\/\">Work Shop Caf\u00e9<\/a>, una cafeter\u00eda que adem\u00e1s es espacio de trabajo colaborativo, para hablar de sus primeros meses al frente de la Editora Regional, y para saber algo m\u00e1s de su vida y su personalidad.<\/p>\n<p><em>Mi relaci\u00f3n con Extremadura <\/em>\u2013nos explica- <em>ha sido a trav\u00e9s de <strong>mi mujer<\/strong>, que aunque madrile\u00f1a, es <strong>hija de extreme\u00f1os<\/strong>: mi suegra de Malpartida de C\u00e1ceres y mi suegro de la localidad de Gata. Ella siempre ha tenido un importante contacto sentimental con la tierra, pues es donde ven\u00eda de peque\u00f1a a pasar los veranos. En un momento dado, hacia <strong>2006<\/strong>, surgi\u00f3 la posibilidad de hacernos con una <strong>casa de labor agr\u00edcola de la familia, en Hoyos, que rehabilitamos<\/strong>. A partir de ese momento, hemos venido de forma habitual en los per\u00edodos vacacionales, volviendo a establecer contacto con la gente del pueblo, tanto familiares, como nuevas amistades que hemos ido haciendo, incluyendo personas del \u00e1mbito literario, sobre todo de la provincia de C\u00e1ceres, lo que tambi\u00e9n ha incrementado mi vinculaci\u00f3n extreme\u00f1a.<\/em><\/p>\n<p><strong>Buscando el YO interior<\/strong><\/p>\n<p>Aunque su <strong>gran pasi\u00f3n<\/strong> <strong>es la literatura<\/strong>, y en especial la poes\u00eda, Eduardo se ha desempe\u00f1ado <strong>profesionalmente<\/strong> en el \u00e1mbito econ\u00f3mico-jur\u00eddico, en el <strong>departamento de Econom\u00eda de la Generalitat de Catalunya<\/strong>. Tanto \u00e9l, como su mujer, pat\u00f3loga pulmonar, estaban <strong>un poco hartos<\/strong> <strong>del entorno<\/strong> laboral y social de Catalunya. Esto motiv\u00f3 que ella optase, y consiguiese, una plaza en el Hospital Cardiotor\u00e1cico de Londres; lo que estimul\u00f3 a Eduardo a solicitar la mencionada excedencia y marchar a la capital brit\u00e1nica, en la que ha vivido los \u00faltimos dos a\u00f1os y medio, dedicado como <em>freelance <\/em>a lo que realmente le gusta: escribir, traducir, hacer rese\u00f1as\u2026 En esas estaba cuando se convoc\u00f3 la plaza de director de la Editora Regional de Extremadura y decidi\u00f3 presentarse al puesto porque le parec\u00eda adecuado a sus intereses y a sus aptitudes: <strong><em>me apetec\u00eda trabajar en algo que realmente tuviera que ver con mi yo interior<\/em><\/strong><em> <\/em>\u2013apunta Eduardo- \u00a0<em>y no solo con mi formaci\u00f3n acad\u00e9mica. Y esto ten\u00eda que ver directamente con mi actividad literaria, con mis intereses literarios y con el mundo de la cultura. Me present\u00e9, gan\u00e9 y aqu\u00ed estoy.<\/em><\/p>\n<p><a href=\"\/catalanaconjamon\/wp-content\/uploads\/sites\/49\/2016\/05\/Insumisi\u00f3n-Eduardo-Moga.jpg\"><img loading=\"lazy\" class=\"alignright size-medium wp-image-237\" title=\"Insumisi\u00f3n, Eduardo Moga\" src=\"\/catalanaconjamon\/wp-content\/uploads\/sites\/49\/2016\/05\/Insumisi\u00f3n-Eduardo-Moga.jpg\" alt=\"\" width=\"241\" height=\"300\" \/><\/a>Trasladarse a vivir a Extremadura desde Londres, donde a\u00fan permanece su mujer, ha sido un poco <em>como volver a casa, como <strong>reconectar con los rasgos de las culturales meridionales<\/strong>, porque Inglaterra no es precisamente el para\u00edso de las relaciones humanas, ni el lugar ideal para hacer amigos o tener vida social <\/em>\u2013asegura Moga-. Su experiencia brit\u00e1nica la plasm\u00f3 en el blog <a href=\"http:\/\/eduardomoga.blogspot.com.es\/\">Cor\u00f3nicas de Ingalaterra<\/a>, al que ha sucedido, desde que ha llegado a la direcci\u00f3n de la Editora Regional de Extremadura, <a href=\"http:\/\/eduardomoga1.blogspot.com.es\/\">Cor\u00f3nicas de Espa\u00f1ia<\/a>. Amante de la conversaci\u00f3n, del paseo, de estar con la familia, de los viajes, de la buena m\u00fasica (especialmente el jazz y la cl\u00e1sica), disfruta sobre todo leyendo y escribiendo, <em>por este orden <\/em>\u2013nos aclara-. <em>Aunque escribir tambi\u00e9n tiene una dimensi\u00f3n problem\u00e1tica y doliente, prevalece el sentido de placer y el de consuelo: siempre he pensado que <strong>con lectura cerca, nunca est\u00e1s solo<\/strong>. <\/em>Su llegada a Extremadura est\u00e1 facilitando de alg\u00fan modo esta pulsi\u00f3n, porque los fines de semana se encuentra moderadamente solo en M\u00e9rida, por lo que se acompa\u00f1a con la escritura y con la lectura. Ante el peligro de que lo que antes era satisfacci\u00f3n por la literatura, por no ser el objeto de su trabajo cotidiano, ahora se convierta en rechazo, al s\u00ed serlo, Eduardo se muestra contento de que de momento no le haya pasado.<\/p>\n<p><strong>Recuperar el prestigio de la Editora Regional<\/strong><\/p>\n<p>Eduardo Moga ratifica una opini\u00f3n bastante generalizada, que la Editora Regional de Extremadura ha sido <strong>la mejor editorial institucional de Espa\u00f1a<\/strong>, tanto por la calidad de su cat\u00e1logo, como por la calidad de su dise\u00f1o y su presencia en el mundo cultural. Sin embargo esa buena imagen se ha ido <strong>diluyendo en los \u00faltimos a\u00f1os<\/strong>, quiz\u00e1s debido a la crisis econ\u00f3mica, quiz\u00e1s a los cambios en los equipos que hab\u00edan dado continuidad a la Editora desde sus or\u00edgenes. En esos cambios Eduardo ve esa idea <em>tan hispana y nociva, que no s\u00e9 si es cainismo o galdosianismo, de cargarse todo lo anterior, con independencia de que sea bueno o malo, con tal de diferenciarse y distinguirse de lo precedente<\/em>. Y entre esos cambios considera que fue un error modificar la imagen de las colecciones de la Editora. <em>Con lo que cuesta crear e identificar una imagen de marca <\/em>\u2013a\u00f1ade-, <em>el cambio ha originado confusi\u00f3n entre lectores, libreros, distribuidores\u2026<\/em><\/p>\n<p>Su incorporaci\u00f3n la entiende como una voluntad de <strong>dar un nuevo impulso<\/strong> y <strong>recuperar el prestigio<\/strong> que tuvo la Editora Regional de Extremadura, siempre dentro de los par\u00e1metros y posibilidades de las actuales circunstancias. Entre sus prioridades figuran <strong>recuperar las ayudas a la edici\u00f3n de libros<\/strong>, que estuvieron vigentes hasta 2010, que es un mecanismo de apoyo al sector transparente y claro; <strong>modificar la naturaleza digital de la editora<\/strong>, mejorando la web, haci\u00e9ndola m\u00e1s \u00fatil para la gente, facilitando el acceso a los fondos existentes desde 1984, interconect\u00e1ndola con las redes sociales; y <strong>mejorar la distribuci\u00f3n<\/strong>, para que los libros de la editora est\u00e9n realmente disponibles tanto en las librer\u00edas extreme\u00f1as, como en los de las principales ciudades de Espa\u00f1a, como Madrid y Barcelona.<\/p>\n<p><strong>Llevar los libros a la vida cotidiana<\/strong><\/p>\n<p>El puesto de Eduardo Moga, conlleva adem\u00e1s ser el Coordinador del Plan de Fomento de la Lectura de Extremadura. Desde esta otra faceta, su objetivo es conseguir que <strong><em>la literatura<\/em><\/strong><em>, y por lo tanto la lectura, est\u00e9 <strong>realmente presente en la vida de la gente <\/strong>o, m\u00e1s concretamente, en aquellos \u00e1mbitos sociales en los que no suele estarlo: mercados, estafetas de correos, comisar\u00edas de polic\u00eda, centros sanitarios, residencias de mayores\u2026 Y sobre todo en relaci\u00f3n a colectivos que tienen m\u00e1s dificultades de acceso a la misma por m\u00faltiples razones: enfermos cr\u00f3nicos, ancianos, personas con dificultades de movilidad, presos, emigrantes, menores problem\u00e1ticos, colectivos m\u00e1s vulnerables, con menos herramientas culturales e incluso de acceso a internet. En esos \u00e1mbitos inusuales, y para esa gente en dificultad, s\u00ed que me gustar\u00eda que el hecho vivo de la literatura, que es ante todo placer y consuelo, estuviera presente en su entorno y en su vida. Quiz\u00e1s muy ideal y demasiado ambicioso, pero es lo que me gustar\u00eda.<\/em><\/p>\n<p>La conversaci\u00f3n va llegando a su fin, pues Eduardo tiene que coger un vuelo que le llevar\u00e1 a Barcelona y desde all\u00ed a T\u00fanez, donde participar\u00e1 en el <em>IV Encuentro Euromagreb\u00ed de Escritores<\/em>. Pero antes de acabar dedicamos unos minutos a hablar de Extremadura, de sus enclaves y atractivos. Considera que la <strong>Sierra de Gata es <em>uno de los lugares m\u00e1s bonitos de Espa\u00f1a<\/em><\/strong><em>, por naturaleza, historia, gastronom\u00eda y por el car\u00e1cter de la gente. <\/em>Tambi\u00e9n tiene palabras elogiosas para C\u00e1ceres, una ciudad que le parece <em>maravillosa, con uno de los cascos antiguos m\u00e1s bonitos y coherentes de Espa\u00f1a<\/em>. <em>El Jerte, el Ambroz, Las Hurdes, Guadalupe, Yuste, Monfrag\u00fae\u2026 No hay zona que no me guste y en todas descubro atractivos, sin olvidar la cercan\u00eda de Portugal<\/em>.<\/p>\n<p>Una de las cosas que m\u00e1s le han llamado la atenci\u00f3n en relaci\u00f3n a Extremadura es que <strong>muchos catalanes no sab\u00edan nada de la regi\u00f3n<\/strong>. <em>Me sorprende <\/em>\u2013dice Eduardo- <em>que un sitio con tantos atractivos no haya sido m\u00e1s visitado. Eso s\u00ed, <strong>los que vienen<\/strong> una vez, y yo se lo he recomendado y he venido con muchos amigos, <strong>la valoran muy positivamente<\/strong> y les gusta mucho. <\/em><\/p>\n<p>Hablamos tambi\u00e9n de tebeos e historietas, pero eso dar\u00e1 para unas cuantas l\u00edneas en <a href=\"http:\/\/jmromagueras.blogspot.com.es\/\">Trazo de Tinta<\/a>.<\/p>\n<p>Acompa\u00f1o a Eduardo hasta el aeropuerto de Badajoz y de regreso le deseo internamente toda la suerte y felicidad que yo he encontrado en esta tierra extreme\u00f1a.<\/p>\n<!-- AddThis Advanced Settings generic via filter on the_content --><!-- AddThis Share Buttons generic via filter on the_content -->","protected":false},"excerpt":{"rendered":"<p>En los \u00faltimos meses Eduardo Moga (Barcelona, 1962) est\u00e1 viviendo cambios que podr\u00edamos describir como radicales. De habitar primero en Barcelona y despu\u00e9s en Londres \u2013durante los \u00faltimos dos a\u00f1os y medio-, con sus poblaciones millonarias y sus problem\u00e1ticas urbanas; ha pasado a hacerlo en M\u00e9rida, la capital extreme\u00f1a, con sus algo menos de 60.000 [&hellip;]<!-- AddThis Advanced Settings generic via filter on get_the_excerpt --><!-- AddThis Share Buttons generic via filter on get_the_excerpt --><\/p>\n","protected":false},"author":51,"featured_media":0,"comment_status":"open","ping_status":"closed","sticky":false,"template":"","format":"standard","meta":[],"categories":[2,7],"tags":[79,91,156,174,175,207,258,326,327,330,406,433,458,520],"_links":{"self":[{"href":"https:\/\/blogs.hoy.es\/catalanaconjamon\/wp-json\/wp\/v2\/posts\/235"}],"collection":[{"href":"https:\/\/blogs.hoy.es\/catalanaconjamon\/wp-json\/wp\/v2\/posts"}],"about":[{"href":"https:\/\/blogs.hoy.es\/catalanaconjamon\/wp-json\/wp\/v2\/types\/post"}],"author":[{"embeddable":true,"href":"https:\/\/blogs.hoy.es\/catalanaconjamon\/wp-json\/wp\/v2\/users\/51"}],"replies":[{"embeddable":true,"href":"https:\/\/blogs.hoy.es\/catalanaconjamon\/wp-json\/wp\/v2\/comments?post=235"}],"version-history":[{"count":0,"href":"https:\/\/blogs.hoy.es\/catalanaconjamon\/wp-json\/wp\/v2\/posts\/235\/revisions"}],"wp:attachment":[{"href":"https:\/\/blogs.hoy.es\/catalanaconjamon\/wp-json\/wp\/v2\/media?parent=235"}],"wp:term":[{"taxonomy":"category","embeddable":true,"href":"https:\/\/blogs.hoy.es\/catalanaconjamon\/wp-json\/wp\/v2\/categories?post=235"},{"taxonomy":"post_tag","embeddable":true,"href":"https:\/\/blogs.hoy.es\/catalanaconjamon\/wp-json\/wp\/v2\/tags?post=235"}],"curies":[{"name":"wp","href":"https:\/\/api.w.org\/{rel}","templated":true}]}}