{"id":249,"date":"2017-05-12T09:38:56","date_gmt":"2017-05-12T07:38:56","guid":{"rendered":"http:\/\/blogs.hoy.es\/catalanaconjamon\/?p=249"},"modified":"2017-05-12T09:38:56","modified_gmt":"2017-05-12T07:38:56","slug":"de-jamon-en-jamon-por-jerez-de-los-caballeros","status":"publish","type":"post","link":"https:\/\/blogs.hoy.es\/catalanaconjamon\/2017\/05\/12\/de-jamon-en-jamon-por-jerez-de-los-caballeros\/","title":{"rendered":"De jam\u00f3n en jam\u00f3n por Jerez de los Caballeros"},"content":{"rendered":"<div id=\"attachment_250\" style=\"width: 1034px\" class=\"wp-caption aligncenter\"><a href=\"https:\/\/blogs.hoy.es\/catalanaconjamon\/2017\/05\/12\/de-jamon-en-jamon-por-jerez-de-los-caballeros\/con-el-spidercerdo-de-fermin-solis\/\" rel=\"attachment wp-att-250\"><img aria-describedby=\"caption-attachment-250\" loading=\"lazy\" class=\"size-large wp-image-250\" title=\"Posando con el Spidercerdo de la Iberian Pork Parade, dise\u00f1ado por Ferm\u00edn Sol\u00eds, en la factor\u00eda Montesano\" src=\"\/catalanaconjamon\/wp-content\/uploads\/sites\/49\/2017\/05\/Con-el-Spidercerdo-de-Ferm\u00edn-Sol\u00eds.jpg\" alt=\"Posando con el Spidercerdo de la Iberian Pork Parade, dise\u00f1ado por Ferm\u00edn Sol\u00eds, en la factor\u00eda Montesano\" width=\"1024\" height=\"767\" srcset=\"https:\/\/static-blogs.hoy.es\/wp-content\/uploads\/sites\/49\/2017\/05\/Con-el-Spidercerdo-de-Ferm\u00edn-Sol\u00eds.jpg 1143w, https:\/\/static-blogs.hoy.es\/wp-content\/uploads\/sites\/49\/2017\/05\/Con-el-Spidercerdo-de-Ferm\u00edn-Sol\u00eds-300x225.jpg 300w, https:\/\/static-blogs.hoy.es\/wp-content\/uploads\/sites\/49\/2017\/05\/Con-el-Spidercerdo-de-Ferm\u00edn-Sol\u00eds-768x576.jpg 768w, https:\/\/static-blogs.hoy.es\/wp-content\/uploads\/sites\/49\/2017\/05\/Con-el-Spidercerdo-de-Ferm\u00edn-Sol\u00eds-1024x768.jpg 1024w\" sizes=\"(max-width: 1024px) 100vw, 1024px\" \/><\/a><p id=\"caption-attachment-250\" class=\"wp-caption-text\">Posando con el Spidercerdo de la Iberian Pork Parade, dise\u00f1ado por Ferm\u00edn Sol\u00eds, en la factor\u00eda Montesano<\/p><\/div>\n<p>El art\u00edculo de hoy es un peque\u00f1o <strong>homenaje al cincuenta por ciento del t\u00edtulo de este blog<\/strong>: al jam\u00f3n. La excusa no es otra que la celebraci\u00f3n, la semana pasada, de la <a href=\"http:\/\/www.salondeljamoniberico.com\/\">XXVIII edici\u00f3n del Sal\u00f3n del Jam\u00f3n Ib\u00e9rico en Jerez de los Caballeros<\/a>. Este a\u00f1o he tenido la oportunidad de volver a visitarlo a fondo, por mor de la organizaci\u00f3n de un viaje de escritores de blogs o bit\u00e1coras. Ha sido una forma diferente de aproximarme al principal escaparate, en nuestra regi\u00f3n, del que es el producto estrella de la dehesa.<\/p>\n<div id=\"attachment_251\" style=\"width: 228px\" class=\"wp-caption alignright\"><a href=\"\/catalanaconjamon\/wp-content\/uploads\/sites\/49\/2017\/05\/II-Sal\u00f3n-Jam\u00f3n002.jpg\"><img aria-describedby=\"caption-attachment-251\" loading=\"lazy\" class=\"size-medium wp-image-251\" title=\"II Sal\u00f3n Jam\u00f3n002\" src=\"\/catalanaconjamon\/wp-content\/uploads\/sites\/49\/2017\/05\/II-Sal\u00f3n-Jam\u00f3n002.jpg\" alt=\"Entrevistando a Antonio V\u00e1zquez (derecha), presidente de la Asamblea de Extremadura, en la segunda edici\u00f3n del Sal\u00f3n.\" width=\"218\" height=\"300\" srcset=\"https:\/\/static-blogs.hoy.es\/wp-content\/uploads\/sites\/49\/2017\/05\/II-Sal\u00f3n-Jam\u00f3n002.jpg 869w, https:\/\/static-blogs.hoy.es\/wp-content\/uploads\/sites\/49\/2017\/05\/II-Sal\u00f3n-Jam\u00f3n002-218x300.jpg 218w, https:\/\/static-blogs.hoy.es\/wp-content\/uploads\/sites\/49\/2017\/05\/II-Sal\u00f3n-Jam\u00f3n002-768x1056.jpg 768w, https:\/\/static-blogs.hoy.es\/wp-content\/uploads\/sites\/49\/2017\/05\/II-Sal\u00f3n-Jam\u00f3n002-745x1024.jpg 745w\" sizes=\"(max-width: 218px) 100vw, 218px\" \/><\/a><p id=\"caption-attachment-251\" class=\"wp-caption-text\">Entrevistando a Antonio V\u00e1zquez (derecha), presidente de la Asamblea de Extremadura, en la segunda edici\u00f3n del Sal\u00f3n.<\/p><\/div>\n<p>Lo cierto es que, por distintas razones, hac\u00eda bastantes a\u00f1os que no me acercaba por el Sal\u00f3n del Jam\u00f3n Ib\u00e9rico. Y eso que uno es de los veteranos del certamen, porque <strong>mi primera visita fue en 1991<\/strong>, durante la segunda edici\u00f3n. Y mucho ha cambiado desde entonces. Recuerdo las modestas casetas, montadas sobre la tierra, en el Parque de Santa Luc\u00eda. Los interminables discursos inaugurales del entonces consejero de Agricultura de la Junta de Extremadura, <strong>Francisco Amarillo<\/strong>. Y, sobre todo, la ilusi\u00f3n del alcalde, <strong>Manuel Calzado<\/strong>, y de su equipo, por poner en marcha lo que deb\u00eda ser <strong>punto de referencia nacional<\/strong> para todos los actores implicados en el <strong>sector del jam\u00f3n ib\u00e9rico<\/strong>. En a\u00f1os posteriores se fue mejorando el montaje, en el mismo Parque de Santa Luc\u00eda, confiri\u00e9ndole un car\u00e1cter m\u00e1s profesional a las instalaciones. De esos a\u00f1os posteriores, en los que yo estaba en RNE, recuerdo que trajimos a <strong>Manolo Ferreras<\/strong> a Jerez, a hacer su programa en directo desde el Sal\u00f3n.<\/p>\n<p><strong>DESCONOCIMIENTO<\/strong><\/p>\n<p>Como he mencionado en las l\u00edneas previas, este a\u00f1o mi visita ha venido de la mano de un encargo profesional. En concreto se trataba de la organizaci\u00f3n de un <strong>encuentro de escritoras y escritores de blogs<\/strong>, especializados en gastronom\u00eda y viajes. Provenientes de distintos lugares, como Madrid, Puertollano, Gij\u00f3n, Marbella, Barcelona, Badajoz y C\u00e1ceres, el objetivo era <strong>profundizar<\/strong> con ellos <strong>en el conocimiento del jam\u00f3n ib\u00e9rico<\/strong>. Y, al mismo tiempo, <strong>descubrir<\/strong> los <strong>encantos<\/strong> patrimoniales, culturales y gastron\u00f3micos de <strong>Jerez de los Caballeros<\/strong> y la Sierra Suroeste en particular, y de Extremadura en general.<\/p>\n<div id=\"attachment_253\" style=\"width: 310px\" class=\"wp-caption alignleft\"><a href=\"\/catalanaconjamon\/wp-content\/uploads\/sites\/49\/2017\/05\/Cerdos-La-Crespa-peq.jpg\"><img aria-describedby=\"caption-attachment-253\" loading=\"lazy\" class=\"size-medium wp-image-253\" title=\"Cerdos La Crespa (peq)\" src=\"\/catalanaconjamon\/wp-content\/uploads\/sites\/49\/2017\/05\/Cerdos-La-Crespa-peq.jpg\" alt=\"Rodeados de cerdos ib\u00e9ricos en la finca La Crespa\" width=\"300\" height=\"225\" srcset=\"https:\/\/static-blogs.hoy.es\/wp-content\/uploads\/sites\/49\/2017\/05\/Cerdos-La-Crespa-peq.jpg 816w, https:\/\/static-blogs.hoy.es\/wp-content\/uploads\/sites\/49\/2017\/05\/Cerdos-La-Crespa-peq-300x225.jpg 300w, https:\/\/static-blogs.hoy.es\/wp-content\/uploads\/sites\/49\/2017\/05\/Cerdos-La-Crespa-peq-768x576.jpg 768w\" sizes=\"(max-width: 300px) 100vw, 300px\" \/><\/a><p id=\"caption-attachment-253\" class=\"wp-caption-text\">Rodeados de cerdos ib\u00e9ricos en la finca La Crespa<\/p><\/div>\n<p>Aunque no es el caso de estas escritoras y escritores de bit\u00e1coras, todav\u00eda hay mucha gente, incluso en nuestra Comunidad, que se sorprende del precio del jam\u00f3n ib\u00e9rico. Si todo el mundo conociera el proceloso camino que va desde el nacimiento del cerdo, hasta el corte del jam\u00f3n, sin duda alguna entender\u00eda el porqu\u00e9 del precio. En ocasiones parece como si hacer un jam\u00f3n fuera poco menos que dejar engordar el cerdo, matarlo, poner a secar la pieza, y comerla. Y desde luego que no es as\u00ed. Es un <strong>laborioso trayecto<\/strong>, que implica el buen hacer de los ganaderos y de los industriales, tras el que a los <strong>4 o 5 a\u00f1os<\/strong> podemos disfrutar de una <strong>joya gastron\u00f3mica<\/strong>.<\/p>\n<p>Y ese ha sido el recorrido que durante viernes, s\u00e1bado y domingo realizamos los asistentes a este viaje.<\/p>\n<p>Visitamos la finca La Crespa, en la carretera de Jerez a Higuera de Vargas. All\u00ed pudimos apreciar el manejo tradicional del ganado ib\u00e9rico en medio de la exuberante dehesa de la Sierra Suroeste. Incluso con la fortuna de ver c\u00f3mo estaban pariendo en ese momento las madres ib\u00e9ricas.<\/p>\n<p>El siguiente paso es el de la transformaci\u00f3n. Para ello tuvimos la fortuna de poder <strong>recorrer pormenorizadamente la factor\u00eda <a href=\"http:\/\/www.montesano.es\/jamon\/iberico\">Montesano<\/a><\/strong>, de Jerez de los Caballeros. La minuciosa descripci\u00f3n de todos los procesos, desde el despiece, a la bodega, hizo ver a los m\u00e1s ne\u00f3fitos los peque\u00f1os secretos que se encierran tras una loncha de jam\u00f3n ib\u00e9rico de bellota.<\/p>\n<p><strong>SABORES DE ENSUE\u00d1O<\/strong><\/p>\n<a href=\"https:\/\/blogs.hoy.es\/catalanaconjamon\/2017\/05\/12\/de-jamon-en-jamon-por-jerez-de-los-caballeros\/concurso-jamon-de-oro-pequeno\/\" rel=\"attachment wp-att-252\"><img loading=\"lazy\" class=\"size-medium wp-image-252\" title=\"Concurso Jam\u00f3n de Oro (peque\u00f1o)\" src=\"\/catalanaconjamon\/wp-content\/uploads\/sites\/49\/2017\/05\/Concurso-Jam\u00f3n-de-Oro-peque\u00f1o.jpg\" alt=\"Piezas participantes en concurso \"Jam\u00f3n de Oro\"\" width=\"300\" height=\"225\" srcset=\"https:\/\/static-blogs.hoy.es\/wp-content\/uploads\/sites\/49\/2017\/05\/Concurso-Jam\u00f3n-de-Oro-peque\u00f1o.jpg 1306w, https:\/\/static-blogs.hoy.es\/wp-content\/uploads\/sites\/49\/2017\/05\/Concurso-Jam\u00f3n-de-Oro-peque\u00f1o-300x225.jpg 300w, https:\/\/static-blogs.hoy.es\/wp-content\/uploads\/sites\/49\/2017\/05\/Concurso-Jam\u00f3n-de-Oro-peque\u00f1o-768x576.jpg 768w, https:\/\/static-blogs.hoy.es\/wp-content\/uploads\/sites\/49\/2017\/05\/Concurso-Jam\u00f3n-de-Oro-peque\u00f1o-1024x768.jpg 1024w\" sizes=\"(max-width: 300px) 100vw, 300px\" \/><\/a>\n<p>L\u00f3gicamente, el siguiente paso ten\u00eda que ser apreciar el resultado final de tanto esfuerzo: <strong>probar el producto.<\/strong> En este caso fue la <a href=\"http:\/\/dehesa-extremadura.com\/\">Denominaci\u00f3n de Origen Protegida Dehesa de Extremadura<\/a> la que encandil\u00f3 a los blogueros y blogueras. Pudieron degustar un excelente jam\u00f3n y apreciar por ellos mismos todos los elementos que se tienen en cuenta al catarlo. Estoy hablando del aspecto visual de la misma, de su delicado aroma, del sabor -que en ning\u00fan caso debe ser salado-, de la textura, con su impregnaci\u00f3n de \u00e1cido oleico. Caracter\u00edsticas, todas ellas, que hab\u00edan podido conocer te\u00f3ricamente, durante el concurso en el que se eligi\u00f3 el \u201cJam\u00f3n de Oro\u201d del sal\u00f3n; y tambi\u00e9n con motivo del XX Concurso Nacional de Cortadores de Jam\u00f3n Ib\u00e9rico.<\/p>\n<p>Pero como no solo de jam\u00f3n ib\u00e9rico vive la gastronom\u00eda extreme\u00f1a, las escritoras y escritores de blogs que visitaron Jerez de los Caballeros, tambi\u00e9n pudieron paladear otras delicias como el lomo doblado, los gurumelos, los esp\u00e1rragos trigueros, los rep\u00e1palos, el arroz de ib\u00e9ricos, los vinos de la D.O.P. Ribera del Guadiana o los indescriptibles <em>bollos turcos<\/em>.<\/p>\n<p>Si a ello le unimos, el recorrido nocturno por parte de la rehabilitada muralla del castillo de Jerez, la visita a las iglesias de San Bartolom\u00e9 y San Miguel, el morabito o la Casa Museo de Vasco N\u00fa\u00f1ez de Balboa; no me cabe la menor duda de que el recuerdo que se llevan del Sal\u00f3n del Jam\u00f3n Ib\u00e9rico es estupendo. Al que contribuyeron la actual alcaldesa, <strong>Virginia Borrallo, <\/strong>y todo el equipo t\u00e9cnico del Ayuntamiento y de la Instituci\u00f3n Ferial de Jerez (INFEJE).<\/p>\n<p>El grupo lo compon\u00eda los escritores y escritoras de los blogs <a href=\"https:\/\/www.fotonazos.es\/\">Fotonazos<\/a> (Madrid), <a href=\"http:\/\/www.evasionesculinarias.com\/\">Evasiones Culinarias<\/a> (Madrid), <a href=\"http:\/\/senderuelos.blogspot.com.es\/\">Senderuelos<\/a> (Badajoz), <a href=\"http:\/\/tuyoymimochila.com\/\">T\u00fa, yo y mi mochila<\/a> (Marbella), <a href=\"https:\/\/pinchosycanapes.wordpress.com\/\">Pinchos y Canap\u00e9s<\/a> (Puertollano), <a href=\"http:\/\/www.mismaridajes.com\/\">Miss Maridajes<\/a> (Gij\u00f3n), <a href=\"https:\/\/bloghedonista.com\/\">Bloghedonista<\/a> (Barcelona), m\u00e1s la conductora del programa <em><a href=\"http:\/\/www.canalextremadura.es\/radio\/entretenimiento\/todos-los-caminos\">Todos los caminos, de Canal Extremadura Radio<\/a><\/em>.<\/p>\n<p>El encuentro ha sido promovido por la <a href=\"http:\/\/www.dip-badajoz.es\/\">Diputaci\u00f3n de Badajoz<\/a>, como apoyo al <a href=\"https:\/\/jerezcaballeros.es\/\">Ayuntamiento de Jerez de los Caballeros<\/a>, organizador del Sal\u00f3n del Jam\u00f3n Ib\u00e9rico a trav\u00e9s de INFEJE.<\/p>\n<p>\u00a1Larga vida al jam\u00f3n ib\u00e9rico!<\/p>\n<!-- AddThis Advanced Settings generic via filter on the_content --><!-- AddThis Share Buttons generic via filter on the_content -->","protected":false},"excerpt":{"rendered":"<p>El art\u00edculo de hoy es un peque\u00f1o homenaje al cincuenta por ciento del t\u00edtulo de este blog: al jam\u00f3n. La excusa no es otra que la celebraci\u00f3n, la semana pasada, de la XXVIII edici\u00f3n del Sal\u00f3n del Jam\u00f3n Ib\u00e9rico en Jerez de los Caballeros. Este a\u00f1o he tenido la oportunidad de volver a visitarlo a [&hellip;]<!-- AddThis Advanced Settings generic via filter on get_the_excerpt --><!-- AddThis Share Buttons generic via filter on get_the_excerpt --><\/p>\n","protected":false},"author":51,"featured_media":0,"comment_status":"open","ping_status":"closed","sticky":false,"template":"","format":"standard","meta":[],"categories":[5,11],"tags":[534,535,536,537,538,539,540,541,542,543,544,545,546,547,548,549,550],"_links":{"self":[{"href":"https:\/\/blogs.hoy.es\/catalanaconjamon\/wp-json\/wp\/v2\/posts\/249"}],"collection":[{"href":"https:\/\/blogs.hoy.es\/catalanaconjamon\/wp-json\/wp\/v2\/posts"}],"about":[{"href":"https:\/\/blogs.hoy.es\/catalanaconjamon\/wp-json\/wp\/v2\/types\/post"}],"author":[{"embeddable":true,"href":"https:\/\/blogs.hoy.es\/catalanaconjamon\/wp-json\/wp\/v2\/users\/51"}],"replies":[{"embeddable":true,"href":"https:\/\/blogs.hoy.es\/catalanaconjamon\/wp-json\/wp\/v2\/comments?post=249"}],"version-history":[{"count":0,"href":"https:\/\/blogs.hoy.es\/catalanaconjamon\/wp-json\/wp\/v2\/posts\/249\/revisions"}],"wp:attachment":[{"href":"https:\/\/blogs.hoy.es\/catalanaconjamon\/wp-json\/wp\/v2\/media?parent=249"}],"wp:term":[{"taxonomy":"category","embeddable":true,"href":"https:\/\/blogs.hoy.es\/catalanaconjamon\/wp-json\/wp\/v2\/categories?post=249"},{"taxonomy":"post_tag","embeddable":true,"href":"https:\/\/blogs.hoy.es\/catalanaconjamon\/wp-json\/wp\/v2\/tags?post=249"}],"curies":[{"name":"wp","href":"https:\/\/api.w.org\/{rel}","templated":true}]}}