{"id":25,"date":"2012-06-20T21:39:42","date_gmt":"2012-06-20T21:39:42","guid":{"rendered":"http:\/\/blogs.hoy.es\/catalanaconjamon\/?p=25"},"modified":"2012-06-20T21:39:42","modified_gmt":"2012-06-20T21:39:42","slug":"catalana-con-jamon-se-incorpora-a-la-plataforma-de-blogs-del-diario-hoy","status":"publish","type":"post","link":"https:\/\/blogs.hoy.es\/catalanaconjamon\/2012\/06\/20\/catalana-con-jamon-se-incorpora-a-la-plataforma-de-blogs-del-diario-hoy\/","title":{"rendered":"&#8220;Catalana con jam\u00f3n&#8221; se incorpora a la plataforma de blogs del diario HOY"},"content":{"rendered":"<p>El pasado 27 de marzo &#8220;<strong>Catalana con jam\u00f3n<\/strong>&#8221; iniciaba su andadura como blog. Su nacimiento obedec\u00eda a la intenci\u00f3n, modesta, pero sentida, de crear un espacio de interrelaci\u00f3n social, econ\u00f3mica y cultural entre Extremadura y Catalunya. Entre catalanes residentes aqu\u00ed y extreme\u00f1os que viven all\u00ed.<\/p>\n<p>Tras estos casi 3 meses de vida, tengo que decir que la acogida que ha tenido la iniciativa ha sido muy buena. Todos aquellos a los que he demandado su colaboraci\u00f3n o participaci\u00f3n, lo han hecho con sumo agrado y con una magn\u00edfica predisposici\u00f3n, tanto en Extremadura, como en Catalunya.<\/p>\n<p>La incorporaci\u00f3n de &#8220;<strong>Catalana con jam\u00f3n<\/strong>&#8221; a la plataforma de blogs del diario HOY, supone una oportunidad y un reto. Una oportunidad, para consolidar esta experiencia de hibridaci\u00f3n cultural, este viaje de ida y vuelta entre los dos territorios. Un reto, para mantener el atractivo y el inter\u00e9s de los temas y personajes que aparezcan en el mismo. Espero conseguirlo.<\/p>\n<!-- AddThis Advanced Settings generic via filter on the_content --><!-- AddThis Share Buttons generic via filter on the_content -->","protected":false},"excerpt":{"rendered":"<p>El pasado 27 de marzo &#8220;Catalana con jam\u00f3n&#8221; iniciaba su andadura como blog. Su nacimiento obedec\u00eda a la intenci\u00f3n, modesta, pero sentida, de crear un espacio de interrelaci\u00f3n social, econ\u00f3mica y cultural entre Extremadura y Catalunya. Entre catalanes residentes aqu\u00ed y extreme\u00f1os que viven all\u00ed. Tras estos casi 3 meses de vida, tengo que decir [&hellip;]<!-- AddThis Advanced Settings generic via filter on get_the_excerpt --><!-- AddThis Share Buttons generic via filter on get_the_excerpt --><\/p>\n","protected":false},"author":51,"featured_media":0,"comment_status":"open","ping_status":"closed","sticky":false,"template":"","format":"standard","meta":[],"categories":[8],"tags":[],"_links":{"self":[{"href":"https:\/\/blogs.hoy.es\/catalanaconjamon\/wp-json\/wp\/v2\/posts\/25"}],"collection":[{"href":"https:\/\/blogs.hoy.es\/catalanaconjamon\/wp-json\/wp\/v2\/posts"}],"about":[{"href":"https:\/\/blogs.hoy.es\/catalanaconjamon\/wp-json\/wp\/v2\/types\/post"}],"author":[{"embeddable":true,"href":"https:\/\/blogs.hoy.es\/catalanaconjamon\/wp-json\/wp\/v2\/users\/51"}],"replies":[{"embeddable":true,"href":"https:\/\/blogs.hoy.es\/catalanaconjamon\/wp-json\/wp\/v2\/comments?post=25"}],"version-history":[{"count":0,"href":"https:\/\/blogs.hoy.es\/catalanaconjamon\/wp-json\/wp\/v2\/posts\/25\/revisions"}],"wp:attachment":[{"href":"https:\/\/blogs.hoy.es\/catalanaconjamon\/wp-json\/wp\/v2\/media?parent=25"}],"wp:term":[{"taxonomy":"category","embeddable":true,"href":"https:\/\/blogs.hoy.es\/catalanaconjamon\/wp-json\/wp\/v2\/categories?post=25"},{"taxonomy":"post_tag","embeddable":true,"href":"https:\/\/blogs.hoy.es\/catalanaconjamon\/wp-json\/wp\/v2\/tags?post=25"}],"curies":[{"name":"wp","href":"https:\/\/api.w.org\/{rel}","templated":true}]}}