{"id":26,"date":"2012-06-23T09:27:38","date_gmt":"2012-06-23T09:27:38","guid":{"rendered":"http:\/\/blogs.hoy.es\/catalanaconjamon\/?p=26"},"modified":"2012-06-23T09:27:38","modified_gmt":"2012-06-23T09:27:38","slug":"san-juan-la-noche-en-la-que-ahuyentamos-nuestros-temores","status":"publish","type":"post","link":"https:\/\/blogs.hoy.es\/catalanaconjamon\/2012\/06\/23\/san-juan-la-noche-en-la-que-ahuyentamos-nuestros-temores\/","title":{"rendered":"San Juan, la noche en la que ahuyentamos nuestros temores"},"content":{"rendered":"<p>Mi actual ciudad de residencia, Badajoz, y mi tierra natal, Catalunya, comparten, entre otras cosas, la celebraci\u00f3n de la festividad de San Juan. Feria en el primer caso, verbena en el segundo, la noche m\u00e1s m\u00e1gica del a\u00f1o ha tenido siempre una significaci\u00f3n muy especial, en la que se entremezclan los ritos de purificaci\u00f3n, con la tradici\u00f3n religiosa.<\/p>\n<p>Desde mi infancia, la noche de San Juan siempre ha representado un punto y aparte en el devenir anual. Era el momento en el que acababan las clases y se abr\u00eda la puerta al prolongado verano. Dejabas atr\u00e1s estudios, obligaciones y alg\u00fan que otro sinsabor con las notas, para adentrarte en el territorio de los juegos, de los ba\u00f1os estivales, de la prolongaci\u00f3n de los horarios nocturnos, etc.<\/p>\n<div id=\"attachment_27\" style=\"width: 453px\" class=\"wp-caption alignright\"><a href=\"\/catalanaconjamon\/wp-content\/uploads\/sites\/49\/2012\/06\/hoguera-san-juan.jpg\"><img aria-describedby=\"caption-attachment-27\" loading=\"lazy\" class=\"size-medium wp-image-27\" src=\"\/catalanaconjamon\/wp-content\/uploads\/sites\/49\/2012\/06\/hoguera-san-juan.jpg\" alt=\"\" width=\"443\" height=\"331\" srcset=\"https:\/\/static-blogs.hoy.es\/wp-content\/uploads\/sites\/49\/2012\/06\/hoguera-san-juan.jpg 400w, https:\/\/static-blogs.hoy.es\/wp-content\/uploads\/sites\/49\/2012\/06\/hoguera-san-juan-300x225.jpg 300w\" sizes=\"(max-width: 443px) 100vw, 443px\" \/><\/a><p id=\"caption-attachment-27\" class=\"wp-caption-text\">Hoguera de San Juan junto a la playa<\/p><\/div>\n<p>El ir y venir en torno a San Juan comenzaba un par de semanas antes, cuando empezaban a venderse los distintos productos pirot\u00e9cnicos, con los que por aqu\u00e9l entonces disfrut\u00e1bamos los cr\u00edos. Recuerdo perfectamente unos petardos verdes y alargados que se llamaban <em>piulas<\/em>, que eran los m\u00e1s habituales. Junto a ellos las <em>bombetas<\/em>, peque\u00f1\u00edsimos paquetitos de p\u00f3lvora que explotaban al estrellarlos contra el suelo. Otro cl\u00e1sico eran los <em>rascaparets<\/em>, tambi\u00e9n llamados <em>garibaldis<\/em>, que eran unos rollos alargados de cart\u00f3n estrecho, con peque\u00f1as porciones de f\u00f3sforo blanco, que petardeaban al friccionarlos contras las paredes. Y finalmente, otro de los productos estrella, eran los denominados <em>chinos<\/em>. Peque\u00f1os petardos de colores adornados con estrellitas, que iban enristrados, y que hac\u00edan el efecto de traca.<\/p>\n<p>Junto al repertorio pirot\u00e9cnico, los chiquillos recorr\u00edamos el pueblo, <a title=\"Premi\u00e0 de Mar\" href=\"http:\/\/www.premiademar.cat\/\">Premi\u00e0 de Mar<\/a>, de casa en casa, pidiendo muebles y maderas viejas, que \u00edbamos amontonando en un solar vac\u00edo, para ir conformando la enorme hoguera que se encender\u00eda la v\u00edspera de San Juan.<\/p>\n<p>Unos a\u00f1os m\u00e1s tarde, en el per\u00edodo de la adolescencia y la juventud, la noche se fue prolongando, convirti\u00e9ndose la verbena de San Juan en el punto \u00e1lgido del calendario festivo. Las celebraciones populares, los conciertos para recaudar fondos para m\u00faltiples causas sociales, los amaneceres en la playa, componen el decorado de esos a\u00f1os. Y una canci\u00f3n que, desde entonces, tengo personalmente asociada sin remedio a esta fecha. Se trata de <em>Qualsevol nit pot sortir el sol <\/em>(Cualquier noche puede salir el sol), creada por<a title=\"Jaume Sisa\" href=\"http:\/\/youtu.be\/u5v8UstF9UE\"> Jaume Sisa<\/a> en 1975.<\/p>\n<p><strong>CORIA y BADAJOZ<\/strong><\/p>\n<p>Ya en Extremadura, mi vivencia respecto a San Juan se centra en Coria y en Badajoz. Durante el tiempo en el que estuve de director de RNE en Plasencia, tuve la oportunidad de realizar dos veces una programaci\u00f3n especial con motivo de la fiesta cauriense. Fueron los a\u00f1os 1989 y 1990. La peque\u00f1a emisora placentina contaba con un reducido grupo de profesionales, mayoritariamente joven, animoso y con unas ganas enormes de hacer radio en directo. As\u00ed que, ni cortos ni perezosos, nos fuimos a Coria, para hacer una programaci\u00f3n en la calle, coincidiendo con sus<a href=\"http:\/\/sanjuan.coria.org\/\"> <em>sanjuanes<\/em><\/a>. La experiencia fue intensa, en lo l\u00fadico y en lo profesional. Estar en el casco hist\u00f3rico de Coria, en el interior del recinto vallado, con uno de aquellos equipos de transmisi\u00f3n aut\u00f3nomos, que llevabas en bandolera, con la antena sobre el hombro, narrando lo que suced\u00eda a la espera de la aparici\u00f3n de uno de los toros, es, sin duda, un recuerdo imborrable.<\/p>\n<p>Esta peque\u00f1a digresi\u00f3n, tiene su punto final en <a href=\"http:\/\/www.aytobadajoz.es\/es\/ayto\/especiales\/especial\/11579\/san-juan-2012\/\">Badajoz<\/a>. Aqu\u00ed el concepto es totalmente diferente, pues todo gira en torno a la Feria, las casetas, los cacharritos, etc. En mis primeros a\u00f1os de residencia en Badajoz siempre me dejaba caer alg\u00fan momento por el ferial, por aqu\u00e9l entonces en la cabecera del actual Puente Real, en la margen izquierda, en los terrenos que actualmente ocupa el mercadillo de los martes. Pero era algo distinto, que carec\u00eda, para mi gusto, de ese factor m\u00e1gico, especial, inici\u00e1tico incluso, al que siempre he asociado la noche de San Juan.<\/p>\n<p>Por eso, quiz\u00e1s, sea de las pocas ocasiones del a\u00f1o, por no decir la \u00fanica, en la que a\u00f1oro estar junto al Mediterr\u00e1neo. Porque se trata de una noche en la que, como dice la canci\u00f3n de Sisa, <em>convertiremos en humo nuestras tristezas<\/em>. Sea como sea, \u00a1Feliz noche de San Juan!<\/p>\n<!-- AddThis Advanced Settings generic via filter on the_content --><!-- AddThis Share Buttons generic via filter on the_content -->","protected":false},"excerpt":{"rendered":"<p>Mi actual ciudad de residencia, Badajoz, y mi tierra natal, Catalunya, comparten, entre otras cosas, la celebraci\u00f3n de la festividad de San Juan. Feria en el primer caso, verbena en el segundo, la noche m\u00e1s m\u00e1gica del a\u00f1o ha tenido siempre una significaci\u00f3n muy especial, en la que se entremezclan los ritos de purificaci\u00f3n, con [&hellip;]<!-- AddThis Advanced Settings generic via filter on get_the_excerpt --><!-- AddThis Share Buttons generic via filter on get_the_excerpt --><\/p>\n","protected":false},"author":51,"featured_media":0,"comment_status":"open","ping_status":"closed","sticky":false,"template":"","format":"standard","meta":[],"categories":[10],"tags":[],"_links":{"self":[{"href":"https:\/\/blogs.hoy.es\/catalanaconjamon\/wp-json\/wp\/v2\/posts\/26"}],"collection":[{"href":"https:\/\/blogs.hoy.es\/catalanaconjamon\/wp-json\/wp\/v2\/posts"}],"about":[{"href":"https:\/\/blogs.hoy.es\/catalanaconjamon\/wp-json\/wp\/v2\/types\/post"}],"author":[{"embeddable":true,"href":"https:\/\/blogs.hoy.es\/catalanaconjamon\/wp-json\/wp\/v2\/users\/51"}],"replies":[{"embeddable":true,"href":"https:\/\/blogs.hoy.es\/catalanaconjamon\/wp-json\/wp\/v2\/comments?post=26"}],"version-history":[{"count":0,"href":"https:\/\/blogs.hoy.es\/catalanaconjamon\/wp-json\/wp\/v2\/posts\/26\/revisions"}],"wp:attachment":[{"href":"https:\/\/blogs.hoy.es\/catalanaconjamon\/wp-json\/wp\/v2\/media?parent=26"}],"wp:term":[{"taxonomy":"category","embeddable":true,"href":"https:\/\/blogs.hoy.es\/catalanaconjamon\/wp-json\/wp\/v2\/categories?post=26"},{"taxonomy":"post_tag","embeddable":true,"href":"https:\/\/blogs.hoy.es\/catalanaconjamon\/wp-json\/wp\/v2\/tags?post=26"}],"curies":[{"name":"wp","href":"https:\/\/api.w.org\/{rel}","templated":true}]}}