{"id":266,"date":"2017-06-02T10:36:21","date_gmt":"2017-06-02T08:36:21","guid":{"rendered":"http:\/\/blogs.hoy.es\/catalanaconjamon\/?p=266"},"modified":"2017-06-02T11:36:15","modified_gmt":"2017-06-02T09:36:15","slug":"efi-cubero-una-voz-poetica-sin-imposturas","status":"publish","type":"post","link":"https:\/\/blogs.hoy.es\/catalanaconjamon\/2017\/06\/02\/efi-cubero-una-voz-poetica-sin-imposturas\/","title":{"rendered":"Efi Cubero, una voz po\u00e9tica sin imposturas"},"content":{"rendered":"<div id=\"attachment_268\" style=\"width: 310px\" class=\"wp-caption alignright\"><a href=\"https:\/\/static-blogs.hoy.es\/wp-content\/uploads\/sites\/49\/2017\/06\/IMG-20160601-WA0003.jpg\"><img aria-describedby=\"caption-attachment-268\" loading=\"lazy\" class=\"wp-image-268 size-medium\" src=\"https:\/\/static-blogs.hoy.es\/wp-content\/uploads\/sites\/49\/2017\/06\/IMG-20160601-WA0003-300x247.jpg\" alt=\"Efi Cubero\" width=\"300\" height=\"247\" srcset=\"https:\/\/static-blogs.hoy.es\/wp-content\/uploads\/sites\/49\/2017\/06\/IMG-20160601-WA0003-300x247.jpg 300w, https:\/\/static-blogs.hoy.es\/wp-content\/uploads\/sites\/49\/2017\/06\/IMG-20160601-WA0003.jpg 480w\" sizes=\"(max-width: 300px) 100vw, 300px\" \/><\/a><p id=\"caption-attachment-268\" class=\"wp-caption-text\">Efi Cubero<\/p><\/div>\n<p>Poeta, ensayista, artista experimental, <a href=\"https:\/\/www.aeex.es\/autores\/cubero-efi\/\">Efi Cubero<\/a>, natural de <strong>Granja de Torrehermosa<\/strong>, ha regresado a su tierra despu\u00e9s de <strong>casi toda una vida residiendo en Catalu\u00f1a.<\/strong> Ella, que ha tenido el honor de entrevistar a lo m\u00e1s granado de la literatura de las \u00faltimas d\u00e9cadas, accede con toda amabilidad a responder a las preguntas de \u201cCatalana con jam\u00f3n\u201d.<\/p>\n<p><strong>\u00bfQu\u00e9 ha significado para ti este retorno a los or\u00edgenes?<\/strong><\/p>\n<p>Una no retorna porque <strong>en el fondo siempre formamos parte de un paisaje y un paisanaje<\/strong>. La vuelta es siempre ida. Sabemos muy bien que es siempre ida, y hasta huida. <strong>Extremadura es mi centro<\/strong>, el lugar de mi origen, el eje radial donde convergen todas las direcciones del mundo y del tiempo. Esta tierra, que es el enclave de mis antepasados y sus huesos la abonan, ha representado siempre para m\u00ed algo gravitatorio y universal. Un enlace abierto a todo mestizaje. No olvidemos que venimos de diversas etnias y culturas y que somos mestizos, afortunadamente. En cuanto a mi pueblo, <strong>Granja de Torrehermosa<\/strong>, significar\u00e1 siempre para m\u00ed ese c\u00e1lido latido que enlaza cada casa donde nadie est\u00e1 solo. Un micro universo que avanza \u00a0hacia los campos, hacia los encinares, hacia las sierras que, como las islas, empujan la mirada hacia un tiempo sin tiempo, el lugar de mi origen, la luz que por primera vez vieron mis ojos sin memoria. <strong>El pueblo donde empec\u00e9 a sentir esta extra\u00f1eza que siempre me acompa\u00f1a<\/strong>. Y la tristeza que sent\u00ed al tener que abandonarlo de la mano de mis padres reci\u00e9n cumplidos mis once a\u00f1os.<\/p>\n<p>Dije una vez en un poema que la tierra siempre nos empeque\u00f1ece, nos acerca hacia ella\u00a0 un p\u00e1lpito de vida, como una sigilosa confidencia\u2026 <strong>Este paisaje m\u00edo es siempre acorde con mi voz sin imposturas.<\/strong><\/p>\n<p>Yo camino por Granja cada d\u00eda, puesto que he vuelto a mi origen de nuevo para que as\u00ed me abrace su calor sin mentiras. Siempre me bastar\u00e1 la eterna seducci\u00f3n de sus cielos limpios, su noble y cari\u00f1oso paisanaje, la belleza de esa arquitectura alzada por alarifes y artesanos, lo sencillo de todo, donde todo fue, y es, antecedente.<\/p>\n<div id=\"attachment_269\" style=\"width: 310px\" class=\"wp-caption alignright\"><a href=\"https:\/\/static-blogs.hoy.es\/wp-content\/uploads\/sites\/49\/2017\/06\/brossa2.jpg\"><img aria-describedby=\"caption-attachment-269\" loading=\"lazy\" class=\"size-full wp-image-269\" src=\"https:\/\/static-blogs.hoy.es\/wp-content\/uploads\/sites\/49\/2017\/06\/brossa2.jpg\" alt=\"Junto al poeta Joan Brossa\" width=\"300\" height=\"419\" srcset=\"https:\/\/static-blogs.hoy.es\/wp-content\/uploads\/sites\/49\/2017\/06\/brossa2.jpg 300w, https:\/\/static-blogs.hoy.es\/wp-content\/uploads\/sites\/49\/2017\/06\/brossa2-215x300.jpg 215w\" sizes=\"(max-width: 300px) 100vw, 300px\" \/><\/a><p id=\"caption-attachment-269\" class=\"wp-caption-text\">Junto al poeta Joan Brossa<\/p><\/div>\n<p><strong>VINCULOS CON CATALU\u00d1A<\/strong><\/p>\n<p><strong>\u00bfCon qu\u00e9 sentimiento has regresado a tu tierra?, \u00bfqu\u00e9 v\u00ednculos sigues manteniendo con Catalu\u00f1a?<\/strong><\/p>\n<p>Con el sentimiento de avanzar en una nueva etapa despu\u00e9s de mil viajes y vivencias. Con el sentimiento de caminar por la naturaleza en libertad.\u00a0 No soy nost\u00e1lgica, descreo de la memoria, la memoria puede enga\u00f1arnos porque o bien idealizamos demasiado o bien demonizamos, seg\u00fan nuestros estados sucesivos. <strong>He vuelto con el convencimiento de que deseaba vivir aqu\u00ed.<\/strong> Que \u00e9ste es realmente mi sitio. Que amo \u2013 sin sensibler\u00edas- a esta tierra y a sus gentes. He vuelto por convicci\u00f3n y reflexi\u00f3n. <strong>En cuanto a Catalu\u00f1a, mis v\u00ednculos afectivos y culturales siguen igual.<\/strong> All\u00ed viv\u00ed m\u00e1s de cincuenta a\u00f1os, all\u00ed complet\u00e9 mi formaci\u00f3n, estudi\u00e9, trabaj\u00e9, luch\u00e9 y all\u00ed tengo parte de lo que m\u00e1s amo: mis chicas, mis chicos, mis hermanos, mi familia, y muchos de mis amigos.<\/p>\n<p><strong>Recientemente la revista Turia ha publicado un n\u00famero dedicado a Extremadura, en el que tambi\u00e9n figuras. \u00bfC\u00f3mo ves el momento de la producci\u00f3n literaria en nuestra regi\u00f3n?<\/strong><\/p>\n<p>La producci\u00f3n literaria en nuestra regi\u00f3n la veo ahora en un momento magn\u00edfico. Despu\u00e9s de aquel momento de <strong>eclosi\u00f3n expansiva en el tiempo de Ibarra y de Francisco Mu\u00f1oz<\/strong>, hubo una \u00e9poca en que languidec\u00eda, o parec\u00eda languidecer, pero ha <strong>resurgido con nuevos br\u00edos<\/strong>, con voces nuevas de excelencia que se suman a las que afortunadamente poseemos, con ganas infinitas de seguir haciendo las cosas bien. Abundan <strong>nuevos proyectos y nuevas iniciativas<\/strong>, nuestro acervo cultural est\u00e1 muy, pero que muy vivo. La calidad literaria y art\u00edstica, hoy por hoy, se encuentra a la altura de lo mejor. No me cabe la menor duda. Lo que realmente me gustar\u00eda es que nuestros pueblos se implicaran m\u00e1s y se interesaran de veras por la calidad que se les ofrece, <strong>un libro o una obra de arte siempre aportan infinitamente m\u00e1s de lo que cuestan,<\/strong> monetariamente hablando. Ah\u00ed est\u00e1 la batalla.<\/p>\n<p><strong><a href=\"https:\/\/static-blogs.hoy.es\/wp-content\/uploads\/sites\/49\/2017\/06\/Libros-peq.jpg\"><img loading=\"lazy\" class=\"alignleft wp-image-267\" src=\"https:\/\/static-blogs.hoy.es\/wp-content\/uploads\/sites\/49\/2017\/06\/Libros-peq.jpg\" alt=\"libros-peq\" width=\"337\" height=\"253\" srcset=\"https:\/\/static-blogs.hoy.es\/wp-content\/uploads\/sites\/49\/2017\/06\/Libros-peq.jpg 653w, https:\/\/static-blogs.hoy.es\/wp-content\/uploads\/sites\/49\/2017\/06\/Libros-peq-300x225.jpg 300w\" sizes=\"(max-width: 337px) 100vw, 337px\" \/><\/a>ANTE TODO, POETA<\/strong><\/p>\n<p><strong>Poeta, ensayista, participante en muestras de arte contempor\u00e1neo; \u00bfen qu\u00e9 registro te encuentras m\u00e1s c\u00f3moda?<\/strong><\/p>\n<p>En el de poeta, por supuesto. Ya s\u00e9 que no soy pol\u00edticamente correcta al referirme a m\u00ed misma de esa forma, pero yo soy desobediente, creo en lo que verdaderamente creo. <strong>Descreo de muchas falsas poses y modestias fingidas<\/strong>. Y tambi\u00e9n de humildades sagaces. Mi libertad, sagrada, respeta, profundamente, la libertad sagrada de los dem\u00e1s. <strong>La poes\u00eda forma parte de m\u00ed desde que me conozco<\/strong>, una libreta escolar me recuerda que ya escrib\u00eda \u201cpoemas\u201d a los ocho a\u00f1os. El poeta nace y luego se hace, as\u00ed es o as\u00ed lo pienso yo. <strong>La poes\u00eda es algo misterioso y profundo,<\/strong> un poeta sabe perfectamente que nada viene de afuera, aunque nos llenemos del barro de la vida y todo lo humano nos sacuda y nos duela, todo se gesta dentro de cada enigma que viene a ser uno mismo. <strong>Mientras vivimos no escribimos.<\/strong> S\u00f3lo en la soledad nos encontramos frente al poema y con la realidad- irrealidad de la propia existencia ya que no existe un ideal sin pugna con sus fracturas, ni resistencia que vencer.<\/p>\n<div id=\"attachment_270\" style=\"width: 550px\" class=\"wp-caption aligncenter\"><a href=\"https:\/\/static-blogs.hoy.es\/wp-content\/uploads\/sites\/49\/2017\/06\/chacon2.jpg\"><img aria-describedby=\"caption-attachment-270\" loading=\"lazy\" class=\"size-full wp-image-270\" src=\"https:\/\/static-blogs.hoy.es\/wp-content\/uploads\/sites\/49\/2017\/06\/chacon2.jpg\" alt=\"Con Dulce Chac\u00f3n en el domicilio de \u00e9sta en Madrid\" width=\"540\" height=\"375\" srcset=\"https:\/\/static-blogs.hoy.es\/wp-content\/uploads\/sites\/49\/2017\/06\/chacon2.jpg 540w, https:\/\/static-blogs.hoy.es\/wp-content\/uploads\/sites\/49\/2017\/06\/chacon2-300x208.jpg 300w\" sizes=\"(max-width: 540px) 100vw, 540px\" \/><\/a><p id=\"caption-attachment-270\" class=\"wp-caption-text\">Con Dulce Chac\u00f3n en el domicilio de \u00e9sta en Madrid<\/p><\/div>\n<p><strong>Hay quien ha definido tu poes\u00eda como un cauce sereno en la superficie, que guarda en el interior la pasi\u00f3n de una vida vivida por y para la poes\u00eda. Y es cierto que al leer tu obra uno se deja mecer por la suavidad de las formas, mientras penetra, casi inconscientemente, la contundencia y profundidad del contenido. \u00bfEst\u00e1s de acuerdo con esta consideraci\u00f3n?<\/strong><\/p>\n<p>He tenido suerte. Los que han hablado de mi obra, todos personalidades de prestigio, lo han hecho con la suficiente carga de profundidad y ahondando a conciencia en ella. Cada uno me ha visto desde un punto distinto, pero con rigor y solvencia, penetrando en la esencia de mi poes\u00eda y alejados de an\u00e9cdotas, por fortuna. No puedo estarles m\u00e1s agradecida. <strong>Ahora mismo, el poeta <a href=\"https:\/\/es.wikipedia.org\/wiki\/Jos%C3%A9_Manuel_D%C3%ADez\">Jos\u00e9 Manuel D\u00edez<\/a>, prepara a conciencia una antolog\u00eda de mi obra<\/strong>. Por supuesto que le he otorgado carta blanca, no puedo estar en mejores manos.<\/p>\n<p>Yo te dir\u00eda que, dentro de la precisi\u00f3n ling\u00fc\u00edstica, hay que buscar los contrastes, <strong>hallar la tensi\u00f3n m\u00e1xima que oscila entre la serenidad y el desasosiego<\/strong> nivelando ese plano de sombras de la palabra y el silencio. Hay que ahondar en la esencia a trav\u00e9s de la exigencia del lenguaje, en prosa y en poes\u00eda, desde una indagaci\u00f3n interior. Tambi\u00e9n lo que nos hace so\u00f1ar testimonia una ausencia, frente a ese sol de espaldas al espejo que refleja nuestro yo m\u00e1s vulnerable. Hay ocultaciones, claro, un tenso y dial\u00f3gico deambular en torno a una misma y a los otros, los que nos precedieron. Yo empleo disoluciones en torno a lo autobiogr\u00e1fico y a veces mantengo tambi\u00e9n un cierto recelo o desapego en no aceptar lo que se propaga como verdades absolutas. <strong>Busco la palabra lo m\u00e1s sobria y reflexiva posible<\/strong>, que est\u00e9 dotada de emoci\u00f3n sincera, de magnetismo y s\u00edntesis hacia lo que yo considero que vale la pena ser nombrado; hay un arco autoral que no evita el recuerdo, pero intento que se articule con <strong>palabras que de alguna forma desenmascaran el orden establecido<\/strong>. Los poetas somos los extra\u00f1os, los inestables, desconcertados pero centrados seres que orillamos los filos del vac\u00edo, ese doble lugar de la creaci\u00f3n desde donde se avista tambi\u00e9n la trascendencia. Algo \u00fanico y extra vital que cicatriza la herida de existir y abre espacios al sue\u00f1o o a la revelaci\u00f3n de lo que somos.<\/p>\n<div id=\"attachment_271\" style=\"width: 391px\" class=\"wp-caption alignright\"><a href=\"https:\/\/static-blogs.hoy.es\/wp-content\/uploads\/sites\/49\/2017\/06\/Con-Carme-Riera-peq.jpg\"><img aria-describedby=\"caption-attachment-271\" loading=\"lazy\" class=\" wp-image-271\" src=\"https:\/\/static-blogs.hoy.es\/wp-content\/uploads\/sites\/49\/2017\/06\/Con-Carme-Riera-peq.jpg\" alt=\"Junto a Carme Riera en el V Congreso Internacional dedicado a Jos\u00e9 Agust\u00edn Goytisolo\" width=\"381\" height=\"286\" srcset=\"https:\/\/static-blogs.hoy.es\/wp-content\/uploads\/sites\/49\/2017\/06\/Con-Carme-Riera-peq.jpg 1632w, https:\/\/static-blogs.hoy.es\/wp-content\/uploads\/sites\/49\/2017\/06\/Con-Carme-Riera-peq-300x225.jpg 300w, https:\/\/static-blogs.hoy.es\/wp-content\/uploads\/sites\/49\/2017\/06\/Con-Carme-Riera-peq-768x576.jpg 768w, https:\/\/static-blogs.hoy.es\/wp-content\/uploads\/sites\/49\/2017\/06\/Con-Carme-Riera-peq-1024x768.jpg 1024w\" sizes=\"(max-width: 381px) 100vw, 381px\" \/><\/a><p id=\"caption-attachment-271\" class=\"wp-caption-text\">Junto a Carme Riera en el V Congreso Internacional dedicado a Jos\u00e9 Agust\u00edn Goytisolo<\/p><\/div>\n<p><strong>En tu trayectoria has tenido la oportunidad de coincidir, y tambi\u00e9n entrevistar, a muchos autores destacados de las letras catalanas y espa\u00f1olas. \u00bfCu\u00e1l te ha producido un mayor impacto?<\/strong><\/p>\n<p>Todos. O casi todos. He tenido la oportunidad de entrevistar extensamente a personajes relevantes del mundo del Pensamiento, la Ciencia, el Arte y la Literatura. Algunos, a ra\u00edz de esa entrevista, se hicieron amigos m\u00edos hasta el momento mismo de su muerte. De esos amigos fieles y profundos con los que daba gusto conversar. De alguna forma todos me han impactado, cada cual por su sabidur\u00eda, su manera de ser, de estar y ver el mundo, su abarcador talento y su humanismo. Un privilegio impagable, sin duda.<\/p>\n<p><strong>Detecto una especial estima por una autora, <a href=\"http:\/\/escritoras.com\/escritoras\/Carme-Riera\">Carme Riera<\/a>, que tuvo un gran impacto en los j\u00f3venes que viv\u00edamos en Catalu\u00f1a en la d\u00e9cada de los setenta del siglo pasado. \u00bfCu\u00e1l es tu relaci\u00f3n con ella?<\/strong><\/p>\n<p>La admiro y considero amiga. Me fue presentada por la familia <strong>Goytisolo- Carandell<\/strong>, aunque yo la hab\u00eda le\u00eddo desde siempre. Alguien que crea y act\u00faa, con una enorme capacidad tanto creadora como de trabajo. Incansable. Imborrable. <strong>Una gran escritora y una gran mujer.<\/strong> Con ella he tenido la suerte de asistir a congresos internacionales como ponente, participar en mesas redondas con personalidades y catedr\u00e1ticos de altura, y tambi\u00e9n he formado parte, junto a ella, como miembro de jurado en premios literarios. Creo que ambas nos apreciamos bastante.<\/p>\n<p><strong>BADAJOZ, PAISAJES LITERARIOS<\/strong><\/p>\n<p><strong>Eres de Granja de Torrehermosa y precisamente tu localidad, a trav\u00e9s de la figura de Santiago Castelo, es una de las que forman parte de un nuevo producto tur\u00edstico, <em><a href=\"http:\/\/turismo.badajoz.es\/es\/producto\/paisajes_literarios\">Badajoz, Paisajes Literarios<\/a><\/em>, impulsado por la Diputaci\u00f3n de Badajoz. \u00bfQu\u00e9 opini\u00f3n te merece que la literatura pueda convertirse en un recurso, que adem\u00e1s de nutrir el alma y el sentimiento de la gente, contribuya al desarrollo de los territorios, m\u00e1s en \u00e1mbitos rurales extreme\u00f1os?<\/strong><\/p>\n<p>Me parece genial. <strong>Una propuesta extraordinaria<\/strong>. Cuando visitamos Praga, por poner un ejemplo, tenemos siempre presente a <strong>Rilke<\/strong>, o a <strong>Kafka<\/strong>. Si vamos a Portugal, a <strong>Saramago, Pessoa<\/strong>, a tantos\u2026La luz de los pueblos es sobre todo la Cultura. La Poes\u00eda. El Arte en todas sus facetas\u2026Me alegro much\u00edsimo de que se haya elegido a <strong><a href=\"https:\/\/www.aeex.es\/otras-actividades\/homenaje-a-santiago-castelo\/\">Santiago Castelo<\/a><\/strong> para ese nuevo producto tur\u00edstico, \u00e9l cant\u00f3 vivamente, hondamente, su paisaje. <strong>Su pueblo puede estar orgulloso de tener un poeta como \u00e9l<\/strong>. Es merecedor, con todos los honores, de que siempre se le recuerde por lo mucho que aporta, y de formar parte para siempre de esta tierra tan nuestra.<\/p>\n<p>Finalizada la entrevista solicitamos a Efi un poema dirigido a los lectores de \u201cCatalana con jam\u00f3n\u201d. Entre varios de los que nos ofrece, aleccionamos el que reproducimos a continuaci\u00f3n.<\/p>\n<p><strong>BATALLAS<\/strong><\/p>\n<p>Cuando uno es ni\u00f1o y libra cien batallas<\/p>\n<p>ni sabe ni imagina que ese juego incruento<\/p>\n<p>no ha tenido en la historia de los hombres<\/p>\n<p>nada que sea apacible.<\/p>\n<p>Cuando uno es ni\u00f1o escribe con los ojos.<\/p>\n<p>Frente a los goterones que empapan las encinas<\/p>\n<p>recoge con las manos su ensimismada luz,<\/p>\n<p>calibra como ahora las s\u00edlabas de lluvia<\/p>\n<p>y las deja que caigan lentamente<\/p>\n<p>formando los regueros sobre el tiempo<\/p>\n<p>como en la tierra blanda de los brotes<\/p>\n<p>sobre la paz de algunos nombres idos.<\/p>\n<p>(De, <a href=\"https:\/\/delalunalibros.es\/punto-de-apoyo-de-efi-cubero\"><em>PUNTO DE APOYO<\/em><\/a>, Luna de Poniente, 2014)<\/p>\n<!-- AddThis Advanced Settings generic via filter on the_content --><!-- AddThis Share Buttons generic via filter on the_content -->","protected":false},"excerpt":{"rendered":"<p>Poeta, ensayista, artista experimental, Efi Cubero, natural de Granja de Torrehermosa, ha regresado a su tierra despu\u00e9s de casi toda una vida residiendo en Catalu\u00f1a. Una voz po\u00e9tica sin imposturas.<!-- AddThis Advanced Settings generic via filter on get_the_excerpt --><!-- AddThis Share Buttons generic via filter on get_the_excerpt --><\/p>\n","protected":false},"author":51,"featured_media":0,"comment_status":"open","ping_status":"closed","sticky":false,"template":"","format":"standard","meta":[],"categories":[2],"tags":[572,565,564,568,168,561,203,570,562,567,563,571,569,566],"_links":{"self":[{"href":"https:\/\/blogs.hoy.es\/catalanaconjamon\/wp-json\/wp\/v2\/posts\/266"}],"collection":[{"href":"https:\/\/blogs.hoy.es\/catalanaconjamon\/wp-json\/wp\/v2\/posts"}],"about":[{"href":"https:\/\/blogs.hoy.es\/catalanaconjamon\/wp-json\/wp\/v2\/types\/post"}],"author":[{"embeddable":true,"href":"https:\/\/blogs.hoy.es\/catalanaconjamon\/wp-json\/wp\/v2\/users\/51"}],"replies":[{"embeddable":true,"href":"https:\/\/blogs.hoy.es\/catalanaconjamon\/wp-json\/wp\/v2\/comments?post=266"}],"version-history":[{"count":9,"href":"https:\/\/blogs.hoy.es\/catalanaconjamon\/wp-json\/wp\/v2\/posts\/266\/revisions"}],"predecessor-version":[{"id":280,"href":"https:\/\/blogs.hoy.es\/catalanaconjamon\/wp-json\/wp\/v2\/posts\/266\/revisions\/280"}],"wp:attachment":[{"href":"https:\/\/blogs.hoy.es\/catalanaconjamon\/wp-json\/wp\/v2\/media?parent=266"}],"wp:term":[{"taxonomy":"category","embeddable":true,"href":"https:\/\/blogs.hoy.es\/catalanaconjamon\/wp-json\/wp\/v2\/categories?post=266"},{"taxonomy":"post_tag","embeddable":true,"href":"https:\/\/blogs.hoy.es\/catalanaconjamon\/wp-json\/wp\/v2\/tags?post=266"}],"curies":[{"name":"wp","href":"https:\/\/api.w.org\/{rel}","templated":true}]}}