{"id":285,"date":"2018-06-10T23:41:42","date_gmt":"2018-06-10T21:41:42","guid":{"rendered":"http:\/\/blogs.hoy.es\/catalanaconjamon\/?p=285"},"modified":"2018-06-10T23:41:42","modified_gmt":"2018-06-10T21:41:42","slug":"la-anoranza-de-los-sabores-y-olores-de-extremadura","status":"publish","type":"post","link":"https:\/\/blogs.hoy.es\/catalanaconjamon\/2018\/06\/10\/la-anoranza-de-los-sabores-y-olores-de-extremadura\/","title":{"rendered":"LA A\u00d1ORANZA DE LOS SABORES y OLORES DE EXTREMADURA"},"content":{"rendered":"<p>Una de las cosas que m\u00e1s nos conecta emocionalmente con nuestra infancia, con nuestra tierra, son los sabores y los olores. Eso explica el \u00e9xito que en cualquier lugar tienen las muestras gastron\u00f3micas, m\u00e1xime si nos permiten renovar la comuni\u00f3n con nuestro lugar de nacimiento. Esto es lo que ocurre con las <strong>Jornadas Extreme\u00f1as en Catalunya<\/strong>, celebradas el primer fin de semana de junio en el Parc Nou de la localidad barcelonesa de El Prat de Llobregat, a las que este a\u00f1o he tenido la oportunidad de poder asistir.<\/p>\n<p><a href=\"https:\/\/static-blogs.hoy.es\/wp-content\/uploads\/sites\/49\/2018\/06\/IMG_7732.jpg\"><img loading=\"lazy\" class=\"alignright wp-image-288 size-medium\" src=\"https:\/\/static-blogs.hoy.es\/wp-content\/uploads\/sites\/49\/2018\/06\/IMG_7732-300x225.jpg\" width=\"300\" height=\"225\" srcset=\"https:\/\/static-blogs.hoy.es\/wp-content\/uploads\/sites\/49\/2018\/06\/IMG_7732-300x225.jpg 300w, https:\/\/static-blogs.hoy.es\/wp-content\/uploads\/sites\/49\/2018\/06\/IMG_7732-768x576.jpg 768w, https:\/\/static-blogs.hoy.es\/wp-content\/uploads\/sites\/49\/2018\/06\/IMG_7732-1024x768.jpg 1024w, https:\/\/static-blogs.hoy.es\/wp-content\/uploads\/sites\/49\/2018\/06\/IMG_7732.jpg 1632w\" sizes=\"(max-width: 300px) 100vw, 300px\" \/><\/a><\/p>\n<p>Dentro del amplio programa de actividades preparadas por la <strong><a href=\"https:\/\/www.facebook.com\/FEDERACION-DE-ASOCIACIONES-EXTREME%C3%91AS-EN-CATALUNYA-126174120813178\/\">Federaci\u00f3n de Asociaciones Extreme\u00f1as en Catalunya (FAEC)<\/a><\/strong>, se inclu\u00eda una muestra de productos gastron\u00f3micos extreme\u00f1os, instalada en una carpa en el propio Parc Nou, junto al escenario en el que se desarrollaron las actuaciones musicales y el concurso de caldereta. En el interior de la misma destacaban dos puestos de venta de productos y un tercero de venta de dulces tradicionales extreme\u00f1os, elaborados estos \u00faltimos por socias del <a href=\"https:\/\/www.facebook.com\/cexrutadelaplata\/\"><strong>Centro Extreme\u00f1o Ruta de la Plata<\/strong><\/a>, de El Prat de Llobregat. Nos acercamos para ver las elaboraciones preparadas por <strong>Martina Romero <\/strong>(natural de Mata de Alc\u00e1ntara), <strong>Encarna S\u00e1nchez, Esperanza Maldonado <\/strong>y <strong>Avelina Barroso <\/strong>(La Garrovilla), <strong>Soledad N\u00fa\u00f1ez <\/strong>(Montemol\u00edn) y <strong>Mar\u00eda Jes\u00fas Maro\u00f1o <\/strong>(Serrej\u00f3n). Seg\u00fan nos explican, algunas de las cantidades que han empleado en producir los dulces que exponen son 12 kilos de miel, un centenar de litros de aceite, otro centenar de kilos de harina, innumerables docenas de huevos (solo para las floretas, m\u00e1s de 60 docenas)\u2026 El resultado, un amplio surtido formado por las ya citadas floretas, retorcios, mantecados, rosquillas fritas, perrunillas, coquihuelos\u2026 con los que saciar el paladar de los m\u00e1s golosos. Preguntadas por si hab\u00eda alguna preferencia entre los compradores, la respuesta es que ninguna, que todo se vend\u00eda, tanto a extreme\u00f1os, como a los muchos catalanes que tambi\u00e9n se dejaban caer por el Parc Nou de El Prat de Llobregat.<\/p>\n<p><strong>Las chacinas, las reinas gastron\u00f3micas<\/strong><\/p>\n\n\t\t<style type=\"text\/css\">\n\t\t\t#gallery-1 {\n\t\t\t\tmargin: auto;\n\t\t\t}\n\t\t\t#gallery-1 .gallery-item {\n\t\t\t\tfloat: left;\n\t\t\t\tmargin-top: 10px;\n\t\t\t\ttext-align: center;\n\t\t\t\twidth: 50%;\n\t\t\t}\n\t\t\t#gallery-1 img {\n\t\t\t\tborder: 2px solid #cfcfcf;\n\t\t\t}\n\t\t\t#gallery-1 .gallery-caption {\n\t\t\t\tmargin-left: 0;\n\t\t\t}\n\t\t\t\/* see gallery_shortcode() in wp-includes\/media.php *\/\n\t\t<\/style>\n\t\t<div id='gallery-1' class='gallery galleryid-285 gallery-columns-2 gallery-size-medium'><dl class='gallery-item'>\n\t\t\t<dt class='gallery-icon landscape'>\n\t\t\t\t<a href='https:\/\/blogs.hoy.es\/catalanaconjamon\/2018\/06\/10\/la-anoranza-de-los-sabores-y-olores-de-extremadura\/img_7734\/'><img width=\"300\" height=\"225\" src=\"https:\/\/static-blogs.hoy.es\/wp-content\/uploads\/sites\/49\/2018\/06\/IMG_7734-300x225.jpg\" class=\"attachment-medium size-medium\" alt=\"\" loading=\"lazy\" aria-describedby=\"gallery-1-290\" srcset=\"https:\/\/static-blogs.hoy.es\/wp-content\/uploads\/sites\/49\/2018\/06\/IMG_7734-300x225.jpg 300w, https:\/\/static-blogs.hoy.es\/wp-content\/uploads\/sites\/49\/2018\/06\/IMG_7734-768x576.jpg 768w, https:\/\/static-blogs.hoy.es\/wp-content\/uploads\/sites\/49\/2018\/06\/IMG_7734-1024x768.jpg 1024w, https:\/\/static-blogs.hoy.es\/wp-content\/uploads\/sites\/49\/2018\/06\/IMG_7734.jpg 1632w\" sizes=\"(max-width: 300px) 100vw, 300px\" \/><\/a>\n\t\t\t<\/dt>\n\t\t\t\t<dd class='wp-caption-text gallery-caption' id='gallery-1-290'>\n\t\t\t\tIb\u00e9ricos Extreme\u00f1os de Castuera\n\t\t\t\t<\/dd><\/dl><dl class='gallery-item'>\n\t\t\t<dt class='gallery-icon landscape'>\n\t\t\t\t<a href='https:\/\/blogs.hoy.es\/catalanaconjamon\/2018\/06\/10\/la-anoranza-de-los-sabores-y-olores-de-extremadura\/img_7736\/'><img width=\"300\" height=\"225\" src=\"https:\/\/static-blogs.hoy.es\/wp-content\/uploads\/sites\/49\/2018\/06\/IMG_7736-300x225.jpg\" class=\"attachment-medium size-medium\" alt=\"\" loading=\"lazy\" aria-describedby=\"gallery-1-291\" srcset=\"https:\/\/static-blogs.hoy.es\/wp-content\/uploads\/sites\/49\/2018\/06\/IMG_7736-300x225.jpg 300w, https:\/\/static-blogs.hoy.es\/wp-content\/uploads\/sites\/49\/2018\/06\/IMG_7736-768x576.jpg 768w, https:\/\/static-blogs.hoy.es\/wp-content\/uploads\/sites\/49\/2018\/06\/IMG_7736-1024x768.jpg 1024w, https:\/\/static-blogs.hoy.es\/wp-content\/uploads\/sites\/49\/2018\/06\/IMG_7736.jpg 1632w\" sizes=\"(max-width: 300px) 100vw, 300px\" \/><\/a>\n\t\t\t<\/dt>\n\t\t\t\t<dd class='wp-caption-text gallery-caption' id='gallery-1-291'>\n\t\t\t\tEmbutidos El Encinar de Ceclav\u00edn\n\t\t\t\t<\/dd><\/dl><br style=\"clear: both\" \/>\n\t\t<\/div>\n\n<p><strong>Juan Tena<\/strong>, de <a href=\"https:\/\/www.facebook.com\/Productos-Ibericos-Extreme%C3%B1os-1527425440863541\/\">Ib\u00e9ricos Extreme\u00f1os<\/a>, lleva m\u00e1s de 15 a\u00f1os desplaz\u00e1ndose desde Castuera, donde tiene su establecimiento, hasta Catalu\u00f1a, con motivo de las Jornadas Extreme\u00f1as. En la carpa tiene instalada una amplia parada de productos, entre los que podemos distinguir garbanzos de Valencia del Ventoso, quesos de La Serena, miel de Fuenlabrada de los Montes, aceites de Castuera, caldillo ib\u00e9rico\u2026 Sin embargo, por lo que nos explica Juan, las reinas gastron\u00f3micas de esta muestra son las chacinas. El domingo estaba prevista la llegada de entre 40 y 50 autobuses fletados por los 20 hogares extreme\u00f1os distribuidos por diversos puntos de Catalu\u00f1a. Para este numeroso p\u00fablico, las chacinas son los productos m\u00e1s deseados. As\u00ed la oferta de Juan abarca desde los jamones y paletas ib\u00e9ricas, hasta la panceta ib\u00e9rica de bellota, pasando por la patatera, morcones, chorizos de diversos tipos, lomitos, cabeceros, etc. No faltan por supuesto las ofertas como la que se\u00f1ala, por el precio de 20 euros, un lote compuesto por una morcilla ib\u00e9rica extreme\u00f1a, un chorizo ib\u00e9rico, un salchich\u00f3n ib\u00e9rico, un lomito ib\u00e9rico, un queso extreme\u00f1o y un vino extreme\u00f1o.<\/p>\n<p>Frente a ellos, con menor amplitud, pero no por ello con menor atractivo para los amantes de la calidad, la parada de la f\u00e1brica de embutidos <a href=\"http:\/\/elencinarceclavin.com\/\">El Encinar<\/a>, de la localidad cacere\u00f1a de Ceclav\u00edn. Atendiendo la misma <strong>Soraya<\/strong> y <strong>\u00c1ngel<\/strong>, que tambi\u00e9n han venido expresamente para las jornadas. Una empresa familiar que tambi\u00e9n es veterana en estas lides, pues ya son unos diez a\u00f1os los que acuden para darse cita con los extreme\u00f1os que viven en Catalu\u00f1a. Aparte de dulces y bizcochos, su oferta incluye casi todo tipo de embutidos, mieles de la Sierra de Gata, quesos\u2026 El producto estrella: el lomo ib\u00e9rico. Seg\u00fan nos explican es lo que m\u00e1s demandan los visitantes. Como explican unos y otros, la experiencia funciona. Unos a\u00f1os mejor, otros peor, dependiendo bastante de la climatolog\u00eda, pero les compensa hacer el viaje para traer a los extreme\u00f1os residentes en Catalu\u00f1a los sabores y olores de su tierra.<\/p>\n<!-- AddThis Advanced Settings generic via filter on the_content --><!-- AddThis Share Buttons generic via filter on the_content -->","protected":false},"excerpt":{"rendered":"<p>Una de las cosas que m\u00e1s nos conecta emocionalmente con nuestra infancia, con nuestra tierra, son los sabores y los olores. Eso explica el \u00e9xito que en cualquier lugar tienen las muestras gastron\u00f3micas, m\u00e1xime si nos permiten renovar la comuni\u00f3n con nuestro lugar de nacimiento. Esto es lo que ocurre con las Jornadas Extreme\u00f1as en [&hellip;]<!-- AddThis Advanced Settings generic via filter on get_the_excerpt --><!-- AddThis Share Buttons generic via filter on get_the_excerpt --><\/p>\n","protected":false},"author":51,"featured_media":286,"comment_status":"open","ping_status":"closed","sticky":false,"template":"","format":"standard","meta":[],"categories":[5,9],"tags":[576,577,129,582,183,574,206,573,583,575,581,585,579,580,578,458,584],"_links":{"self":[{"href":"https:\/\/blogs.hoy.es\/catalanaconjamon\/wp-json\/wp\/v2\/posts\/285"}],"collection":[{"href":"https:\/\/blogs.hoy.es\/catalanaconjamon\/wp-json\/wp\/v2\/posts"}],"about":[{"href":"https:\/\/blogs.hoy.es\/catalanaconjamon\/wp-json\/wp\/v2\/types\/post"}],"author":[{"embeddable":true,"href":"https:\/\/blogs.hoy.es\/catalanaconjamon\/wp-json\/wp\/v2\/users\/51"}],"replies":[{"embeddable":true,"href":"https:\/\/blogs.hoy.es\/catalanaconjamon\/wp-json\/wp\/v2\/comments?post=285"}],"version-history":[{"count":8,"href":"https:\/\/blogs.hoy.es\/catalanaconjamon\/wp-json\/wp\/v2\/posts\/285\/revisions"}],"predecessor-version":[{"id":297,"href":"https:\/\/blogs.hoy.es\/catalanaconjamon\/wp-json\/wp\/v2\/posts\/285\/revisions\/297"}],"wp:featuredmedia":[{"embeddable":true,"href":"https:\/\/blogs.hoy.es\/catalanaconjamon\/wp-json\/wp\/v2\/media\/286"}],"wp:attachment":[{"href":"https:\/\/blogs.hoy.es\/catalanaconjamon\/wp-json\/wp\/v2\/media?parent=285"}],"wp:term":[{"taxonomy":"category","embeddable":true,"href":"https:\/\/blogs.hoy.es\/catalanaconjamon\/wp-json\/wp\/v2\/categories?post=285"},{"taxonomy":"post_tag","embeddable":true,"href":"https:\/\/blogs.hoy.es\/catalanaconjamon\/wp-json\/wp\/v2\/tags?post=285"}],"curies":[{"name":"wp","href":"https:\/\/api.w.org\/{rel}","templated":true}]}}