{"id":298,"date":"2018-06-18T08:58:11","date_gmt":"2018-06-18T06:58:11","guid":{"rendered":"http:\/\/blogs.hoy.es\/catalanaconjamon\/?p=298"},"modified":"2018-06-18T08:58:11","modified_gmt":"2018-06-18T06:58:11","slug":"montse-rigall-descubrir-extremadura-a-vista-de-mobile-journalism","status":"publish","type":"post","link":"https:\/\/blogs.hoy.es\/catalanaconjamon\/2018\/06\/18\/montse-rigall-descubrir-extremadura-a-vista-de-mobile-journalism\/","title":{"rendered":"MONTSE RIGALL: DESCUBRIR EXTREMADURA A VISTA DE \u201cMOBILE JOURNALISM\u201d"},"content":{"rendered":"<p>Periodista vocacional, amante de las historias humanas y fan del <em>Mobile Journalism<\/em> (MoJo), <a href=\"https:\/\/www.facebook.com\/mrigall\"><strong>Montse Rigall <\/strong><\/a>trabaja en la Corporaci\u00f3n de Radio y Televisi\u00f3n Espa\u00f1ola (RTVE), donde dirige un programa de fiestas populares llamado <em>Dfiesta<\/em> en La 2 de TVE. La hemos visto en los telediarios haciendo directos y noticias y ha sido responsable de la secci\u00f3n de Econom\u00eda y de Pol\u00edtica en los Informativos de Catalunya. Tambi\u00e9n ha sido subdirectora de <em>El Debate de la 1<\/em>, en Catalunya, y ha sido reportera durante 8 a\u00f1os. Actualmente tambi\u00e9n es formadora de #mojo a periodistas o personas relacionadas con la comunicaci\u00f3n. Ha estado en Jerez de los Caballeros, en un viaje de prensa organizado con motivo del <a href=\"http:\/\/www.salondeljamoniberico.com\/\">Sal\u00f3n del Jam\u00f3n Ib\u00e9rico<\/a>. Se convirti\u00f3 en una de las animadoras del mismo, por su simpat\u00eda, buen humor y constante b\u00fasqueda del <em>plano <\/em>que le faltaba para montar su reportaje.<\/p>\n<div id=\"attachment_302\" style=\"width: 209px\" class=\"wp-caption alignleft\"><a href=\"https:\/\/static-blogs.hoy.es\/wp-content\/uploads\/sites\/49\/2018\/06\/Montse-Rigall.jpg\"><img aria-describedby=\"caption-attachment-302\" loading=\"lazy\" class=\"size-medium wp-image-302\" src=\"https:\/\/static-blogs.hoy.es\/wp-content\/uploads\/sites\/49\/2018\/06\/Montse-Rigall-199x300.jpg\" alt=\"Captando los aromas de un jam\u00f3n ib\u00e9rico de bellota\" width=\"199\" height=\"300\" srcset=\"https:\/\/static-blogs.hoy.es\/wp-content\/uploads\/sites\/49\/2018\/06\/Montse-Rigall-199x300.jpg 199w, https:\/\/static-blogs.hoy.es\/wp-content\/uploads\/sites\/49\/2018\/06\/Montse-Rigall-768x1155.jpg 768w, https:\/\/static-blogs.hoy.es\/wp-content\/uploads\/sites\/49\/2018\/06\/Montse-Rigall-681x1024.jpg 681w, https:\/\/static-blogs.hoy.es\/wp-content\/uploads\/sites\/49\/2018\/06\/Montse-Rigall.jpg 921w\" sizes=\"(max-width: 199px) 100vw, 199px\" \/><\/a><p id=\"caption-attachment-302\" class=\"wp-caption-text\">Captando los aromas de un jam\u00f3n ib\u00e9rico de bellota<\/p><\/div>\n<p><strong>&#8211; Montse, has visitado Extremadura por primera vez con motivo de un viaje de prensa a Jerez de los Caballeros. \u00bfCu\u00e1l ha sido la impresi\u00f3n que has sacado de esta primera estancia? <\/strong>&#8211; Esta es la primera vez que he visitado Extremadura y la impresi\u00f3n que me he llevado es que se trata de una tierra con encanto. Desde mi punto de vista, tiene un gran potencial tur\u00edstico todav\u00eda pendiente de explotar.<\/p>\n<p><strong>&#8211; \u00bfAlgo que te haya llamado especialmente la atenci\u00f3n? <\/strong>&#8211; Me ha llamado la atenci\u00f3n que un pueblo como <a href=\"https:\/\/jerezcaballeros.es\/\">Jerez de los Caballeros<\/a>, con 10.000 habitantes, tenga 10 iglesias y ermitas y en cada una de ellas se celebre misa asiduamente.<\/p>\n<p><strong>\u00a0PEDAGOG\u00cdA JAMONERA<\/strong><\/p>\n<p><strong>\u00a0&#8211; La visita ten\u00eda una motivaci\u00f3n fundamentalmente gastron\u00f3mica, con el cerdo y el jam\u00f3n Ib\u00e9rico como grandes protagonistas. \u00bfQu\u00e9 has descubierto de este producto que realmente te haya sorprendido? <\/strong>&#8211; Es sorprendente para m\u00ed evidenciar la calidad y la extensi\u00f3n del terreno que tiene cada cerdo. Sobre el producto, creo que hay que hacer m\u00e1s pedagog\u00eda al consumidor, ya que mucha gente desconoce la distinci\u00f3n entre jam\u00f3n de bellota, jam\u00f3n de cebo de campo y jam\u00f3n de cebo; as\u00ed como entre los diferentes grados de pureza de la raza, 100%, 75% o 50% ib\u00e9rica, que se reconocen con sus respectivas etiquetas: negra, roja y verde.<\/p>\n<p><strong>&#8211; Supongo que ahora ser\u00e1 m\u00e1s dif\u00edcil que te cuelen un mal jam\u00f3n \u00bfno? <\/strong>&#8211; Exacto. A partir de ahora ya me fijo sobretodo en el color del precinto y la etiqueta que lleva para evitar que me cuelen un gol.<\/p>\n<p><strong>\u00bfPERIODISMO CON UN M\u00d3VIL? <\/strong><\/p>\n<div id=\"attachment_303\" style=\"width: 1034px\" class=\"wp-caption aligncenter\"><a href=\"https:\/\/static-blogs.hoy.es\/wp-content\/uploads\/sites\/49\/2018\/06\/IMG_1284.jpg\"><img aria-describedby=\"caption-attachment-303\" loading=\"lazy\" class=\"wp-image-303 size-large\" src=\"https:\/\/static-blogs.hoy.es\/wp-content\/uploads\/sites\/49\/2018\/06\/IMG_1284-1024x647.jpg\" width=\"1024\" height=\"647\" srcset=\"https:\/\/static-blogs.hoy.es\/wp-content\/uploads\/sites\/49\/2018\/06\/IMG_1284-1024x647.jpg 1024w, https:\/\/static-blogs.hoy.es\/wp-content\/uploads\/sites\/49\/2018\/06\/IMG_1284-300x190.jpg 300w, https:\/\/static-blogs.hoy.es\/wp-content\/uploads\/sites\/49\/2018\/06\/IMG_1284-768x485.jpg 768w, https:\/\/static-blogs.hoy.es\/wp-content\/uploads\/sites\/49\/2018\/06\/IMG_1284.jpg 1631w\" sizes=\"(max-width: 1024px) 100vw, 1024px\" \/><\/a><p id=\"caption-attachment-303\" class=\"wp-caption-text\">Buscando el plano ideal<\/p><\/div>\n<p><strong>&#8211; Tu presencia vino tambi\u00e9n de la mano de un nuevo proyecto informativo en el que participas: MOJO (<em>Mobile Journalism<\/em>), del que forma parte el <a href=\"http:\/\/oi2media.es\/\">Observatorio para la Innovaci\u00f3n de los Informativos en la Sociedad Digital (OI2).<\/a> \u00bfEn qu\u00e9 consiste?, \u00bfcu\u00e1l dir\u00edas que es su principal virtud? <\/strong>&#8211; Mojo es el acr\u00f3nimo de <em>Mobile Journalism<\/em>, Periodismo con el M\u00f3vil. Desde mi punto de vista, se trata de un cambio de modelo en el mundo de la comunicaci\u00f3n y del periodismo. Los m\u00f3viles han evolucionado de tal forma que la calidad es comparable a la <em>broadcast<\/em>. As\u00ed pues, es absurdo no sacarle provecho. Hoy en d\u00eda todos los ciudadanos\/as podemos ser periodistas en un momento dado, porque nunca sabemos lo que nos encontramos en nuestro d\u00eda a d\u00eda. Lo que s\u00ed que es seguro es que llevamos un aparato en el bolsillo, que nos puede ayudar a denunciar, contar la realidad o crear una buena historia. El m\u00f3vil, con el que hemos grabado imagen de calidad, nos permite, en cuesti\u00f3n de minutos, editar y lanzar contenidos a las redes, al medio de comunicaci\u00f3n, a la empresa pertinente. Saber usar una herramienta t\u00e9cnicamente buena es, para m\u00ed, una necesidad. Y ya no s\u00f3lo para periodistas, cada vez hay m\u00e1s interesados en aprender a hacer #mojo para sus propios intereses. Somos imagen y saber usarla es imprescindible en las redes sociales: <a href=\"https:\/\/drive.google.com\/file\/d\/0B4FximLzbaVlemJWOWIzMFg4UDg\/view?usp=sharing\">https:\/\/drive.google.com\/file\/d\/0B4FximLzbaVlemJWOWIzMFg4UDg\/view?usp=sharing<\/a><\/p>\n<p><strong>&#8211; En unos tiempos en los que se habla m\u00e1s que nunca de la precariedad en la profesi\u00f3n period\u00edstica \u00bfno temes que esta iniciativa se vea como una forma de reducir a\u00fan m\u00e1s el empleo en los medios de comunicaci\u00f3n? <\/strong>&#8211; La precariedad period\u00edstica no viene s\u00f3lo de la reducci\u00f3n de empleo, sino de la mala remuneraci\u00f3n de \u00e9ste. De ninguna manera creo que el #mojo venga a sustituir nada. De momento solo viene a complementar lo que existe. Cuando nos formamos para aprender a editar desde nuestros ordenadores, se vivi\u00f3 algo parecido, se habl\u00f3 de la desaparici\u00f3n de los montadores de v\u00eddeo y no ha sido as\u00ed. Muchos de ellos se han especializado y seguimos necesit\u00e1ndolos para montajes con calidad, porque son unos grandes profesionales que hilvanan mucho mejor el discurso period\u00edstico con la imagen. Para informaciones diarias en los informativos donde prima la rapidez, es necesario ser aut\u00f3nomos. \u00bfPor qu\u00e9 cualquier ciudadano puede enviar im\u00e1genes a la redacci\u00f3n y las emitimos, aunque sean de mala calidad? \u00bfEntonces, por qu\u00e9 un trabajador de TVE no puede aprender a saber usar el m\u00f3vil con unos m\u00ednimos criterios profesionales? La necesidad de la inmediatez de las redes sociales nos obliga a ser m\u00e1s \u00e1giles en la informaci\u00f3n y no hacerlo nos arrincona, a\u00fan m\u00e1s, como medio p\u00fablico.<br \/>\n<strong>&#8211; Trabajas en TVE, en el centro de Sant Cugat. Tiempos dif\u00edciles, tanto por el medio, como por el lugar. \u00bfC\u00f3mo lo est\u00e1s viviendo? Lo digo tanto por el deterioro que est\u00e1 sufriendo la televisi\u00f3n p\u00fablica, como por el hecho de estar trabajando en Catalu\u00f1a con las especiales circunstancias que se est\u00e1n produciendo hoy en d\u00eda. <\/strong>&#8211; Estoy muy orgullosa de trabajar en un medio p\u00fablico como TVE en Catalunya pero, efectivamente, no vivimos nuestros mejores momentos. Cada viernes nos vestimos de negro para pedir una televisi\u00f3n p\u00fablica de calidad. Gobierne quien gobierne, esta televisi\u00f3n es del ciudadano y tenemos una responsabilidad en nuestro trabajo. S\u00f3lo pido poder hacer periodismo de verdad.<\/p>\n<p><strong>&#8211; Para acabar, \u00bfha cambiado en algo la imagen que ten\u00edas de Extremadura?, \u00bfen qu\u00e9?, \u00bfqu\u00e9 te gustar\u00eda conocer? <\/strong>&#8211; Me ha encantado la visita a Jerez de los Caballeros, pero necesito ver m\u00e1s, conocer otros rincones de Extremadura. Este a\u00f1o hemos venido a C\u00e1ceres para hacer un reportaje sobre la fiesta de San Jorge y para el pr\u00f3ximo a\u00f1o, nos gustar\u00eda venir a rodar la fiesta de los templarios. Me he quedado con las ganas de volver y volver\u00e9.<\/p>\n<!-- AddThis Advanced Settings generic via filter on the_content --><!-- AddThis Share Buttons generic via filter on the_content -->","protected":false},"excerpt":{"rendered":"<p>Periodista vocacional, amante de las historias humanas y fan del Mobile Journalism (MoJo), Montse Rigall trabaja en la Corporaci\u00f3n de Radio y Televisi\u00f3n Espa\u00f1ola (RTVE), donde dirige un programa de fiestas populares llamado Dfiesta en La 2 de TVE. La hemos visto en los telediarios haciendo directos y noticias y ha sido responsable de la [&hellip;]<!-- AddThis Advanced Settings generic via filter on get_the_excerpt --><!-- AddThis Share Buttons generic via filter on get_the_excerpt --><\/p>\n","protected":false},"author":51,"featured_media":301,"comment_status":"open","ping_status":"closed","sticky":false,"template":"","format":"standard","meta":[],"categories":[7],"tags":[540,587,586,591,589,588,590],"_links":{"self":[{"href":"https:\/\/blogs.hoy.es\/catalanaconjamon\/wp-json\/wp\/v2\/posts\/298"}],"collection":[{"href":"https:\/\/blogs.hoy.es\/catalanaconjamon\/wp-json\/wp\/v2\/posts"}],"about":[{"href":"https:\/\/blogs.hoy.es\/catalanaconjamon\/wp-json\/wp\/v2\/types\/post"}],"author":[{"embeddable":true,"href":"https:\/\/blogs.hoy.es\/catalanaconjamon\/wp-json\/wp\/v2\/users\/51"}],"replies":[{"embeddable":true,"href":"https:\/\/blogs.hoy.es\/catalanaconjamon\/wp-json\/wp\/v2\/comments?post=298"}],"version-history":[{"count":6,"href":"https:\/\/blogs.hoy.es\/catalanaconjamon\/wp-json\/wp\/v2\/posts\/298\/revisions"}],"predecessor-version":[{"id":307,"href":"https:\/\/blogs.hoy.es\/catalanaconjamon\/wp-json\/wp\/v2\/posts\/298\/revisions\/307"}],"wp:featuredmedia":[{"embeddable":true,"href":"https:\/\/blogs.hoy.es\/catalanaconjamon\/wp-json\/wp\/v2\/media\/301"}],"wp:attachment":[{"href":"https:\/\/blogs.hoy.es\/catalanaconjamon\/wp-json\/wp\/v2\/media?parent=298"}],"wp:term":[{"taxonomy":"category","embeddable":true,"href":"https:\/\/blogs.hoy.es\/catalanaconjamon\/wp-json\/wp\/v2\/categories?post=298"},{"taxonomy":"post_tag","embeddable":true,"href":"https:\/\/blogs.hoy.es\/catalanaconjamon\/wp-json\/wp\/v2\/tags?post=298"}],"curies":[{"name":"wp","href":"https:\/\/api.w.org\/{rel}","templated":true}]}}