{"id":36,"date":"2012-07-12T16:04:39","date_gmt":"2012-07-12T16:04:39","guid":{"rendered":"http:\/\/blogs.hoy.es\/catalanaconjamon\/?p=36"},"modified":"2012-07-12T16:04:39","modified_gmt":"2012-07-12T16:04:39","slug":"la-balada-de-j-k-novela-de-carretera-ambientada-entre-barcelona-extremadura-y-el-alentejo","status":"publish","type":"post","link":"https:\/\/blogs.hoy.es\/catalanaconjamon\/2012\/07\/12\/la-balada-de-j-k-novela-de-carretera-ambientada-entre-barcelona-extremadura-y-el-alentejo\/","title":{"rendered":"La balada de J.K., novela de carretera ambientada entre Barcelona, Extremadura y el Alentejo"},"content":{"rendered":"<p><strong>Joan, un joven ba<a href=\"\/catalanaconjamon\/wp-content\/uploads\/sites\/49\/2012\/07\/Balada-de-J.K.1.jpg\"><img loading=\"lazy\" class=\"alignleft  wp-image-39\" title=\"Balada de J.K.\" src=\"\/catalanaconjamon\/wp-content\/uploads\/sites\/49\/2012\/07\/Balada-de-J.K.1.jpg\" alt=\"\" width=\"313\" height=\"313\" srcset=\"https:\/\/static-blogs.hoy.es\/wp-content\/uploads\/sites\/49\/2012\/07\/Balada-de-J.K.1.jpg 400w, https:\/\/static-blogs.hoy.es\/wp-content\/uploads\/sites\/49\/2012\/07\/Balada-de-J.K.1-150x150.jpg 150w, https:\/\/static-blogs.hoy.es\/wp-content\/uploads\/sites\/49\/2012\/07\/Balada-de-J.K.1-300x300.jpg 300w\" sizes=\"(max-width: 313px) 100vw, 313px\" \/><\/a>rcelon\u00e9s de 19 a\u00f1os<\/strong>, estudiante de Humanidades, ve como un hecho inesperado, el fallecimiento de su madre en un accidente de circulaci\u00f3n, le cambia completamente su vida.\u00a0 A partir de ah\u00ed, iniciar\u00e1 un <strong>largo viaje hacia Extremadura y Portugal<\/strong>, al encuentro de su propia historia, de su personalidad y de su futuro. Un camino de descubrimiento que discurre por las <strong>calles y plazas de Badajoz, Olivenza, y diversas localidades del vecino Alentejo portugu\u00e9s<\/strong>.<\/p>\n<p>Este es el argumento central de <span style=\"text-decoration: underline;\"><em><a href=\"http:\/\/www.laie.es\/libro\/la-balada-de-j-k-\/77530\/978-84-7596-837-7\" target=\"_blank\">La Balada de J.K<\/a>.<\/em><\/span>, la novela de carretera con la que el escritor y periodista <a title=\"Rafael Vallbona\" href=\"http:\/\/es.wikipedia.org\/wiki\/Rafael_Vallbona\">Rafael Vallbona<\/a> gan\u00f3, en 2001, el<strong> Premio Ram\u00f3n Muntaner<\/strong> de literatura juvenil.<\/p>\n<p>Se trata de una obra que se encuadra en el g\u00e9nero de lo que denominamos <strong><em>novelas de carretera<\/em><\/strong>, del que su m\u00e1ximo exponente es <strong><em>En el camino<\/em><\/strong>, de <a href=\"http:\/\/es.wikipedia.org\/wiki\/Jack_Kerouac\" target=\"_blank\"><strong>Jack Kerouac<\/strong><\/a>. De hecho el t\u00edtulo del libro de Rafael Vallbona es un homenaje al autor emblem\u00e1tico de la<strong> generaci\u00f3n <em>beat <\/em><\/strong>estadounidense, adem\u00e1s de ser el que lleva el protagonista al comenzar su propio camino.<\/p>\n<p>Publicado en catal\u00e1n por la editorial barcelonesa <a href=\"http:\/\/www.editorialempuries.cat\/www\/empuries\/ca\" target=\"_blank\">Emp\u00faries<\/a>, dentro de su colecci\u00f3n L\u2019odissea, <span style=\"text-decoration: underline;\"><em>La balada de J.K. <\/em><\/span>refleja con buen pulso narrativo el <strong>doble viaje del joven Joan<\/strong>. Uno, el viaje <strong>hacia territorios para \u00e9l desconocidos,<\/strong> con las consiguientes crisis y rupturas de estereotipos e ideas preconcebidas, con las buenas y malas experiencias que cualquier relaci\u00f3n humana conlleva. Y otro, e<strong>l viaje introspectivo<\/strong>, la b\u00fasqueda de lo que uno es, de lo que quiere ser, de hacia d\u00f3nde quiere encaminar su propia vida.<\/p>\n<div id=\"attachment_38\" style=\"width: 310px\" class=\"wp-caption alignleft\"><a href=\"\/catalanaconjamon\/wp-content\/uploads\/sites\/49\/2012\/07\/Rafael-Vallbona.jpg\"><img aria-describedby=\"caption-attachment-38\" loading=\"lazy\" class=\"size-medium wp-image-38\" title=\"Rafael Vallbona\" src=\"\/catalanaconjamon\/wp-content\/uploads\/sites\/49\/2012\/07\/Rafael-Vallbona.jpg\" alt=\"Rafael Vallbona\" width=\"300\" height=\"224\" srcset=\"https:\/\/static-blogs.hoy.es\/wp-content\/uploads\/sites\/49\/2012\/07\/Rafael-Vallbona.jpg 479w, https:\/\/static-blogs.hoy.es\/wp-content\/uploads\/sites\/49\/2012\/07\/Rafael-Vallbona-300x225.jpg 300w\" sizes=\"(max-width: 300px) 100vw, 300px\" \/><\/a><p id=\"caption-attachment-38\" class=\"wp-caption-text\">Rafael Vallbona<\/p><\/div>\n<p>Como en todas sus obras, Vallbona aporta rigor en las descripciones, tanto si habla de hechos hist\u00f3ricos, de elementos patrimoniales, de parajes, etc.<\/p>\n<p>As\u00ed <strong>menciona la fundaci\u00f3n de la ciudad de Badajoz,<\/strong> habla de <strong>Ibn Marwan<\/strong>, realiza un detallado paseo <strong>por la Alcazaba<\/strong>, las calles de los alrededores de la Plaza Alta, etc.<\/p>\n<p>Cuando el hilo argumental se lo permite, aprovecha la oportunidad y aplica su iron\u00eda, criticando las estupideces de las personas, y las cosas absurdas de la sociedad.<\/p>\n<p>Como hace en muchas ocasiones, los ritmos de esta novela est\u00e1n, en buena medida, marcados por las m\u00faltiples referencias musicales que se incluyen en sus p\u00e1ginas, <strong>al m\u00e1s puro estilo <em>on the road<\/em>.<\/strong><\/p>\n<p>&nbsp;<\/p>\n<p>As\u00ed encontramos, al inicio de algunos cap\u00edtulos, p\u00e1rrafos de canciones de <strong>Woody Guthrie, Janis Joplin, Bob Dylan, Bruce Sprinsteen y Patti Smith<\/strong>.<\/p>\n<p>En definitiva, una atractiva novela juvenil que, desgraciadamente, <strong>no ha sido publicada en castellano<\/strong>.<\/p>\n<!-- AddThis Advanced Settings generic via filter on the_content --><!-- AddThis Share Buttons generic via filter on the_content -->","protected":false},"excerpt":{"rendered":"<p>Joan, un joven barcelon\u00e9s de 19 a\u00f1os, estudiante de Humanidades, ve como un hecho inesperado, el fallecimiento de su madre en un accidente de circulaci\u00f3n, le cambia completamente su vida<!-- AddThis Advanced Settings generic via filter on get_the_excerpt --><!-- AddThis Share Buttons generic via filter on get_the_excerpt --><\/p>\n","protected":false},"author":3,"featured_media":0,"comment_status":"open","ping_status":"closed","sticky":false,"template":"","format":"standard","meta":[],"categories":[2],"tags":[34,68,79,116,172,283,295,305,384,420,461,466,509],"_links":{"self":[{"href":"https:\/\/blogs.hoy.es\/catalanaconjamon\/wp-json\/wp\/v2\/posts\/36"}],"collection":[{"href":"https:\/\/blogs.hoy.es\/catalanaconjamon\/wp-json\/wp\/v2\/posts"}],"about":[{"href":"https:\/\/blogs.hoy.es\/catalanaconjamon\/wp-json\/wp\/v2\/types\/post"}],"author":[{"embeddable":true,"href":"https:\/\/blogs.hoy.es\/catalanaconjamon\/wp-json\/wp\/v2\/users\/3"}],"replies":[{"embeddable":true,"href":"https:\/\/blogs.hoy.es\/catalanaconjamon\/wp-json\/wp\/v2\/comments?post=36"}],"version-history":[{"count":0,"href":"https:\/\/blogs.hoy.es\/catalanaconjamon\/wp-json\/wp\/v2\/posts\/36\/revisions"}],"wp:attachment":[{"href":"https:\/\/blogs.hoy.es\/catalanaconjamon\/wp-json\/wp\/v2\/media?parent=36"}],"wp:term":[{"taxonomy":"category","embeddable":true,"href":"https:\/\/blogs.hoy.es\/catalanaconjamon\/wp-json\/wp\/v2\/categories?post=36"},{"taxonomy":"post_tag","embeddable":true,"href":"https:\/\/blogs.hoy.es\/catalanaconjamon\/wp-json\/wp\/v2\/tags?post=36"}],"curies":[{"name":"wp","href":"https:\/\/api.w.org\/{rel}","templated":true}]}}