{"id":42,"date":"2012-07-24T06:33:19","date_gmt":"2012-07-24T06:33:19","guid":{"rendered":"http:\/\/blogs.hoy.es\/catalanaconjamon\/?p=42"},"modified":"2012-07-24T06:33:19","modified_gmt":"2012-07-24T06:33:19","slug":"juanjo-pulido-un-arqueologo-que-suena-una-sociedad-mas-comprometida-con-su-patrimonio","status":"publish","type":"post","link":"https:\/\/blogs.hoy.es\/catalanaconjamon\/2012\/07\/24\/juanjo-pulido-un-arqueologo-que-suena-una-sociedad-mas-comprometida-con-su-patrimonio\/","title":{"rendered":"Juanjo Pulido, un arque\u00f3logo que sue\u00f1a una sociedad m\u00e1s comprometida con su patrimonio"},"content":{"rendered":"<p><strong>Nacido hace 36 a\u00f1os en <a href=\"http:\/\/www.mataro.cat\/web\/portal\/ca\/index.html\">Matar\u00f3<\/a>, hijo de emigrantes extreme\u00f1os, la vida de Juanjo Pulido dio un vuelco el d\u00eda que sus padres le anunciaron\u00a0 <em>solemnemente <\/em>que en 1992, el a\u00f1o ol\u00edmpico, se volv\u00edan a vivir al pueblo, a Extremadura. Hoy, 20 a\u00f1os despu\u00e9s, vive en Sierra de Fuentes (C\u00e1ceres) y desarrolla su profesi\u00f3n de arque\u00f3logo en la empresa que \u00e9l mismo cre\u00f3, <a href=\"http:\/\/www.underground-arqueologia.com\/\">Underground Arqueolog\u00eda<\/a>. Est\u00e1 embarcado en la aventura de conseguir que la conservaci\u00f3n del patrimonio se convierta en un proceso participativo, con la intervenci\u00f3n colaborativa de los ciudadanos.<\/strong><\/p>\n<div id=\"attachment_43\" style=\"width: 363px\" class=\"wp-caption alignright\"><a href=\"\/catalanaconjamon\/wp-content\/uploads\/sites\/49\/2012\/07\/Juanjo-Pulido.jpg\"><img aria-describedby=\"caption-attachment-43\" loading=\"lazy\" class=\" wp-image-43\" title=\"Juanjo Pulido\" src=\"\/catalanaconjamon\/wp-content\/uploads\/sites\/49\/2012\/07\/Juanjo-Pulido.jpg\" alt=\"\" width=\"353\" height=\"264\" srcset=\"https:\/\/static-blogs.hoy.es\/wp-content\/uploads\/sites\/49\/2012\/07\/Juanjo-Pulido.jpg 1024w, https:\/\/static-blogs.hoy.es\/wp-content\/uploads\/sites\/49\/2012\/07\/Juanjo-Pulido-300x225.jpg 300w, https:\/\/static-blogs.hoy.es\/wp-content\/uploads\/sites\/49\/2012\/07\/Juanjo-Pulido-768x576.jpg 768w\" sizes=\"(max-width: 353px) 100vw, 353px\" \/><\/a><p id=\"caption-attachment-43\" class=\"wp-caption-text\">Juanjo en la playa<\/p><\/div>\n<p>Hijo de una humilde familia de emigrantes extreme\u00f1os, afincados en Matar\u00f3, capital de la comarca barcelonesa del Maresme, estudi\u00f3 en un colegio privado y catalanista, con el consiguiente esfuerzo econ\u00f3mico para sus padres. De aquella \u00e9poca recuerda sus problemas de integraci\u00f3n, por no llamarse Jordi, Oriol o Roger, o apellidarse Puig o Sabater; subsanados siendo m\u00e1s catalanista que Carod Rovira: solo escuchaba m\u00fasica en catal\u00e1n y bailaba en una colla sardanista. Su horizonte estaba puesto en empezar la carrera de Periodismo en la Universidad Aut\u00f3noma de Barcelona, en Bellaterra.<\/p>\n<p><strong>\u00bfY en esas lleg\u00f3 el a\u00f1o 1991, no? <\/strong><\/p>\n<p>S\u00ed, en el a\u00f1o 91, mis padres me anunciaron solemnemente que al a\u00f1o siguiente nos \u00edbamos a vivir al pueblo y, claro, todo aquello se iba al garete. Con todo lo que me hab\u00eda currado ser una persona respetada en el ambiente burgu\u00e9s catal\u00e1n (<em>con todo el respeto que se puede conseguir con 16 a\u00f1os, que es m\u00e1s bien poco<\/em>), y con una novieta que me hab\u00eda echado en Premi\u00e0 de Mar, nos fuimos al pueblo (<em>la chica la dej\u00e9 all\u00ed, claro<\/em>).<\/p>\n<p>Echando la vista atr\u00e1s, no podr\u00eda decir si el cambio fue a mejor o a peor. Yo all\u00ed estaba de maravilla y me fastidi\u00f3 mucho tener que venirme. Es imposible saber si todo lo que ten\u00eda pensado para mi futuro all\u00ed, se iba a cumplir a pies juntillas. Las cosas han ido viniendo como han ido viniendo, seg\u00fan las decisiones que he ido tomando a lo largo de todos estos a\u00f1os, y no me arrepiento de nada.<\/p>\n<p><strong>\u00bfHas seguido manteniendo contacto con tu localidad de origen, Matar\u00f3?<\/strong><\/p>\n<p>Al principio s\u00ed, pero con el tiempo te haces m\u00e1s dejado y vas perdiendo el contacto con la gente. Con la aparici\u00f3n de las redes sociales he vuelto a tener ese contacto, aunque no es todo lo fluido que quisiera. Quiz\u00e1 porque la gente tiene ya su vida y si ya no hay roce, pues ya no hay cari\u00f1o. Supongo que ser\u00e1 eso.<\/p>\n<p><strong>\u00bfEncuentras a faltar el mar, como todos los que nacimos en el Mediterr\u00e1neo?<\/strong><\/p>\n<p>Los primeros a\u00f1os, despu\u00e9s de venirme para Extremadura, sol\u00eda ir con mi familia de vacaciones, porque todav\u00eda manten\u00edamos el piso donde viv\u00edamos en Matar\u00f3.\u00a0 Pero cuando lo vendimos, dej\u00e9 de ir con tanta frecuencia. Ahora hace ya unos 5 o 6 a\u00f1os que no voy. Con el tiempo conoces a gentes que te hacen ver que adem\u00e1s de la playa de Matar\u00f3, hay otras, y claro, hab\u00eda que comprobarlo, aunque por motivos de trabajo hace ya un par de a\u00f1os que no piso una.<\/p>\n<p><strong>\u00bfC\u00f3mo llega tu inter\u00e9s por la arqueolog\u00eda? <\/strong><\/p>\n<p>Se inici\u00f3 cuando, durante la carrera, tuve la oportunidad de formar parte de un proyecto de investigaci\u00f3n sobre las pinturas rupestres del <a href=\"http:\/\/reddeparquesnacionales.mma.es\/parques\/monfrague\/index.htm\">Parque Nacional de Monfrag\u00fce<\/a>. Tras terminar la licenciatura, particip\u00e9 en otro, consistente en la documentaci\u00f3n de un impresionante conjunto de grabados que se localizaron en el Guadiana, en <a href=\"http:\/\/alconchel.dip-badajoz.es\/index.php\/mod.pags\/mem.detalle\/idpag.49\/idmenu.1047\/chk.5520e11d049783124979e322b692bee1.html\">Alconchel<\/a>, que quedaron sumergidos bajo las aguas del embalse de Alqueva. Posteriormente trabaj\u00e9 en varios yacimientos de la Comunidad de Madrid y de Castilla la Mancha. Para quitarme el gusanillo de excavar en Catalu\u00f1a, me fui un verano a colaborar en un proyecto de la Universidad Aut\u00f3noma de Barcelona, para excavar un dolmen en el Pirineo, en Baiasca, <a href=\"http:\/\/cat.bloctum.com\/arcis\/2007\/09\/30\/quin-es-el-dolmen-mes-alt-de-catalunya\/\">Llavors\u00ed<\/a>. Antes del regreso definitivo a Extremadura, estuve un par de a\u00f1os en Algeciras, dirigiendo algunas excavaciones de \u00e9poca isl\u00e1mica. Y ya en Extremadura, hemos realizado algunos trabajos de prospecci\u00f3n y seguimiento arqueol\u00f3gico, y otros de car\u00e1cter m\u00e1s cient\u00edfico, como es la excavaci\u00f3n del <a href=\"http:\/\/www.hoy.es\/v\/20100618\/sociedad\/hallan-muro-origen-romano-20100618.html\">Castillo de Zalamea de la Serena<\/a> y el Castrej\u00f3n de las Merchanas, en Don Benito.<strong><br \/>\n<\/strong><\/p>\n<div id=\"attachment_44\" style=\"width: 444px\" class=\"wp-caption alignleft\"><a href=\"\/catalanaconjamon\/wp-content\/uploads\/sites\/49\/2012\/07\/proyecto-maila.jpg\"><img aria-describedby=\"caption-attachment-44\" loading=\"lazy\" class=\" wp-image-44\" title=\"proyecto maila\" src=\"\/catalanaconjamon\/wp-content\/uploads\/sites\/49\/2012\/07\/proyecto-maila.jpg\" alt=\"\" width=\"434\" height=\"326\" srcset=\"https:\/\/static-blogs.hoy.es\/wp-content\/uploads\/sites\/49\/2012\/07\/proyecto-maila.jpg 960w, https:\/\/static-blogs.hoy.es\/wp-content\/uploads\/sites\/49\/2012\/07\/proyecto-maila-300x225.jpg 300w, https:\/\/static-blogs.hoy.es\/wp-content\/uploads\/sites\/49\/2012\/07\/proyecto-maila-768x576.jpg 768w\" sizes=\"(max-width: 434px) 100vw, 434px\" \/><\/a><p id=\"caption-attachment-44\" class=\"wp-caption-text\">Actividad participativa del proyecto Maila en Los Barruecos<\/p><\/div>\n<p><strong>\u00a0<\/strong><strong>\u00bfQu\u00e9 podemos aprender de la arqueolog\u00eda con vistas a nuestro futuro?<\/strong><\/p>\n<p>Que la difusi\u00f3n y la gesti\u00f3n del patrimonio arqueol\u00f3gico tiene que empezar a no depender tanto de las administraciones y si de la sociedad. Las estrategias elegidas hasta la fecha est\u00e1n ya obsoletas. Debe ser la ciudadan\u00eda la que empiece a implicarse en la protecci\u00f3n y la puesta en valor de sus bienes patrimoniales, mediante acciones colaborativas, de acceso libre a la informaci\u00f3n\u00a0 y siempre de un modo sostenible. Nosotros tenemos un lema: <em>menos centros de interpretaci\u00f3n y m\u00e1s acci\u00f3n<\/em>. Es un poco chorras, pero define muy bien nuestra l\u00ednea de actuaci\u00f3n.<\/p>\n<p><strong>\u00bfPuedes poner alg\u00fan ejemplo? <\/strong><\/p>\n<p>Estamos colaborando en Malpartida de C\u00e1ceres, en un proyecto que va en este sentido. Con el proyecto <strong><em><a href=\"http:\/\/proyectomailamalpartida.jimdo.com\/\">Maila<\/a>,<\/em><\/strong> pretendemos la puesta en valor del yacimiento romano de Los Barruecos, desde un punto de vista colaborativo, \u00a0incluyendo a la sociedad en cada una de las acciones a desarrollar en referencia al propio yacimiento. El pasado mes de marzo tuvieron lugar las primeras jornadas participativas de medici\u00f3n del propio yacimiento, con un gran \u00e9xito de asistencia y una buena onda \u00a0medi\u00e1tica. El pr\u00f3ximo mes de octubre pretendemos repetirlo, pero con m\u00e1s medios. Creemos que este es el camino. Si queremos que la gente visite nuestros pueblos, tenemos que ofrecer lo que tenemos, y no podemos quedarnos de brazos cruzados porque no haya dinero para excavar nuestra villa romana o para restaurar nuestro castillo. Hay que moverse, para que lo que tenemos sea conocido por todos. Ya buscaremos la f\u00f3rmula para hacerlo, y para eso necesitamos a la gente.<\/p>\n<p><strong>\u00bfC\u00f3mo surge la decisi\u00f3n de poner en marcha un proyecto empresarial como Underground Arqueolog\u00eda, en 2009, ya en plena crisis. Mal tiempo para la cultura, no? <\/strong><\/p>\n<p>La verdad es que s\u00ed. Tanto mi compa\u00f1era, como yo, llev\u00e1bamos varios a\u00f1os trabajando en empresas, haciendo arqueolog\u00eda de gesti\u00f3n. Ve\u00edamos que se estaba entrando en una din\u00e1mica, en la que la arqueolog\u00eda hab\u00eda dejado de ser una disciplina cient\u00edfica, para convertirse en una actividad m\u00e1s dependiente de la construcci\u00f3n, como pudieran ser los encofradores, los soladores o los fontaneros. Decidimos que, aunque esa arqueolog\u00eda de gesti\u00f3n ten\u00eda que seguir existiendo, era posible empezar a cambiarla.\u00a0 Sobre todo en la visi\u00f3n que la ciudadan\u00eda tiene de ella, haciendo que fuera compatible con otros aspectos de la misma, como su difusi\u00f3n y socializaci\u00f3n, incidiendo m\u00e1s en el aspecto cient\u00edfico, que en el puramente econ\u00f3mico. Podr\u00edamos decir que nuestra opci\u00f3n empresarial no es del todo rentable (expertos en econom\u00eda y en gesti\u00f3n de empresas la consideran incluso suicida). Pero, al no tener que mantener un gran patrimonio adquirido en a\u00f1os de bonanza, es m\u00e1s f\u00e1cil centrarse s\u00f3lo en la arqueolog\u00eda y no en otros intereses. Es nuestra opci\u00f3n y la\u00a0 forma de entender nuestro trabajo y con esas ideas iremos hasta el final.<\/p>\n<p><strong>\u00bfCon qu\u00e9 lugar arqueol\u00f3gico de los que conoces, de Extremadura o fuera, te quedar\u00edas?, y \u00bfcu\u00e1l ser\u00eda tu sue\u00f1o como arque\u00f3logo? <\/strong><\/p>\n<p>Te puedo dar dos lugares, uno de Extremadura,<a href=\"http:\/\/www.canchoroano.iam.csic.es\/\"> Cancho Roano<\/a>, en Zalamea de la Serena, y otra en Catalu\u00f1a, <a href=\"http:\/\/www.mac.cat\/Seus\/Empuries\">Emp\u00faries<\/a>.<\/p>\n<p>Mi sue\u00f1o como arque\u00f3logo es que la sociedad conozca, respete y valore nuestro trabajo, y que del mismo modo, conozca, respete y valore su patrimonio arqueol\u00f3gico.<\/p>\n<div id=\"attachment_45\" style=\"width: 250px\" class=\"wp-caption alignright\"><a href=\"\/catalanaconjamon\/wp-content\/uploads\/sites\/49\/2012\/07\/cartell_santes_2012_no_def.jpg\"><img aria-describedby=\"caption-attachment-45\" loading=\"lazy\" class=\" wp-image-45\" title=\"cartell_santes_2012_no_def\" src=\"\/catalanaconjamon\/wp-content\/uploads\/sites\/49\/2012\/07\/cartell_santes_2012_no_def.jpg\" alt=\"\" width=\"240\" height=\"333\" \/><\/a><p id=\"caption-attachment-45\" class=\"wp-caption-text\">Cartel de las fiestas de Les Santes, de Matar\u00f3, 2012<\/p><\/div>\n<p><strong>\u00a0<\/strong><strong>\u00bfQu\u00e9 lugar de Extremadura recomiendas siempre a quien viene de fuera?, y \u00bfqu\u00e9 lugar de Catalunya forma parte de la pel\u00edcula de tu vida?<\/strong><\/p>\n<p>Depende de las \u00e9pocas del a\u00f1o y de gustos. En oto\u00f1o el Valle del Ambroz y La Siberia; en primavera Los Barruecos, el Jerte y las dehesas de Badajoz; en verano La Vera; y todo el a\u00f1o Las Hurdes. Nuestro trabajo nos permite ir a sitios que, de otra forma, nunca visitar\u00edamos, y eso es una ventaja a la hora de poder ofrec\u00e9rselo a los dem\u00e1s.<\/p>\n<p>En cuanto a Catalu\u00f1a, me quedo con Matar\u00f3, mi ciudad natal. Para m\u00ed es la mejor ciudad del mundo, con las mejores fiestas del mundo, <a href=\"http:\/\/www.lessantes.cat\/\">Les Santes<\/a>, que, por cierto, empiezan en pocos d\u00edas y que un a\u00f1o m\u00e1s me perder\u00e9. Las fiestas mayores en Catalu\u00f1a tienen un formato que echo de menos en Extremadura.\u00a0 Son\u00a0 muy participativas, con tradiciones propias y con la gente todo el d\u00eda por las calles. Respeto a la gente que le gusta el modelo de cacharritos de feria, casetas y toros, pero no va conmigo.<\/p>\n<p><strong>\u00a0<\/strong><strong>\u00bfComida extreme\u00f1a o catalana? <\/strong><\/p>\n<p>Si te soy sincero, no soy muy fan de los grandes platos de las gastronom\u00edas extreme\u00f1a y catalana (<em>deber\u00eda ser lapidado por ello y por ambos bandos<\/em>). Pero s\u00ed que es cierto que hay algunos productos de ambas que me vuelven loco. De Extremadura, las tortas, los quesos de Los Ibores, el jam\u00f3n, los alfajores, las migas con naranja de Las Hurdes, la t\u00e9cula-m\u00e9cula de Olivenza, las yemas de Trujillo, las perrunillas y los dulces de bellota de la madre de mi amigo Jos\u00e9, de Castuera, y los tomates de mi amigo Jaime, de Villarta de los Montes, en la Siberia. De Catalunya, el p\u00e0 de pag\u00e9s, la llonganissa, la butifarra blanca y la negra (<em>que en tortilla est\u00e1n de muerte<\/em>), los cal\u00e7ots de Valls, el queso tup\u00ed del Pirineo, las neules y carquinyolis de la Conca de Barber\u00e0, los panallets, la coca de Sant Joan (<em>la de chicharrones es espectacular<\/em>), la crema catalana, el cacaolat\u2026 y, por encima de todo, los frankfurts de la Riera y los helados de vainilla de la Verd\u00fa, en la Baixada de Santa Anna, en Matar\u00f3.<\/p>\n<p>Al final, los mejores platos son los que te cocinan aquellas gentes con las que te cruzas por la vida, cuyos ingredientes vienen de aqu\u00ed y de all\u00e1, igual que las personas, y que, vengan de donde vengan, siempre tienen un hueco en tu corazoncito, y en tu est\u00f3mago.<em><\/em><\/p>\n<!-- AddThis Advanced Settings generic via filter on the_content --><!-- AddThis Share Buttons generic via filter on the_content -->","protected":false},"excerpt":{"rendered":"<p>Nacido hace 36 a\u00f1os en Matar\u00f3, hijo de emigrantes extreme\u00f1os, la vida de Juanjo Pulido dio un vuelco el d\u00eda que sus padres le anunciaron\u00a0 solemnemente que en 1992, el a\u00f1o ol\u00edmpico, se volv\u00edan a vivir al pueblo, a Extremadura. Hoy, 20 a\u00f1os despu\u00e9s, vive en Sierra de Fuentes (C\u00e1ceres) y desarrolla su profesi\u00f3n de [&hellip;]<!-- AddThis Advanced Settings generic via filter on get_the_excerpt --><!-- AddThis Share Buttons generic via filter on get_the_excerpt --><\/p>\n","protected":false},"author":51,"featured_media":0,"comment_status":"open","ping_status":"closed","sticky":false,"template":"","format":"standard","meta":[],"categories":[7],"tags":[31,54,71,103,192,324,339,349,365,457,494,525],"_links":{"self":[{"href":"https:\/\/blogs.hoy.es\/catalanaconjamon\/wp-json\/wp\/v2\/posts\/42"}],"collection":[{"href":"https:\/\/blogs.hoy.es\/catalanaconjamon\/wp-json\/wp\/v2\/posts"}],"about":[{"href":"https:\/\/blogs.hoy.es\/catalanaconjamon\/wp-json\/wp\/v2\/types\/post"}],"author":[{"embeddable":true,"href":"https:\/\/blogs.hoy.es\/catalanaconjamon\/wp-json\/wp\/v2\/users\/51"}],"replies":[{"embeddable":true,"href":"https:\/\/blogs.hoy.es\/catalanaconjamon\/wp-json\/wp\/v2\/comments?post=42"}],"version-history":[{"count":0,"href":"https:\/\/blogs.hoy.es\/catalanaconjamon\/wp-json\/wp\/v2\/posts\/42\/revisions"}],"wp:attachment":[{"href":"https:\/\/blogs.hoy.es\/catalanaconjamon\/wp-json\/wp\/v2\/media?parent=42"}],"wp:term":[{"taxonomy":"category","embeddable":true,"href":"https:\/\/blogs.hoy.es\/catalanaconjamon\/wp-json\/wp\/v2\/categories?post=42"},{"taxonomy":"post_tag","embeddable":true,"href":"https:\/\/blogs.hoy.es\/catalanaconjamon\/wp-json\/wp\/v2\/tags?post=42"}],"curies":[{"name":"wp","href":"https:\/\/api.w.org\/{rel}","templated":true}]}}