{"id":64,"date":"2012-11-02T11:01:47","date_gmt":"2012-11-02T09:01:47","guid":{"rendered":"http:\/\/blogs.hoy.es\/catalanaconjamon\/?p=64"},"modified":"2012-11-02T11:01:47","modified_gmt":"2012-11-02T09:01:47","slug":"1835-relacion-entre-las-sociedades-economicas-de-amigos-del-pais-de-caceres-y-barcelona","status":"publish","type":"post","link":"https:\/\/blogs.hoy.es\/catalanaconjamon\/2012\/11\/02\/1835-relacion-entre-las-sociedades-economicas-de-amigos-del-pais-de-caceres-y-barcelona\/","title":{"rendered":"1835: Relaci\u00f3n entre las sociedades econ\u00f3micas de amigos del pa\u00eds de C\u00e1ceres y Barcelona"},"content":{"rendered":"<p><strong><a href=\"http:\/\/josemarialama.blogspot.com.es\/\">Jos\u00e9 Mar\u00eda Lama<\/a>, amigo, historiador y socio, me hace llegar un documento que ha encontrado en una de sus m\u00faltiples pesquisas entre archivos y cartapacios. Se trata de una comunicaci\u00f3n que dirige la Sociedad Econ\u00f3mica de Amigos del Pa\u00eds de C\u00e1ceres al gobernador civil de C\u00e1ceres (que era en ese momento Jos\u00e9 \u00c1lvarez Guerra, bisabuelo de los Machado), para que inserte en el bolet\u00edn de la provincia un anuncio de la Sociedad Econ\u00f3mica de Amigos del Pa\u00eds de Barcelona.<\/strong><\/p>\n<div id=\"attachment_65\" style=\"width: 369px\" class=\"wp-caption alignright\"><a href=\"\/catalanaconjamon\/wp-content\/uploads\/sites\/49\/2012\/10\/Bolet\u00edn-C\u00e1ceres-RSEAP.jpg\"><img aria-describedby=\"caption-attachment-65\" loading=\"lazy\" class=\"size-full wp-image-65\" title=\"Bolet\u00edn C\u00e1ceres RSEAP\" src=\"\/catalanaconjamon\/wp-content\/uploads\/sites\/49\/2012\/10\/Bolet\u00edn-C\u00e1ceres-RSEAP.jpg\" alt=\"\" width=\"359\" height=\"500\" srcset=\"https:\/\/static-blogs.hoy.es\/wp-content\/uploads\/sites\/49\/2012\/10\/Bolet\u00edn-C\u00e1ceres-RSEAP.jpg 359w, https:\/\/static-blogs.hoy.es\/wp-content\/uploads\/sites\/49\/2012\/10\/Bolet\u00edn-C\u00e1ceres-RSEAP-215x300.jpg 215w\" sizes=\"(max-width: 359px) 100vw, 359px\" \/><\/a><p id=\"caption-attachment-65\" class=\"wp-caption-text\">Anuncio en el Bolet\u00edn Oficial de C\u00e1ceres, del 21 de agosto de 1835<\/p><\/div>\n<p>El anuncio, que aparece publicado en la p\u00e1gina 4 del ejemplar del Bolet\u00edn Oficial de C\u00e1ceres, del 21 de agosto de 1835, es un ejemplo de las relaciones que exist\u00edan a mediados del siglo XIX entre las sociedades dedicadas al fomento del pa\u00eds de Catalu\u00f1a y Extremadura.<\/p>\n<p>El texto del anuncio hace referencia a un concurso convocado por la sociedad barcelonesa, para \u00a0premiar a quien mejor demuestre, a trav\u00e9s de una memoria, la necesidad de <em>la industria para el fomento de la agricultura<\/em>. Entre las curiosidades del texto, llama la atenci\u00f3n la catalogaci\u00f3n que se hace del territorio de Catalu\u00f1a, al que se considera como <em>suelo est\u00e9ril en su mayor parte<\/em>.<\/p>\n<p>Las sociedades econ\u00f3micas de amigos del pa\u00eds surgieron en varios pa\u00edses europeos, como Espa\u00f1a, Irlanda y Suiza, en la segunda mitad del siglo XVIII, al calor de las ideas de la Ilustraci\u00f3n. Su objetivo era, y sigue siendo, fomentar el desarrollo econ\u00f3mico y social de sus respectivos territorios, desde ambientes culturales y filantr\u00f3picos no vinculados directamente a las administraciones p\u00fablicas.<\/p>\n<p>En Espa\u00f1a, la primera de las que se constituy\u00f3 fue la Sociedad Bascongada de Amigos del Pa\u00eds, en 1765, por iniciativa del Conde de Pe\u00f1aflorida. Pero no fue hasta 1775, con la publicaci\u00f3n de la Real C\u00e9dula de Carlos III, y el apoyo de Campomanes a la creaci\u00f3n de la Real Sociedad Matritense de Amigos del Pa\u00eds, que recibieron el impulso definitivo para su extensi\u00f3n por todo el pa\u00eds.<\/p>\n<p>En Extremadura, la <a href=\"http:\/\/www.rseeap.org\/\">Real Sociedad Extreme\u00f1a Econ\u00f3mica de Amigos del Pa\u00eds de Badajoz<\/a>, se constituy\u00f3 en 1816, y mantiene su actividad hasta nuestros d\u00edas, siendo su presidente, desde 1989, Francisco Pedraja Mu\u00f1oz. En cuanto a la de C\u00e1ceres, desaparecida en la actualidad, su creaci\u00f3n cabr\u00eda situarla alrededor de los primeros a\u00f1os treinta del siglo XIX, aunque a trav\u00e9s de las distintas consultas no ha sido posible hallar la fecha exacta. Por su parte, la<a href=\"http:\/\/www.sebap.com\/\"> Societat Econ\u00f2mica Barcelonesa d\u2019Amics del Pais<\/a>, se cre\u00f3 en 1822, y hoy en d\u00eda ocupa su presidencia Miquel Roca i Junyent.<\/p>\n<!-- AddThis Advanced Settings generic via filter on the_content --><!-- AddThis Share Buttons generic via filter on the_content -->","protected":false},"excerpt":{"rendered":"<p>Jos\u00e9 Mar\u00eda Lama, amigo, historiador y socio, me hace llegar un documento que ha encontrado en una de sus m\u00faltiples pesquisas entre archivos y cartapacios. Se trata de una comunicaci\u00f3n que dirige la Sociedad Econ\u00f3mica de Amigos del Pa\u00eds de C\u00e1ceres al gobernador civil de C\u00e1ceres (que era en ese momento Jos\u00e9 \u00c1lvarez Guerra, bisabuelo [&hellip;]<!-- AddThis Advanced Settings generic via filter on get_the_excerpt --><!-- AddThis Share Buttons generic via filter on get_the_excerpt --><\/p>\n","protected":false},"author":51,"featured_media":0,"comment_status":"open","ping_status":"closed","sticky":false,"template":"","format":"standard","meta":[],"categories":[6],"tags":[79,96,107,203,261,285,290,361,400,423],"_links":{"self":[{"href":"https:\/\/blogs.hoy.es\/catalanaconjamon\/wp-json\/wp\/v2\/posts\/64"}],"collection":[{"href":"https:\/\/blogs.hoy.es\/catalanaconjamon\/wp-json\/wp\/v2\/posts"}],"about":[{"href":"https:\/\/blogs.hoy.es\/catalanaconjamon\/wp-json\/wp\/v2\/types\/post"}],"author":[{"embeddable":true,"href":"https:\/\/blogs.hoy.es\/catalanaconjamon\/wp-json\/wp\/v2\/users\/51"}],"replies":[{"embeddable":true,"href":"https:\/\/blogs.hoy.es\/catalanaconjamon\/wp-json\/wp\/v2\/comments?post=64"}],"version-history":[{"count":0,"href":"https:\/\/blogs.hoy.es\/catalanaconjamon\/wp-json\/wp\/v2\/posts\/64\/revisions"}],"wp:attachment":[{"href":"https:\/\/blogs.hoy.es\/catalanaconjamon\/wp-json\/wp\/v2\/media?parent=64"}],"wp:term":[{"taxonomy":"category","embeddable":true,"href":"https:\/\/blogs.hoy.es\/catalanaconjamon\/wp-json\/wp\/v2\/categories?post=64"},{"taxonomy":"post_tag","embeddable":true,"href":"https:\/\/blogs.hoy.es\/catalanaconjamon\/wp-json\/wp\/v2\/tags?post=64"}],"curies":[{"name":"wp","href":"https:\/\/api.w.org\/{rel}","templated":true}]}}