{"id":66,"date":"2012-10-23T07:12:09","date_gmt":"2012-10-23T05:12:09","guid":{"rendered":"http:\/\/blogs.hoy.es\/catalanaconjamon\/?p=66"},"modified":"2012-10-23T07:12:09","modified_gmt":"2012-10-23T05:12:09","slug":"conexion-extremena-en-el-terrat","status":"publish","type":"post","link":"https:\/\/blogs.hoy.es\/catalanaconjamon\/2012\/10\/23\/conexion-extremena-en-el-terrat\/","title":{"rendered":"Conexi\u00f3n extreme\u00f1a en &#8220;El Terrat&#8221;"},"content":{"rendered":"<p><strong><a href=\"http:\/\/www.elterrat.com\/\">El Terrat<\/a> es una de las productoras art\u00edsticas m\u00e1s exitosas de nuestro pa\u00eds. Nombres como los de <a href=\"http:\/\/www.andreubuenafuente.com\/\">Andreu Buenafuente<\/a>, <a href=\"http:\/\/www.berto.tv\/\">Berto Romero<\/a>, <a href=\"http:\/\/www.facebook.com\/JordiEvole\">Jordi \u00c9vole<\/a> o <a href=\"https:\/\/twitter.com\/josecorbacho\">Jos\u00e9 Corbacho<\/a> est\u00e1n en la mente de todos. Una de sus peculiaridades es la que podr\u00edamos llamar <em>conexi\u00f3n extreme\u00f1a<\/em>, y es que algunos de sus principales integrantes tienen ra\u00edces en Extremadura, como es el caso de Jordi \u00c9vole (Garrovillas) o Jos\u00e9 Corbacho (Zarza de Alange). Pero adem\u00e1s de quienes est\u00e1n en primer plano, ante focos y c\u00e1maras, tambi\u00e9n existe esa conexi\u00f3n entre quienes est\u00e1n en la trastienda de la productora, como es el caso de Noem\u00ed Agustina, responsable de prensa y comunicaci\u00f3n 2.0 de \u201c<a href=\"http:\/\/www.lasexta.com\/programas\/salvados\/\">Salvados<\/a>\u201d.<\/strong><\/p>\n<div id=\"attachment_67\" style=\"width: 336px\" class=\"wp-caption alignright\"><a href=\"\/catalanaconjamon\/wp-content\/uploads\/sites\/49\/2012\/10\/Noem\u00ed-en-Formentera.jpg\"><img aria-describedby=\"caption-attachment-67\" loading=\"lazy\" class=\" wp-image-67 \" title=\"Noem\u00ed en Formentera\" src=\"\/catalanaconjamon\/wp-content\/uploads\/sites\/49\/2012\/10\/Noem\u00ed-en-Formentera.jpg\" alt=\"\" width=\"326\" height=\"433\" \/><\/a><p id=\"caption-attachment-67\" class=\"wp-caption-text\">Noem\u00ed en Formentera<\/p><\/div>\n<p>Noem\u00ed naci\u00f3 en 1975 en Barcelona, y su vinculaci\u00f3n con Extremadura es a trav\u00e9s de su madre Mar\u00eda Jos\u00e9, natural de Almohar\u00edn (C\u00e1ceres), aunque \u00e9sta emigr\u00f3 con 9 a\u00f1os a Barcelona, donde le hab\u00edan precedido otros familiares.<\/p>\n<p>Actualmente Noem\u00ed no mantiene relaci\u00f3n con la localidad de su madre porque ya no tiene familia en la misma. Recuerda que en 1984, cuando ten\u00eda 9 a\u00f1os, <em>fuimos de vacaciones toda la familia (abuelos, t\u00edos, primos,\u2026<\/em>) <em>a pasar unos d\u00edas en el pueblo. Alquilamos una casa y estuvimos todos juntos all\u00ed.<\/em><\/p>\n<p>Ante la circunstancia ya comentada de la <em>conexi\u00f3n extreme\u00f1a <\/em>en El Terrat, Noem\u00ed se\u00f1ala que no es algo sobre lo que hablen a menudo, aunque s\u00ed en ocasiones.\u00a0 <em>Con \u00c9vole quiz\u00e1 alguna vez m\u00e1s, por otras coincidencias, ya que su familia y la m\u00eda se conocieron en Cornell\u00e1, en el mercado de San Ildefonso, donde trabajaba su t\u00eda, charcutera, y mis padres, carniceros. San Ildefonso es un barrio donde se instalaron muchos inmigrantes extreme\u00f1os \u00a0y el mercado era un sitio donde se intercambiaban muchas vivencias, amistades, etc.<\/em><\/p>\n<p>Dice no verse haciendo de relaciones p\u00fablicas de Extremadura en Catalunya, porque no la conoce lo suficiente. <em>S\u00f3lo me lleg\u00f3 lo que me transmitieron, sobre todo mis abuelos. Palabras particulares, como prenda, o su predilecci\u00f3n por algunos productos, como los higos, la patatera o las perrunillas. Al rev\u00e9s, si tuviera que destacar algo para que los extreme\u00f1os que no conocen Catalunya vinieran, les dir\u00eda que es una tierra preciosa, desde el Pirineo a la Costa Brava.<\/em><\/p>\n<p>Noem\u00ed empez\u00f3 a trabajar en El Terrat en 2007. Empez\u00f3 haciendo producci\u00f3n de invitados para Buenafuente. Luego producci\u00f3n de los reportajes de Jordi \u00c9vole, como <em>el Follonero<\/em>. <em>En 2008<\/em> \u2013a\u00f1ade- <em>entr\u00e9 en el equipo de \u201cSalvados\u201d, con Jordi \u00c9vole, en el que he realizado todo tipo de tareas: producci\u00f3n de invitados, jefa de redacci\u00f3n, coordinadora de programa, coordinadora de postproducci\u00f3n, responsable de prensa y comunicaci\u00f3n 2.0.<\/em><\/p>\n<div id=\"attachment_68\" style=\"width: 310px\" class=\"wp-caption alignleft\"><a href=\"\/catalanaconjamon\/wp-content\/uploads\/sites\/49\/2012\/10\/Noem\u00ed-con-su-madre.jpg\"><img aria-describedby=\"caption-attachment-68\" loading=\"lazy\" class=\"size-medium wp-image-68\" title=\"Noem\u00ed con su madre\" src=\"\/catalanaconjamon\/wp-content\/uploads\/sites\/49\/2012\/10\/Noem\u00ed-con-su-madre.jpg\" alt=\"\" width=\"300\" height=\"225\" srcset=\"https:\/\/static-blogs.hoy.es\/wp-content\/uploads\/sites\/49\/2012\/10\/Noem\u00ed-con-su-madre.jpg 2048w, https:\/\/static-blogs.hoy.es\/wp-content\/uploads\/sites\/49\/2012\/10\/Noem\u00ed-con-su-madre-300x225.jpg 300w, https:\/\/static-blogs.hoy.es\/wp-content\/uploads\/sites\/49\/2012\/10\/Noem\u00ed-con-su-madre-768x576.jpg 768w, https:\/\/static-blogs.hoy.es\/wp-content\/uploads\/sites\/49\/2012\/10\/Noem\u00ed-con-su-madre-1024x768.jpg 1024w\" sizes=\"(max-width: 300px) 100vw, 300px\" \/><\/a><p id=\"caption-attachment-68\" class=\"wp-caption-text\">Con su madre Mar\u00eda Jos\u00e9<\/p><\/div>\n<p>Preguntada sobre c\u00f3mo se siente rodeada de algunos de los <em>top ten<\/em> de la pantalla espa\u00f1ola, nos dice que <em>quiz\u00e1 al tenerlos m\u00e1s a mano no parecen tan &#8220;top ten&#8221;&#8230; Tengo una relaci\u00f3n normalizada con ellos. Su modo de ser ayuda, son personas cercanas, cari\u00f1osas, amables.<\/em><\/p>\n<p>Para acabar la entrevista, le pido a Noem\u00ed una reflexi\u00f3n sobre las relaciones entre Extremadura y Catalu\u00f1a, entre catalanes y extreme\u00f1os. <em>Yo creo &#8211;<\/em>me dice- <em>que la relaci\u00f3n entre extreme\u00f1os y catalanes aqu\u00ed es buena. Mi familia est\u00e1 contenta de haber venido a Catalu\u00f1a. Mi madre, la peque\u00f1a de 4 hermanos, ya es m\u00e1s catalana que extreme\u00f1a.\u00a0 Pero mis t\u00edos, que vinieron siendo m\u00e1s mayores, tambi\u00e9n han formado aqu\u00ed sus familias, con catalanes y con otros inmigrantes. Y siempre ha habido respeto y voluntad de convivir alegremente. De\u00a0 la familia de mi madre, que son cuatro hermanos, estamos muy repartidos: hay dos familias que hablamos catal\u00e1n en casa y las otras dos son castellano parlantes. Mis t\u00edos mayores no han aprendido el catal\u00e1n y no les he o\u00eddo nunca hablarlo. Mi madre y mi otra t\u00eda, sin embargo s\u00ed lo hablan normalmente sin ninguna dificultad.<\/em><\/p>\n<!-- AddThis Advanced Settings generic via filter on the_content --><!-- AddThis Share Buttons generic via filter on the_content -->","protected":false},"excerpt":{"rendered":"<p>El Terrat es una de las productoras art\u00edsticas m\u00e1s exitosas de nuestro pa\u00eds. Nombres como los de Andreu Buenafuente, Berto Romero, Jordi \u00c9vole o Jos\u00e9 Corbacho est\u00e1n en la mente de todos. Una de sus peculiaridades es la que podr\u00edamos llamar conexi\u00f3n extreme\u00f1a, y es que algunos de sus principales integrantes tienen ra\u00edces en Extremadura, [&hellip;]<!-- AddThis Advanced Settings generic via filter on get_the_excerpt --><!-- AddThis Share Buttons generic via filter on get_the_excerpt --><\/p>\n","protected":false},"author":51,"featured_media":0,"comment_status":"open","ping_status":"closed","sticky":false,"template":"","format":"standard","meta":[],"categories":[7],"tags":[36,83,90,152,155,186,201,204,220,441],"_links":{"self":[{"href":"https:\/\/blogs.hoy.es\/catalanaconjamon\/wp-json\/wp\/v2\/posts\/66"}],"collection":[{"href":"https:\/\/blogs.hoy.es\/catalanaconjamon\/wp-json\/wp\/v2\/posts"}],"about":[{"href":"https:\/\/blogs.hoy.es\/catalanaconjamon\/wp-json\/wp\/v2\/types\/post"}],"author":[{"embeddable":true,"href":"https:\/\/blogs.hoy.es\/catalanaconjamon\/wp-json\/wp\/v2\/users\/51"}],"replies":[{"embeddable":true,"href":"https:\/\/blogs.hoy.es\/catalanaconjamon\/wp-json\/wp\/v2\/comments?post=66"}],"version-history":[{"count":0,"href":"https:\/\/blogs.hoy.es\/catalanaconjamon\/wp-json\/wp\/v2\/posts\/66\/revisions"}],"wp:attachment":[{"href":"https:\/\/blogs.hoy.es\/catalanaconjamon\/wp-json\/wp\/v2\/media?parent=66"}],"wp:term":[{"taxonomy":"category","embeddable":true,"href":"https:\/\/blogs.hoy.es\/catalanaconjamon\/wp-json\/wp\/v2\/categories?post=66"},{"taxonomy":"post_tag","embeddable":true,"href":"https:\/\/blogs.hoy.es\/catalanaconjamon\/wp-json\/wp\/v2\/tags?post=66"}],"curies":[{"name":"wp","href":"https:\/\/api.w.org\/{rel}","templated":true}]}}