{"id":7,"date":"2012-04-08T21:33:00","date_gmt":"2012-04-08T21:33:00","guid":{"rendered":"http:\/\/blogs.hoy.es\/catalanaconjamon\/2012\/04\/08\/jorge-gruart-vila\/"},"modified":"2012-04-08T21:33:00","modified_gmt":"2012-04-08T21:33:00","slug":"jorge-gruart-vila","status":"publish","type":"post","link":"https:\/\/blogs.hoy.es\/catalanaconjamon\/2012\/04\/08\/jorge-gruart-vila\/","title":{"rendered":">Jorge Gruart Vila"},"content":{"rendered":"<p>><!--[if gte mso 9]>   Normal  0      21      false  false  false    ES  X-NONE  X-NONE                                       MicrosoftInternetExplorer4                                     <![endif]--><!--[if gte mso 9]>                                                                                                                                                                                                                                                                                    <![endif]--><!--[if gte mso 10]> \/* Style Definitions *\/  table.MsoNormalTable  {mso-style-name:\"Tabla normal\";  mso-tstyle-rowband-size:0;  mso-tstyle-colband-size:0;  mso-style-noshow:yes;  mso-style-priority:99;  mso-style-qformat:yes;  mso-style-parent:\"\";  mso-padding-alt:0cm 5.4pt 0cm 5.4pt;  mso-para-margin:0cm;  mso-para-margin-bottom:.0001pt;  mso-pagination:widow-orphan;  font-size:11.0pt;  font-family:\"Calibri\",\"sans-serif\";  mso-ascii-font-family:Calibri;  mso-ascii-theme-font:minor-latin;  mso-fareast-font-family:\"Times New Roman\";  mso-fareast-theme-font:minor-fareast;  mso-hansi-font-family:Calibri;  mso-hansi-theme-font:minor-latin;  mso-bidi-font-family:\"Times New Roman\";  mso-bidi-theme-font:minor-bidi;} <![endif]--> <\/p>\n<table align=\"center\" cellpadding=\"0\" cellspacing=\"0\" class=\"tr-caption-container\" style=\"margin-left: auto;margin-right: auto;text-align: center\">\n<tbody>\n<tr>\n<td style=\"text-align: center\"><a href=\"http:\/\/4.bp.blogspot.com\/-DaMtyl6AxHM\/T4IDGv_gGUI\/AAAAAAAABaU\/4DMZRoOnz10\/s1600\/Gruart+%282%29.jpg\"><img loading=\"lazy\" border=\"0\" height=\"240\" src=\"\/\/4.bp.blogspot.com\/-DaMtyl6AxHM\/T4IDGv_gGUI\/AAAAAAAABaU\/4DMZRoOnz10\/s320\/Gruart+%282%29.jpg\" width=\"320\" \/><\/a><\/td>\n<\/tr>\n<tr>\n<td class=\"tr-caption\" style=\"text-align: center\">Jorge Gruart, en el centro de la imagen<\/td>\n<\/tr>\n<\/tbody>\n<\/table>\n<div class=\"MsoNormal\"><span style=\"font-size: small\"><span style=\"line-height: 115%\">He querido iniciar la relaci\u00f3n de protagonista en \u201cCatalana con jam\u00f3n\u201d, con una de las personas que creo que mejor encarnan la filosof\u00eda de este blog, el intercambio y el encuentro social y cultural entre Extremadura y Catalunya: <b>Jorge Gruart Vila. <\/b>Hombre inquieto y decidido, ha desarrollado una prol\u00edfica actividad empresarial, ocupando en estos momentos la presidencia de la Asociaci\u00f3n de Empresarios de M\u00e9rida (AEME). Tambi\u00e9n fue durante varios a\u00f1os presidente del M\u00e9rida C.P.<\/span><\/span><\/div>\n<div class=\"MsoNormal\"><span style=\"font-size: small\"><span style=\"line-height: 115%\">Jorge es el continuador de una saga familiar de industriales dedicados a la fabricaci\u00f3n de tapones de corcho, cuyos or\u00edgenes se sit\u00faan en la localidad gerundense de Cass\u00e0 de la Selva, donde en 1925 se constituy\u00f3 la empresa GRUART y BAUS. Fue su padre, <b>\u00c1ngel Gruart Deus<\/b>, quien despu\u00e9s de la Guerra Civil impulsa una industria de preparaci\u00f3n y fabricaci\u00f3n de tapones de corcho en San Vicente de Alc\u00e1ntara (Badajoz), que dirigi\u00f3 durante m\u00e1s de 30 a\u00f1os.<\/span><\/span><\/div>\n<div class=\"MsoListParagraph\"><span style=\"font-size: small\"><b><i>\u00bfCu\u00e1l es tu vinculaci\u00f3n con Catalu\u00f1a?<\/i><\/b><\/span><\/div>\n<div class=\"MsoNormal\"><span style=\"font-size: small\"><span style=\"line-height: 115%\">Sigo vinculado a&nbsp; Catalu\u00f1a, principalmente por tener all\u00ed familia, y suelo hacer unas tres o cuatros visitas al a\u00f1o. Tambi\u00e9n, algunas otras, las hago coincidir aprovechando alg\u00fan viaje por temas de trabajo.<\/span><span style=\"line-height: 115%\"><\/span><\/span><\/div>\n<div class=\"MsoListParagraph\"><span style=\"font-size: small\"><b><i>\u00bfUn rinc\u00f3n de Catalu\u00f1a?<\/i><\/b><\/span><\/div>\n<div class=\"MsoNormal\"><span style=\"font-size: small\"><span style=\"line-height: 115%\">Ser\u00edan muchos, pero siempre recuerdo andanzas con mis primos&nbsp;por Tamariu y Llafranc&nbsp;en la costa, y en Gerona y Llambillas&nbsp;&nbsp;en el interior.<\/span><span style=\"line-height: 115%\"><\/span><\/span><\/div>\n<div class=\"MsoListParagraph\"><span style=\"font-size: small\"><b><i>\u00bfY de Extremadura?<\/i><\/b><\/span><\/div>\n<div class=\"MsoNormal\"><span style=\"font-size: small\"><span style=\"line-height: 115%\">En Extremadura, sin duda, la zona de Alburquerque, la franja que va desde San Vicente hacia Portugal,&nbsp;pasando por Valencia de Alc\u00e1ntara.<\/span><span style=\"line-height: 115%\"><\/span><\/span><\/div>\n<div class=\"separator\" style=\"clear: both;text-align: center\"><a href=\"http:\/\/2.bp.blogspot.com\/-gUNBmdzHD8Y\/T4IDozlsWII\/AAAAAAAABac\/2DASOTsqmiA\/s1600\/Jorge+Gruart+%281%29.jpg\"><img loading=\"lazy\" border=\"0\" height=\"320\" src=\"\/\/2.bp.blogspot.com\/-gUNBmdzHD8Y\/T4IDozlsWII\/AAAAAAAABac\/2DASOTsqmiA\/s320\/Jorge+Gruart+%281%29.jpg\" width=\"213\" \/><\/a><\/div>\n<div class=\"MsoNormal\"><span style=\"font-size: small\"><b><i>\u00bfAlg\u00fan recuerdo especial de Catalu\u00f1a?<\/i><\/b><\/span><\/div>\n<div class=\"MsoNormal\"><span style=\"font-size: small\"><span style=\"line-height: 115%\">Muchos, sobre todo de la Catalu\u00f1a de la ni\u00f1ez, de la &#8220;Festa Major&#8221;, de&nbsp; Playa de Aro y de los viajes a Le Boulou en&nbsp;Francia. Posteriormente me llam\u00f3 mucho la atenci\u00f3n la Semana Santa de Besal\u00fa, d\u00e1ndome la sensaci\u00f3n de estar en la de M\u00e9rida.&nbsp;<\/span><\/span><\/div>\n<div class=\"MsoNormal\"><span style=\"font-size: small\"><b><i>\u00bfNos recomendar\u00eda alg\u00fan plato de la cocina catalana que le guste especialmente?<\/i><\/b><\/span><\/div>\n<div class=\"MsoNormal\"><span style=\"font-size: small\"><span style=\"line-height: 115%\">Recordando el arroz negro que hac\u00eda mi abuela,&nbsp;recomendar\u00eda un plato de un restaurante de Campllonch, &#8220;galtas a la llaminera&#8221;, que aqu\u00ed podr\u00eda&nbsp;ser una carrillada con otros complementos. Adem\u00e1s de los platos m\u00e1s conocidos, ahora hay una cocina catalana muy innovadora que, a veces, no comparto.<\/span><\/span><\/div>\n<div class=\"MsoNormal\"><span style=\"font-size: small\"><b><i>\u00bfY de la cocina extreme\u00f1a?<\/i><\/b><\/span><\/div>\n<div class=\"MsoNormal\"><span style=\"font-size: small\"><span style=\"line-height: 115%\">Sin duda el incomparable buche y las mondongas de San Vicente, as\u00ed como el cochinillo de Torremayor. Nuestras materias primas permiten platos excelentes.&nbsp;<\/span><\/span><\/div>\n<div class=\"MsoListParagraph\"><span style=\"font-size: small\"><b><i>\u00bfCree que hay suficiente conocimiento mutuo entre extreme\u00f1os y catalanes?<\/i><\/b><\/span><\/div>\n<div class=\"MsoNormal\"><span style=\"font-size: small\"><span style=\"line-height: 115%\">Es evidente que no, y tampoco conozco actividades que mantengan contacto alguno. Creo que s\u00f3lo subsisten&nbsp; relaciones&nbsp;puramente empresariales.<\/span><span style=\"line-height: 115%\"><\/span><\/span><\/div>\n<div class=\"MsoNormal\"><span style=\"font-size: small\"><b><span style=\"line-height: 115%\">&nbsp;<\/span><i>\u00bfAlgo que le parezca destacado de la cultura en Catalu\u00f1a?<\/i><\/b><\/span><\/div>\n<div class=\"MsoNormal\"><span style=\"font-size: small\"><span style=\"line-height: 115%\">De Catalu\u00f1a destacar\u00eda su decidida vocaci\u00f3n por el mantenimiento de sus costumbres y tradiciones. Y adem\u00e1s, desde su ventajosa situaci\u00f3n hacia Europa,&nbsp;hacen una fuerte defensa de&nbsp;su patrimonio cultural.<\/span><span style=\"line-height: 115%\">&nbsp;<\/span><\/span><\/div>\n<div class=\"MsoNormal\"><span style=\"font-size: small\"><b><i>\u00bfY de la cultura en Extremadura?<\/i><\/b><span style=\"line-height: 115%\"> Los extreme\u00f1os tenemos un hist\u00f3rico bagaje cultural&nbsp; ampliamente reconocido. Y, ahora,&nbsp; la eclosi\u00f3n del turismo&nbsp;est\u00e1 permitiendo a propios y extra\u00f1os descubrir un patrimonio art\u00edstico inigualable&nbsp;que, adem\u00e1s, act\u00faa c\u00f3mo excelente generador de riqueza para la regi\u00f3n. Deber\u00edamos luchar m\u00e1s por ello,&nbsp;defendiendo mejor <i>lo nuestro<\/i>.<\/span><span style=\"line-height: 115%\"><\/span><\/span><\/div>\n<div class=\"MsoNormal\"><span style=\"font-size: small\"><b><i>\u00bfAlguna consideraci\u00f3n final para los seguidores presentes y futuros de este blog?<\/i><\/b><span style=\"line-height: 115%\"> Continuar\u00e1 siendo tarea dif\u00edcil, que no imposible, hacer o\u00eddos sordos a&nbsp; t\u00f3picos y extremismos sobre catalanes y extreme\u00f1os. Yo formo parte de una generaci\u00f3n&nbsp; que, hace muchos a\u00f1os, aprendi\u00f3 de la seriedad de los catalanes y de la bondad de los extreme\u00f1os,&nbsp;para desarrollar&nbsp;sin problema alguno una vida familiar y &nbsp;profesional en la que los valores de Extremadura y Catalu\u00f1a siempre primaron por encima de todo. Tambi\u00e9n&nbsp;he asumido, cuando he tenido que hacerlo,&nbsp; mis compromisos con la sociedad extreme\u00f1a, simplemente&nbsp;siendo lo&nbsp;que&nbsp;soy:&nbsp;un extreme\u00f1o nacido en Catalu\u00f1a.<\/span><span style=\"line-height: 115%\"><\/span><span style=\"line-height: 115%\">Mis padres catalanes, mis hijas extreme\u00f1as, y, en medio, una mujer extreme\u00f1a, de San Vicente de Alc\u00e1ntara, y yo, catal\u00e1n de Cass\u00e1 de la Selva. Tanto all\u00ed&nbsp;c\u00f3mo aqu\u00ed, en Catalu\u00f1a o en Extremadura, siempre nos hemos encontrado &#8220;en casa&#8221;.<\/span><span style=\"line-height: 115%\"><\/span><\/span><\/div>\n<div class=\"MsoNormal\" style=\"text-align: justify\"><span style=\"font-size: small\"><span>&nbsp;&#8220;Catalana de jam\u00f3n&#8221;,&nbsp;dentro de&nbsp;ese apasionante mundo de las nuevas tecnolog\u00edas, puede ser&nbsp;un excelente&nbsp;veh\u00edculo para&nbsp;un mejor&nbsp;conocimiento mutuo entre extreme\u00f1os y catalanes.&nbsp; Desde&nbsp; &#8220;Catalana de jam\u00f3n&#8221;, entre todos, podr\u00edamos poner ese granito de arena que siempre hace falta en esta apasionante vida que nos ha tocado vivir: la convivencia. Hag\u00e1moslo, y, si es as\u00ed, contad conmigo.<\/span><span><\/span><\/span><\/div>\n<div class=\"MsoNormal\"><\/div>\n<div class=\"MsoNormal\"><\/div>\n<!-- AddThis Advanced Settings generic via filter on the_content --><!-- AddThis Share Buttons generic via filter on the_content -->","protected":false},"excerpt":{"rendered":"<p>> Jorge Gruart, en el centro de la imagen He querido iniciar la relaci\u00f3n de protagonista en \u201cCatalana con jam\u00f3n\u201d, con una de las personas que creo que mejor encarnan la filosof\u00eda de este blog, el intercambio y el encuentro social y cultural entre Extremadura y Catalunya: Jorge Gruart Vila. Hombre inquieto y decidido, ha [&hellip;]<!-- AddThis Advanced Settings generic via filter on get_the_excerpt --><!-- AddThis Share Buttons generic via filter on get_the_excerpt --><\/p>\n","protected":false},"author":51,"featured_media":0,"comment_status":"open","ping_status":"closed","sticky":false,"template":"","format":"standard","meta":[],"categories":[7],"tags":[],"_links":{"self":[{"href":"https:\/\/blogs.hoy.es\/catalanaconjamon\/wp-json\/wp\/v2\/posts\/7"}],"collection":[{"href":"https:\/\/blogs.hoy.es\/catalanaconjamon\/wp-json\/wp\/v2\/posts"}],"about":[{"href":"https:\/\/blogs.hoy.es\/catalanaconjamon\/wp-json\/wp\/v2\/types\/post"}],"author":[{"embeddable":true,"href":"https:\/\/blogs.hoy.es\/catalanaconjamon\/wp-json\/wp\/v2\/users\/51"}],"replies":[{"embeddable":true,"href":"https:\/\/blogs.hoy.es\/catalanaconjamon\/wp-json\/wp\/v2\/comments?post=7"}],"version-history":[{"count":0,"href":"https:\/\/blogs.hoy.es\/catalanaconjamon\/wp-json\/wp\/v2\/posts\/7\/revisions"}],"wp:attachment":[{"href":"https:\/\/blogs.hoy.es\/catalanaconjamon\/wp-json\/wp\/v2\/media?parent=7"}],"wp:term":[{"taxonomy":"category","embeddable":true,"href":"https:\/\/blogs.hoy.es\/catalanaconjamon\/wp-json\/wp\/v2\/categories?post=7"},{"taxonomy":"post_tag","embeddable":true,"href":"https:\/\/blogs.hoy.es\/catalanaconjamon\/wp-json\/wp\/v2\/tags?post=7"}],"curies":[{"name":"wp","href":"https:\/\/api.w.org\/{rel}","templated":true}]}}