{"id":76,"date":"2012-11-12T10:41:20","date_gmt":"2012-11-12T08:41:20","guid":{"rendered":"http:\/\/blogs.hoy.es\/catalanaconjamon\/?p=76"},"modified":"2012-11-12T10:41:20","modified_gmt":"2012-11-12T08:41:20","slug":"fernando-el-catolico-guadalupe-y-los-payeses-catalanes","status":"publish","type":"post","link":"https:\/\/blogs.hoy.es\/catalanaconjamon\/2012\/11\/12\/fernando-el-catolico-guadalupe-y-los-payeses-catalanes\/","title":{"rendered":"Fernando el Cat\u00f3lico, Guadalupe y los payeses catalanes"},"content":{"rendered":"<p><strong>La serie televisiva <a href=\"http:\/\/www.rtve.es\/television\/isabel-la-catolica\/\"><em>Isabel<\/em><\/a>, que emite los lunes TVE, adem\u00e1s de traer al primer plano de la actualidad la figura de la que lleg\u00f3 a ser reina de Castilla en 1474, tambi\u00e9n lo ha hecho con la figura del que fue su consorte, Fernando de Arag\u00f3n. Como es bien conocido, ambos pasaron a la historia bajo el t\u00edtulo de <em>Reyes Cat\u00f3licos<\/em>, siendo los primeros en unir bajo un mismo mando los dos grandes reinos peninsulares, Portugal aparte. La presencia aqu\u00ed, en <em>Catalana con jam\u00f3n<\/em>, de la figura de Fernado II de Arag\u00f3n, se debe a que uno de los hechos m\u00e1s importantes de su reinado, la resoluci\u00f3n del conflicto que enfrentaba a los payeses catalanes con la nobleza feudal, tuvo lugar en el <a href=\"http:\/\/www.monasterioguadalupe.com\/\">Real Monasterio de Guadalupe.<\/a><\/strong><\/p>\n<a href=\"\/catalanaconjamon\/wp-content\/uploads\/sites\/49\/2012\/11\/Fernando-el-Cat\u00f3lico.jpg\"><img loading=\"lazy\" class=\"size-full wp-image-78\" title=\"Fernando el Cat\u00f3lico\" src=\"\/catalanaconjamon\/wp-content\/uploads\/sites\/49\/2012\/11\/Fernando-el-Cat\u00f3lico.jpg\" alt=\"\" width=\"620\" height=\"282\" srcset=\"https:\/\/static-blogs.hoy.es\/wp-content\/uploads\/sites\/49\/2012\/11\/Fernando-el-Cat\u00f3lico.jpg 620w, https:\/\/static-blogs.hoy.es\/wp-content\/uploads\/sites\/49\/2012\/11\/Fernando-el-Cat\u00f3lico-300x136.jpg 300w\" sizes=\"(max-width: 620px) 100vw, 620px\" \/><\/a>\n<p>La <strong>Sentencia Arbitral de Guadalupe<\/strong> fue dictada en el cacere\u00f1o monasterio de Las Villuercas, el 21 de abril de 1486. Con su adopci\u00f3n se pon\u00eda punto y final a un largo per\u00edodo de conflictos en Catalunya, que hab\u00eda enfrentado a los payeses contra la nobleza rural y sus privilegios feudales, los denominados <em>malos usos<\/em>. Estos, similares a los que estaban sometidos en otros territorios los siervos de la gleba, consist\u00edan en que los payeses, pese a ser considerados hombres libres, no pod\u00edan abandonar las tierras del se\u00f1or para el que trabajaban, porque estaban adscritos a las mismas de modo forzoso y hereditario. La \u00fanica forma de marcharse, y conseguir por tanto la libertad de movimientos, era mediante el pago de un rescate o <em>remen\u00e7a.<\/em><\/p>\n<p><em><\/em>La lucha por estos derechos, se entrecruz\u00f3 con los habituales conflictos entre la realeza, representados en este caso por el enfrentamiento entre el rey de Arag\u00f3n,<strong> Juan II<\/strong>, y su hijo <strong>Carlos de Viana<\/strong>, a cuenta de la sucesi\u00f3n al trono de Navarra. Hecho prisionero por su padre, las Cortes catalanas, reunidas en Lleida en 1460, deciden asumir su defensa. Su muerte en 1461, ser\u00e1 el detonante del inicio de la guerra civil catalana, que enfrent\u00f3 por una parte a los seguidores realistas y, por otra, a los nobles y a las instituciones aut\u00f3ctonas, como la Diputaci\u00f3 del General y el Consell de Cent.<\/p>\n<p>En medio de este fragor, que oblig\u00f3 al rey Juan II a exiliarse a Arag\u00f3n, dejando como regente en Catalunya a su esposa, la reina <strong>Juana Enr\u00edquez<\/strong>, junto a su hijo Fernando, el futuro <em>rey cat\u00f3lico<\/em>; se produce el primero de los levantamientos de los payeses, que se ponen de lado del bando real.<\/p>\n<p><a href=\"\/catalanaconjamon\/wp-content\/uploads\/sites\/49\/2012\/11\/sentencia-guadalupe-L-B9LrSJ.jpeg\"><img loading=\"lazy\" class=\"alignleft size-full wp-image-79\" title=\"sentencia-guadalupe-L-B9LrSJ\" src=\"\/catalanaconjamon\/wp-content\/uploads\/sites\/49\/2012\/11\/sentencia-guadalupe-L-B9LrSJ.jpeg\" alt=\"\" width=\"320\" height=\"307\" srcset=\"https:\/\/static-blogs.hoy.es\/wp-content\/uploads\/sites\/49\/2012\/11\/sentencia-guadalupe-L-B9LrSJ.jpeg 320w, https:\/\/static-blogs.hoy.es\/wp-content\/uploads\/sites\/49\/2012\/11\/sentencia-guadalupe-L-B9LrSJ-300x288.jpeg 300w\" sizes=\"(max-width: 320px) 100vw, 320px\" \/><\/a>La contienda concluye en 1472, con la capitulaci\u00f3n del bando nobiliario e institucional catal\u00e1n, frente a los realistas, que hab\u00edan recibido la inestimable y costos\u00edsima ayuda de las huestes francesas de <strong>Luis XI<\/strong>, a cambio de ceder los territorios catalano-aragoneses del Rosell\u00f3n y la Cerdanya. Los payeses esperaban que su contribuci\u00f3n en favor de Juan II se viera recompensada por la abolici\u00f3n de los <em>malos usos<\/em>. Pero no sucedi\u00f3 as\u00ed. Juan II, viejo y enfermo, se dedic\u00f3 a contemporizar con la nobleza, preocupado adem\u00e1s como estaba por asegurar el enlace con Castilla a trav\u00e9s de la boda de su hijo Fernando con Isabel.<\/p>\n<p>La no resoluci\u00f3n del problema, hizo que la situaci\u00f3n del campesinado catal\u00e1n fuera de constante conflictividad, con abundantes revueltas y levantamientos. Ya reinando en Arag\u00f3n, Fernando II, en setiembre de 1484 se inicia la <em>segunda guerra remen\u00e7a<\/em>. La virulencia y persistencia del conflicto que enfrentaba a los payeses contra la nobleza y las instituciones catalanas obliga a Fernando II, enfrascado entonces junto a Isabel en la conquista de Granada, a buscar la negociaci\u00f3n como v\u00eda de resoluci\u00f3n, ofreci\u00e9ndose como mediador entre las partes. Esta intervenci\u00f3n cristaliza la ya mencionada fecha del 21 de abril de 1486, con la Sentencia Arbitral e Guadalupe, con la que se pone fin al enfrentamiento y se resuelven, en parte los problemas. Con la sentencia, los payeses consiguen el dominio \u00fatil sobre los terenos que cultivan a cambio de una cantidad relativamente peque\u00f1a. Tambi\u00e9n consiguen, a cambio de otro pago, que se aboliese el derecho de los se\u00f1ores a maltratarlos y otros cuantos derechos feudales. Eso s\u00ed, deben seguir rindiendo pleites\u00eda a los se\u00f1ores, aunque se elimina cualquier vinculo de servidumbre.<\/p>\n<p>La libertad personal que los payeses catalanes consiguieron en el siglo XV, y que en el resto de la Pen\u00ednsula y en otros pa\u00edses europeos no se lograr\u00eda hasta bien entrados los siglos XVIII y, seg\u00fan d\u00f3nde, hasta el siglo XIX, supuso un importante impulso econ\u00f3mico y social para Catalunya, porque eximidos de la vinculaci\u00f3n al se\u00f1or y al territorio, muchos de ellos pudieron cambiar de residencia y dedicarse a otras tareas, como las comerciales, artesanas e industriales.<\/p>\n<p>La explicaci\u00f3n del hecho de que la resoluci\u00f3n se dictase en Guadalupe se debe a que los Reyes Cat\u00f3licos pasaron diversos per\u00edodos en el cercano <a href=\"http:\/\/extremadurense.blogspot.com.es\/2011\/01\/palacio-de-mirabel-guadalupe-caceres.html\">Palacio de Mirabel<\/a>.<\/p>\n<p>&nbsp;<\/p>\n<!-- AddThis Advanced Settings generic via filter on the_content --><!-- AddThis Share Buttons generic via filter on the_content -->","protected":false},"excerpt":{"rendered":"<p>La serie televisiva Isabel, que emite los lunes TVE, adem\u00e1s de traer al primer plano de la actualidad la figura de la que lleg\u00f3 a ser reina de Castilla en 1474, tambi\u00e9n lo ha hecho con la figura del que fue su consorte, Fernando de Arag\u00f3n. Como es bien conocido, ambos pasaron a la historia [&hellip;]<!-- AddThis Advanced Settings generic via filter on get_the_excerpt --><!-- AddThis Share Buttons generic via filter on get_the_excerpt --><\/p>\n","protected":false},"author":51,"featured_media":0,"comment_status":"open","ping_status":"closed","sticky":false,"template":"","format":"standard","meta":[],"categories":[6],"tags":[106,122,150,167,215,217,244,269,298,328,340,362,374,377,399,426,430,451,490],"_links":{"self":[{"href":"https:\/\/blogs.hoy.es\/catalanaconjamon\/wp-json\/wp\/v2\/posts\/76"}],"collection":[{"href":"https:\/\/blogs.hoy.es\/catalanaconjamon\/wp-json\/wp\/v2\/posts"}],"about":[{"href":"https:\/\/blogs.hoy.es\/catalanaconjamon\/wp-json\/wp\/v2\/types\/post"}],"author":[{"embeddable":true,"href":"https:\/\/blogs.hoy.es\/catalanaconjamon\/wp-json\/wp\/v2\/users\/51"}],"replies":[{"embeddable":true,"href":"https:\/\/blogs.hoy.es\/catalanaconjamon\/wp-json\/wp\/v2\/comments?post=76"}],"version-history":[{"count":0,"href":"https:\/\/blogs.hoy.es\/catalanaconjamon\/wp-json\/wp\/v2\/posts\/76\/revisions"}],"wp:attachment":[{"href":"https:\/\/blogs.hoy.es\/catalanaconjamon\/wp-json\/wp\/v2\/media?parent=76"}],"wp:term":[{"taxonomy":"category","embeddable":true,"href":"https:\/\/blogs.hoy.es\/catalanaconjamon\/wp-json\/wp\/v2\/categories?post=76"},{"taxonomy":"post_tag","embeddable":true,"href":"https:\/\/blogs.hoy.es\/catalanaconjamon\/wp-json\/wp\/v2\/tags?post=76"}],"curies":[{"name":"wp","href":"https:\/\/api.w.org\/{rel}","templated":true}]}}