{"id":8,"date":"2012-04-12T07:04:00","date_gmt":"2012-04-12T07:04:00","guid":{"rendered":"http:\/\/blogs.hoy.es\/catalanaconjamon\/2012\/04\/12\/montse-y-jose-biznietos-de-la-salamina-de-olivenza\/"},"modified":"2012-04-12T07:04:00","modified_gmt":"2012-04-12T07:04:00","slug":"montse-y-jose-biznietos-de-la-salamina-de-olivenza","status":"publish","type":"post","link":"https:\/\/blogs.hoy.es\/catalanaconjamon\/2012\/04\/12\/montse-y-jose-biznietos-de-la-salamina-de-olivenza\/","title":{"rendered":">Montse y Jos\u00e9, biznietos de La Salamina de Olivenza"},"content":{"rendered":"<p>><\/p>\n<table align=\"center\" cellpadding=\"0\" cellspacing=\"0\" class=\"tr-caption-container\" style=\"float: right;margin-left: 1em;text-align: right\">\n<tbody>\n<tr>\n<td style=\"text-align: center\"><a href=\"http:\/\/4.bp.blogspot.com\/-HuPBKhr_OlY\/T4Z9d5-Oa3I\/AAAAAAAABbw\/6YDR8g9HZ3k\/s1600\/la+foto.JPG\"><img loading=\"lazy\" border=\"0\" height=\"320\" src=\"\/\/4.bp.blogspot.com\/-HuPBKhr_OlY\/T4Z9d5-Oa3I\/AAAAAAAABbw\/6YDR8g9HZ3k\/s320\/la+foto.JPG\" width=\"238\" \/><\/a><\/td>\n<\/tr>\n<tr>\n<td class=\"tr-caption\" style=\"text-align: center\">Jos\u00e9 y Montse en la pescader\u00eda Salamina de Badajoz<\/td>\n<\/tr>\n<\/tbody>\n<\/table>\n<p><span style=\"font-size: small\"><span><b>Jos\u00e9 V\u00e1zquez<\/b>y <b>Montserrat Rodr\u00edguez<\/b> son una pareja de origen oliventino que, tras pasar toda su vida en Sant Boi y el Prat de Llobregat (Barcelona), se han afincado en la tierra de sus mayores. Desde hace un par de a\u00f1os regentan en Badajoz, en la barriada de Valdepasillas, una pescader\u00eda que lleva el nombre del apodo de su bisabuela com\u00fan: <i><b>Salamina<\/b><\/i>.<\/span><\/span><\/p>\n<div class=\"MsoNormal\" style=\"line-height: normal;text-align: justify\"><span style=\"font-size: small\"><span>El motivo de este traslado fue la separaci\u00f3n de Montse. La dificultad de vivir en Barcelona con una hija y con su sueldo <i>mileurista<\/i>, unido al deseo de sus padres de residir en el chalet que ten\u00edan en Olivenza, es lo que hizo que todos decidieran venirse a vivir aqu\u00ed. Adem\u00e1s, unos primos empresarios de Montse le ofrecieron trabajo en uno de sus negocios. Como reconoce Jos\u00e9, hasta aqu\u00ed todo fue perfecto, pero quedaba pendiente la relaci\u00f3n entre ellos dos, que acababa de empezar. <\/span><\/span><\/div>\n<div class=\"MsoNormal\" style=\"line-height: normal;text-align: justify\"><span style=\"font-size: small\"><span>Tanto Montse como Jos\u00e9 llevaban m\u00e1s de 30 a\u00f1os trabajando en el comercio del pescado, por lo que desde Barcelona hicieron un estudio de mercado en la zona de Badajoz y descubrieron bastantes posibilidades de que un negocio como \u00e9ste funcionase. \u201cY bueno, aqu\u00ed estamos, -dicen los dos- trabajando en lo que nos gusta y d\u00e1ndole vida a nuestra relaci\u00f3n\u201d.<\/span><\/span><\/div>\n<div class=\"MsoNormal\" style=\"line-height: normal;margin-bottom: 0.0001pt;text-align: justify\"><span style=\"font-size: small\"><b><i><span>\u00bfQu\u00e9 tal est\u00e1 siendo la experiencia, qu\u00e9 tal acogida hab\u00e9is tenido entre la clientela? <\/span><\/i><\/b><\/span><\/div>\n<div class=\"MsoNormal\" style=\"line-height: normal;margin-bottom: 0.0001pt;text-align: justify\"><span style=\"font-size: small\"><span>La experiencia en cuanto al recibimiento y trato con la gente no pod\u00eda haber sido mejor, encontr\u00e1ndonos con unas gentes amables, acogedoras, francas y nobles. No ocurri\u00f3 lo mismo en cuanto a la forma de enfocar el negocio, pues aqu\u00ed el env\u00edo de productos vivos de las lonjas espa\u00f1olas es bastante dif\u00edcil debido a problemas en las infraestructuras del transporte. Despu\u00e9s de un a\u00f1o de negociaciones con los diferentes proveedores de algunas lonjas, pescados Salamina est\u00e1&nbsp; posicionada de forma que puede abastecer a la ciudad de Badajoz de un g\u00e9nero que es el mismo que pueden encontrar en cualquier pueblo de nuestras costas.<\/span><\/span><\/div>\n<div class=\"MsoNormal\" style=\"line-height: normal;margin-bottom: 0.0001pt;text-align: justify\"><span style=\"font-size: small\"><span><\/span><b><i><span>\u00bfHab\u00e9is notado diferencias en los h\u00e1bitos de consumo entre los clientes extreme\u00f1os y los que ten\u00edais en Barcelona?, \u00bfcu\u00e1l es la diferencia que m\u00e1s os ha sorprendido?<\/span><\/i><\/b><\/span><\/div>\n<div class=\"MsoNormal\" style=\"line-height: normal;text-align: justify\"><span style=\"font-size: small\"><span>La diferencia b\u00e1sica de consumo entre Badajoz y Catalunya es que aqu\u00ed la gente cocina menos y lo hace de forma diferente, cociendo muchos productos que en Catalunya se suelen hacer a la plancha.<\/span><\/span><\/div>\n<div class=\"MsoNormal\" style=\"line-height: normal;margin-bottom: 0.0001pt\"><span style=\"font-size: small\"><b><i><span>\u00bfConoc\u00edais Extremadura?<\/span><\/i><\/b><\/span><\/div>\n<div class=\"MsoNormal\" style=\"line-height: normal;text-align: justify\"><span style=\"font-size: small\"><span>Montse un poco, yo no.<\/span><\/span><\/div>\n<div class=\"MsoNormal\" style=\"line-height: normal;margin-bottom: 0.0001pt;text-align: justify\"><span style=\"font-size: small\"><b><i><span>En este tiempo me imagino que hab\u00e9is tenido oportunidad de recorrer distintos lugares de la regi\u00f3n: \u00bfcu\u00e1l es el que m\u00e1s os ha gustado?<\/span><\/i><\/b><\/span><\/div>\n<div class=\"MsoNormal\" style=\"line-height: normal;text-align: justify\"><span style=\"font-size: small\"><span>Trujillo.<\/span><\/span><\/div>\n<div class=\"MsoNormal\" style=\"line-height: normal;margin-bottom: 0.0001pt\"><span style=\"font-size: small\"><b><i><span>Y de Catalunya, \u00bfcu\u00e1l era vuestro rinc\u00f3n favorito? <\/span><\/i><\/b><\/span><\/div>\n<div class=\"MsoNormal\" style=\"line-height: normal\"><span style=\"font-size: small\"><span>La Costa Brava.<\/span><\/span><\/div>\n<div class=\"MsoNormal\" style=\"line-height: normal;margin-bottom: 0.0001pt;text-align: justify\">\n<table cellpadding=\"0\" cellspacing=\"0\" class=\"tr-caption-container\" style=\"float: left;margin-right: 1em;text-align: left\">\n<tbody>\n<tr>\n<td style=\"text-align: center\"><a href=\"http:\/\/1.bp.blogspot.com\/-clECzPyMQPk\/T4Z-3gbOqII\/AAAAAAAABb4\/7_w8xNPwtdY\/s1600\/Josep+en+bici.JPG\"><img loading=\"lazy\" border=\"0\" height=\"180\" src=\"\/\/1.bp.blogspot.com\/-clECzPyMQPk\/T4Z-3gbOqII\/AAAAAAAABb4\/7_w8xNPwtdY\/s320\/Josep+en+bici.JPG\" width=\"320\" \/><\/a><\/td>\n<\/tr>\n<tr>\n<td class=\"tr-caption\" style=\"text-align: center\">Con la pe\u00f1a &#8220;Os Pelinhas&#8221; de Olivenza<\/td>\n<\/tr>\n<\/tbody>\n<\/table>\n<p><span style=\"font-size: small\"><b><i><span>Jos\u00e9, eres muy aficionado a los deportes al aire libre, en especial el monta\u00f1ismo. \u00bfC\u00f3mo satisfaces esas aficiones ahora que est\u00e1s en Olivenza? <\/span><\/i><\/b><\/span><\/div>\n<div class=\"MsoNormal\" style=\"line-height: normal;text-align: justify\"><span style=\"font-size: small\"><span>Subiendo a la Sierra de Alor y de cuando en cuando alguna escapada a la Sierra de Gredos.<\/span><\/span><\/div>\n<div class=\"MsoNormal\" style=\"line-height: normal;margin-bottom: 0.0001pt;text-align: justify\"><span style=\"font-size: small\"><b><i><span>\u00bfNos pod\u00e9is recomendar un plato de la cocina catalana y otro de la cocina extreme\u00f1a? <\/span><\/i><\/b><\/span><\/div>\n<div class=\"MsoNormal\" style=\"line-height: normal\"><span style=\"font-size: small\"><span>Plato catal\u00e1n: el suquet de peix. Plato extreme\u00f1o: cocido extreme\u00f1o.<\/span><\/span><\/div>\n<div class=\"MsoNormal\" style=\"line-height: normal;margin-bottom: 0.0001pt;text-align: justify\"><span style=\"font-size: small\"><b><i><span>\u00bfMe pod\u00e9is contar brevemente la historia de La Salamina, que era una antepasada com\u00fan vuestra? <\/span><\/i><\/b><\/span><\/div>\n<div class=\"MsoNormal\" style=\"line-height: normal;margin-bottom: 0.0001pt;text-align: justify\"><span style=\"font-size: small\"><span>Resumir la historia de La Salamina en pocas palabras es dif\u00edcil. <br \/>El nombre proviene de nuestra bisabuela com\u00fan. Se lo pusieron porque al nacer pes\u00f3 lo mismo que un celem\u00edn: 4,625kg. Al ser ni\u00f1a empezaron a llamarla cari\u00f1osamente Salamina.<\/span><\/span><\/div>\n<div class=\"MsoNormal\" style=\"line-height: normal;margin-bottom: 0.0001pt;text-align: justify\"><span style=\"font-size: small\"><span><b>Victoria Rodr\u00edguez<\/b>, La Salamina, lleg\u00f3 a ser maestra. Se cas\u00f3 y tuvo 5 hijos, que tuvieron la suerte, en aquellos tiempos, de tener una buena formaci\u00f3n cultural. <\/span><\/span><\/div>\n<div class=\"MsoNormal\" style=\"line-height: normal;margin-bottom: 0.0001pt;text-align: justify\"><span style=\"font-size: small\"><span><b>Castora<\/b>, que as\u00ed se llamaba una de las hijas, era una persona enjuta y amable. Fue una mujer a la que, al igual que su madre, le gustaba la ense\u00f1anza y, aparte de heredar la capacidad para dar clases, tambi\u00e9n hered\u00f3 su mote: Salamina.<br \/>Hac\u00eda venir a su casa a las gentes m\u00e1s desfavorecidas del barrio y en una peque\u00f1a habitaci\u00f3n les daba clases de historia, lengua, matem\u00e1ticas, etc.; aparte de ense\u00f1ar a bordar y otras actividades. La cultura comenzaba a entrar poquito a poco en muchos hogares en plena posguerra.<\/span><\/span><\/div>\n<div class=\"MsoNormal\" style=\"line-height: normal;margin-bottom: 0.0001pt;text-align: justify\"><span style=\"font-size: small\"><span>En 1944 los alumnos llegaban al centenar. Ante tal incremento, un osado sacerdote, con mayor influencia que Castora, solicita del ayuntamiento y del ministerio la construcci\u00f3n de una escuela, que fue concedida despu\u00e9s de mucha insistencia. Todo el m\u00e9rito se adjudic\u00f3 injustamente a dicho sacerdote, llevando el colegio del barrio su nombre.<\/span><\/span><\/div>\n<div class=\"MsoNormal\" style=\"line-height: normal;margin-bottom: 0.0001pt;text-align: justify\"><span style=\"font-size: small\"><span>No sabemos qui\u00e9n ha desempolvado esta historia, pero me alegro de que se haya hecho. Olivenza estaba en deuda con Castora. Reconocer p\u00fablicamente su callada labor y su aportaci\u00f3n personal a la educaci\u00f3n y la cultura es un m\u00e9rito que no se le pod\u00eda negar. &nbsp;<\/span><\/span><\/div>\n<div class=\"MsoNormal\" style=\"line-height: normal;margin-bottom: 0.0001pt;text-align: justify\"><span style=\"font-size: small\"><span>El Ayuntamiento de Olivenza, para honrarla, construy\u00f3 un centro cultural y le dedic\u00f3 el nombre de una calle, en un acto p\u00fablico, adem\u00e1s de hacer un estudio sobre su vida, del que se entreg\u00f3 una copia a la familia, guardando otra en la biblioteca municipal.<\/span><\/span><\/div>\n<!-- AddThis Advanced Settings generic via filter on the_content --><!-- AddThis Share Buttons generic via filter on the_content -->","protected":false},"excerpt":{"rendered":"<p>> Jos\u00e9 y Montse en la pescader\u00eda Salamina de Badajoz Jos\u00e9 V\u00e1zquezy Montserrat Rodr\u00edguez son una pareja de origen oliventino que, tras pasar toda su vida en Sant Boi y el Prat de Llobregat (Barcelona), se han afincado en la tierra de sus mayores. Desde hace un par de a\u00f1os regentan en Badajoz, en la [&hellip;]<!-- AddThis Advanced Settings generic via filter on get_the_excerpt --><!-- AddThis Share Buttons generic via filter on get_the_excerpt --><\/p>\n","protected":false},"author":51,"featured_media":0,"comment_status":"open","ping_status":"closed","sticky":false,"template":"","format":"standard","meta":[],"categories":[7],"tags":[],"_links":{"self":[{"href":"https:\/\/blogs.hoy.es\/catalanaconjamon\/wp-json\/wp\/v2\/posts\/8"}],"collection":[{"href":"https:\/\/blogs.hoy.es\/catalanaconjamon\/wp-json\/wp\/v2\/posts"}],"about":[{"href":"https:\/\/blogs.hoy.es\/catalanaconjamon\/wp-json\/wp\/v2\/types\/post"}],"author":[{"embeddable":true,"href":"https:\/\/blogs.hoy.es\/catalanaconjamon\/wp-json\/wp\/v2\/users\/51"}],"replies":[{"embeddable":true,"href":"https:\/\/blogs.hoy.es\/catalanaconjamon\/wp-json\/wp\/v2\/comments?post=8"}],"version-history":[{"count":0,"href":"https:\/\/blogs.hoy.es\/catalanaconjamon\/wp-json\/wp\/v2\/posts\/8\/revisions"}],"wp:attachment":[{"href":"https:\/\/blogs.hoy.es\/catalanaconjamon\/wp-json\/wp\/v2\/media?parent=8"}],"wp:term":[{"taxonomy":"category","embeddable":true,"href":"https:\/\/blogs.hoy.es\/catalanaconjamon\/wp-json\/wp\/v2\/categories?post=8"},{"taxonomy":"post_tag","embeddable":true,"href":"https:\/\/blogs.hoy.es\/catalanaconjamon\/wp-json\/wp\/v2\/tags?post=8"}],"curies":[{"name":"wp","href":"https:\/\/api.w.org\/{rel}","templated":true}]}}