{"id":87,"date":"2012-12-19T08:37:40","date_gmt":"2012-12-19T06:37:40","guid":{"rendered":"http:\/\/blogs.hoy.es\/catalanaconjamon\/?p=87"},"modified":"2012-12-19T08:37:40","modified_gmt":"2012-12-19T06:37:40","slug":"jesus-vilallonga-de-manresa-a-badajoz-a-caballo-de-las-nuevas-tecnologias","status":"publish","type":"post","link":"https:\/\/blogs.hoy.es\/catalanaconjamon\/2012\/12\/19\/jesus-vilallonga-de-manresa-a-badajoz-a-caballo-de-las-nuevas-tecnologias\/","title":{"rendered":"Jes\u00fas Vilallonga, de Manresa a Badajoz, a caballo de las nuevas tecnolog\u00edas"},"content":{"rendered":"<p><strong>Hace unos 7 a\u00f1os, Jes\u00fas Vilallonga Vilarmau, natural de la ciudad de Manresa, en la barcelonesa comarca del Bages, decidi\u00f3 instalarse en Extremadura, concretamente en Badajoz, donde ya conoc\u00eda a la que ahora es su pareja. Como t\u00e9cnico de imagen y sonido, hab\u00eda trabajado en su tierra en la creaci\u00f3n de una emisora de televisi\u00f3n, proyecto que se trunc\u00f3 tras el reparto de las licencias de TDT en el \u00e1mbito nacional. Ahora es el encargado de la tienda inform\u00e1tica Mecanorba en la calle Santo Domingo de Badajoz.<br \/>\n<\/strong><\/p>\n<div id=\"attachment_89\" style=\"width: 308px\" class=\"wp-caption alignleft\"><a href=\"\/catalanaconjamon\/wp-content\/uploads\/sites\/49\/2012\/12\/2012-12-15-13.48.251.jpg\"><img aria-describedby=\"caption-attachment-89\" loading=\"lazy\" class=\" wp-image-89\" title=\"2012-12-15 13.48.25\" src=\"\/catalanaconjamon\/wp-content\/uploads\/sites\/49\/2012\/12\/2012-12-15-13.48.251.jpg\" alt=\"\" width=\"298\" height=\"448\" srcset=\"https:\/\/static-blogs.hoy.es\/wp-content\/uploads\/sites\/49\/2012\/12\/2012-12-15-13.48.251.jpg 298w, https:\/\/static-blogs.hoy.es\/wp-content\/uploads\/sites\/49\/2012\/12\/2012-12-15-13.48.251-200x300.jpg 200w\" sizes=\"(max-width: 298px) 100vw, 298px\" \/><\/a><p id=\"caption-attachment-89\" class=\"wp-caption-text\">Jes\u00fas Vilallonga en la tienda en la que trabaja en Badajoz<\/p><\/div>\n<p>Con 39 a\u00f1os, Chus, como le gusta que le llamen, se siente c\u00f3modo viviendo en la capital pacense. Considera que lo mejor que tiene Extremadura es que todo funciona sin prisas, es otro ritmo. <em>Creo<\/em> \u2013nos dice- <em>que ese es el gran diferencial en comparaci\u00f3n con otras regiones del pa\u00eds. Funciona todo de forma m\u00e1s sosegada y, en comparaci\u00f3n, te cuesta menos vivir, econ\u00f3micamente hablando. Y el jam\u00f3n, que no falte<\/em>. En su opini\u00f3n, desde fuera se cree que este manjar, junto con las procesiones de Semana Santa y el Carnaval, son los \u00fanicos atractivos para venir a Badajoz, <em>cuando hay mucho m\u00e1s por descubrir<\/em>. <em>Lo peor<\/em> \u2013a\u00f1ade-<em> es que le faltan bastantes cosas: infraestructuras, servicios, comunicaciones, m\u00e1s oferta de ocio, etc. Tiempo libre tengo poco, pero aparte de las &#8220;obligaciones familiares&#8221; procuro tener mis ratitos de cine o de videojuegos.<\/em><\/p>\n<p>Dice que lo que a\u00f1ora de Catalunya se lo trajo consigo, la gastronom\u00eda sobre todo, <em>aunque eso es f\u00e1cil solventarlo<\/em>: <em>El &#8220;pa amb tom\u00e0quet&#8221; se puede hacer casi en cualquier lado <\/em>\u2013a las pruebas nos remitimos, pues la catalana con jam\u00f3n es todo un cl\u00e1sico en Extremadura-. <em>La familia no es problema, vienen a mi casa a menudo. A temporadas no pueden hacerlo en avi\u00f3n y jam\u00e1s en AVE, pero en fin, si a quien le toca cumple, todo llegar\u00e1.<\/em><\/p>\n<p><strong>TIERRA DE POSIBILIDADES<\/strong><\/p>\n<p>Chus asegura que cuando viv\u00eda en Catalunya ten\u00eda una idea de Extremadura <em>frontalmente distinta a lo que es en realidad. Simplemente la \u00fanica referencia que ten\u00eda era &#8220;lo que se dice por ah\u00ed&#8221;. Luego me fui dando cuenta del desconocimiento generalizado que existe. <\/em>Dice que no es un secreto para nadie que durante d\u00e9cadas hubo mucha emigraci\u00f3n hacia el norte, <em>pero de ah\u00ed a pensar que debido<\/em> <em>a ello<\/em> <em>no ha habido evoluci\u00f3n, y que el ambiente que se refleja en la pel\u00edcula &#8220;Los Santos Inocentes&#8221; sigue totalmente vigente, hay un trecho muy largo.<\/em> <em>Se sigue creyendo que &#8220;en Extremadura no hay nada&#8221; cuando esto no es as\u00ed. Es fruto de la desinformaci\u00f3n y de la ignorancia, a veces aderezado con un poquito de &#8220;mala leche&#8221;.<\/em><\/p>\n<p>Advierte que esto tambi\u00e9n ocurre a la inversa, desde Extremadura hacia Catalunya. <em>Luego<\/em> \u2013a\u00f1ade-, <em>no me sorprende que cuando uno, de cualquier comunidad, habla de la otra, p\u00fablicamente y de cara a la galer\u00eda, se forme la que se forma. Somos pocos los que podemos hablar de la realidad de ambas comunidades, al haber vivido en los dos sitos. Sobre todo lo dem\u00e1s, la mitad no es cierto y la otra mitad hay que comprobarla y vivirla.<\/em><\/p>\n<p>La reflexi\u00f3n sobre su actual tierra de residencia finaliza diciendo que <em>Extremadura tiene muchas posibilidades a todos los niveles; lo esencial, que es la gente y la voluntad, ya existe. Ahora falta ayuda institucional y administrativa, empezando por la local y a nivel de comunidad, y con el apoyo del gobierno central. Para muchas cosas, Extremadura sigue sin aparecer en los mapas, por eso se est\u00e1 quedando atr\u00e1s.<\/em><\/p>\n<p><strong>ATENCI\u00d3N ESPECIALIZADA<\/strong><\/p>\n<div id=\"attachment_90\" style=\"width: 346px\" class=\"wp-caption alignright\"><a href=\"\/catalanaconjamon\/wp-content\/uploads\/sites\/49\/2012\/12\/2012-12-15-13.45.42.jpg\"><img aria-describedby=\"caption-attachment-90\" loading=\"lazy\" class=\"size-full wp-image-90\" title=\"2012-12-15 13.45.42\" src=\"\/catalanaconjamon\/wp-content\/uploads\/sites\/49\/2012\/12\/2012-12-15-13.45.42.jpg\" alt=\"\" width=\"336\" height=\"402\" srcset=\"https:\/\/static-blogs.hoy.es\/wp-content\/uploads\/sites\/49\/2012\/12\/2012-12-15-13.45.42.jpg 336w, https:\/\/static-blogs.hoy.es\/wp-content\/uploads\/sites\/49\/2012\/12\/2012-12-15-13.45.42-251x300.jpg 251w\" sizes=\"(max-width: 336px) 100vw, 336px\" \/><\/a><p id=\"caption-attachment-90\" class=\"wp-caption-text\">En plena tarea, atendiendo a un cliente<\/p><\/div>\n<p>Entrando en el terreno profesional, como encargado de un establecimiento de inform\u00e1tica, Chus nos aporta su punto de vista sobre la actitud del comprador extreme\u00f1o. <em>El cliente mira primero el bolsillo, por encima de la calidad<\/em>. <em>A menudo se basa en experiencias de amigos y familiares, tanto para lo bueno, como para lo malo, pero una vez que se ha pillado los dedos, no suele equivocarse otra vez. \u00a0Apunta siempre a un descuento o regalo, que no siempre existe, por encima de cualquier otro aspecto<\/em>.<\/p>\n<p>En su opini\u00f3n, la adaptaci\u00f3n a las nuevas tecnolog\u00edas es m\u00e1s lenta de lo que deber\u00eda ser, posiblemente por el miedo a lo desconocido y una cierta desinformaci\u00f3n, que juegan un papel crucial. Para salvar esas posibles reticencias, Chus considera muy importante el asesoramiento de profesionales especializados en productos concretos, frente a los de establecimientos m\u00e1s generalistas. <em>Para estos \u00faltimos <\/em>\u2013dice- <em>es uno m\u00e1s entre centenares o miles de productos, y no van m\u00e1s all\u00e1 del intercambio del dinero por el aparato<\/em>. Le resulta sorprendente que la gente no comprenda que el asesoramiento especializado y personalizado tiene un coste <em>y solo lo puede dar quien recibe formaci\u00f3n constante sobre ese producto y tiene certificaci\u00f3n oficial para ello, tanto en mi campo como en cualquier otro.<\/em> <em>Muchos no entienden el porqu\u00e9 de cobrar por una asistencia de un producto que no ha sido comprado en la tienda, pero que es de la misma marca que los que vendemos. Es simple: no somos una ONG, sino una empresa, y por lo tanto nuestro trabajo tiene un coste, aunque intentamos ayudar y aconsejar a quien se encuentre en esa situaci\u00f3n.<br \/>\n<\/em><\/p>\n<p>Aprovechando su dedicaci\u00f3n al \u00e1mbito de las nuevas tecnolog\u00edas de la informaci\u00f3n y la comunicaci\u00f3n, las llamadas NTIC, le preguntamos por el proceso llevado a cabo por la Junta de Extremadura, que fue la administraci\u00f3n pionera en la apuesta por el software libre y por la introducci\u00f3n de ordenadores en las aulas. Al respecto Chus considera que pudo ser una apuesta acertada <em>si vemos que no se tiene que depender de una multinacional que cobra por las licencias de uso, por el soporte, actualizaciones, renovaciones y dem\u00e1s, en cuanto a software. Pero eso implica que no existe soporte oficial, y eso puede ser un problema, ya que no hay nadie a qui\u00e9n reclamar o pedir ayuda. Es todo autodidacta y la ayuda proviene de los propios usuarios. A la postre puede suponer una loter\u00eda el tener que funcionar con un software gen\u00e9rico sobre un hardware de varios fabricantes, que normalmente est\u00e1n &#8220;casados&#8221; con alguna gran empresa de sistemas operativos. De cara a las aulas es bueno por un tema de coste, pero es desacertado el no ofrecer la posibilidad de que los alumnos puedan conocer los tres sistemas operativos b\u00e1sicos que existen en la actualidad, al menos a nivel de usuario b\u00e1sico. Luego, cada uno podr\u00eda decantarse por uno o por otro, ya que en el mercado actual hay productos y servicios para todos los gustos y bolsillos.<\/em><\/p>\n<!-- AddThis Advanced Settings generic via filter on the_content --><!-- AddThis Share Buttons generic via filter on the_content -->","protected":false},"excerpt":{"rendered":"<p>Hace unos 7 a\u00f1os, Jes\u00fas Vilallonga Vilarmau, natural de la ciudad de Manresa, en la barcelonesa comarca del Bages, decidi\u00f3 instalarse en Extremadura, concretamente en Badajoz, donde ya conoc\u00eda a la que ahora es su pareja. Como t\u00e9cnico de imagen y sonido, hab\u00eda trabajado en su tierra en la creaci\u00f3n de una emisora de televisi\u00f3n, [&hellip;]<!-- AddThis Advanced Settings generic via filter on get_the_excerpt --><!-- AddThis Share Buttons generic via filter on get_the_excerpt --><\/p>\n","protected":false},"author":51,"featured_media":0,"comment_status":"open","ping_status":"closed","sticky":false,"template":"","format":"standard","meta":[],"categories":[7],"tags":[66,68,70,112,122,203,265,271,341,350,379,450,464],"_links":{"self":[{"href":"https:\/\/blogs.hoy.es\/catalanaconjamon\/wp-json\/wp\/v2\/posts\/87"}],"collection":[{"href":"https:\/\/blogs.hoy.es\/catalanaconjamon\/wp-json\/wp\/v2\/posts"}],"about":[{"href":"https:\/\/blogs.hoy.es\/catalanaconjamon\/wp-json\/wp\/v2\/types\/post"}],"author":[{"embeddable":true,"href":"https:\/\/blogs.hoy.es\/catalanaconjamon\/wp-json\/wp\/v2\/users\/51"}],"replies":[{"embeddable":true,"href":"https:\/\/blogs.hoy.es\/catalanaconjamon\/wp-json\/wp\/v2\/comments?post=87"}],"version-history":[{"count":0,"href":"https:\/\/blogs.hoy.es\/catalanaconjamon\/wp-json\/wp\/v2\/posts\/87\/revisions"}],"wp:attachment":[{"href":"https:\/\/blogs.hoy.es\/catalanaconjamon\/wp-json\/wp\/v2\/media?parent=87"}],"wp:term":[{"taxonomy":"category","embeddable":true,"href":"https:\/\/blogs.hoy.es\/catalanaconjamon\/wp-json\/wp\/v2\/categories?post=87"},{"taxonomy":"post_tag","embeddable":true,"href":"https:\/\/blogs.hoy.es\/catalanaconjamon\/wp-json\/wp\/v2\/tags?post=87"}],"curies":[{"name":"wp","href":"https:\/\/api.w.org\/{rel}","templated":true}]}}