{"id":92,"date":"2012-12-24T00:56:30","date_gmt":"2012-12-23T22:56:30","guid":{"rendered":"http:\/\/blogs.hoy.es\/catalanaconjamon\/?p=92"},"modified":"2012-12-24T00:56:30","modified_gmt":"2012-12-23T22:56:30","slug":"feliz-navidad-bon-nadal","status":"publish","type":"post","link":"https:\/\/blogs.hoy.es\/catalanaconjamon\/2012\/12\/24\/feliz-navidad-bon-nadal\/","title":{"rendered":"Feliz Navidad, Bon Nadal"},"content":{"rendered":"<div id=\"attachment_94\" style=\"width: 664px\" class=\"wp-caption aligncenter\"><a href=\"\/catalanaconjamon\/wp-content\/uploads\/sites\/49\/2012\/12\/Feliz-20130181.jpg\"><img aria-describedby=\"caption-attachment-94\" loading=\"lazy\" class=\" wp-image-94\" title=\"Feliz 2013018\" src=\"\/catalanaconjamon\/wp-content\/uploads\/sites\/49\/2012\/12\/Feliz-20130181.jpg\" alt=\"\" width=\"654\" height=\"478\" srcset=\"https:\/\/static-blogs.hoy.es\/wp-content\/uploads\/sites\/49\/2012\/12\/Feliz-20130181.jpg 844w, https:\/\/static-blogs.hoy.es\/wp-content\/uploads\/sites\/49\/2012\/12\/Feliz-20130181-300x219.jpg 300w, https:\/\/static-blogs.hoy.es\/wp-content\/uploads\/sites\/49\/2012\/12\/Feliz-20130181-768x561.jpg 768w\" sizes=\"(max-width: 654px) 100vw, 654px\" \/><\/a><p id=\"caption-attachment-94\" class=\"wp-caption-text\">De izquierda a derecha, Santa Claus, El Olentzero, Melchor, Gaspar, Baltasar y el Ti\u00f3<\/p><\/div>\n<p>Aprovechando la festividad navide\u00f1a y el pr\u00f3ximo fin de a\u00f1o, quiero transmitir mi agradecimiento a todos aquellos que, de un modo u otro, me han animado a seguir con esta aventura singular que es &#8220;Catalana con jam\u00f3n&#8221;. Felices Fiestas a todos.<\/p>\n<!-- AddThis Advanced Settings generic via filter on the_content --><!-- AddThis Share Buttons generic via filter on the_content -->","protected":false},"excerpt":{"rendered":"<p>Aprovechando la festividad navide\u00f1a y el pr\u00f3ximo fin de a\u00f1o, quiero transmitir mi agradecimiento a todos aquellos que, de un modo u otro, me han animado a seguir con esta aventura singular que es &#8220;Catalana con jam\u00f3n&#8221;. Felices Fiestas a todos.<!-- AddThis Advanced Settings generic via filter on get_the_excerpt --><!-- AddThis Share Buttons generic via filter on get_the_excerpt --><\/p>\n","protected":false},"author":51,"featured_media":0,"comment_status":"open","ping_status":"closed","sticky":false,"template":"","format":"standard","meta":[],"categories":[10],"tags":[16,76,97,195,230,352,375,382,443,445,455],"_links":{"self":[{"href":"https:\/\/blogs.hoy.es\/catalanaconjamon\/wp-json\/wp\/v2\/posts\/92"}],"collection":[{"href":"https:\/\/blogs.hoy.es\/catalanaconjamon\/wp-json\/wp\/v2\/posts"}],"about":[{"href":"https:\/\/blogs.hoy.es\/catalanaconjamon\/wp-json\/wp\/v2\/types\/post"}],"author":[{"embeddable":true,"href":"https:\/\/blogs.hoy.es\/catalanaconjamon\/wp-json\/wp\/v2\/users\/51"}],"replies":[{"embeddable":true,"href":"https:\/\/blogs.hoy.es\/catalanaconjamon\/wp-json\/wp\/v2\/comments?post=92"}],"version-history":[{"count":0,"href":"https:\/\/blogs.hoy.es\/catalanaconjamon\/wp-json\/wp\/v2\/posts\/92\/revisions"}],"wp:attachment":[{"href":"https:\/\/blogs.hoy.es\/catalanaconjamon\/wp-json\/wp\/v2\/media?parent=92"}],"wp:term":[{"taxonomy":"category","embeddable":true,"href":"https:\/\/blogs.hoy.es\/catalanaconjamon\/wp-json\/wp\/v2\/categories?post=92"},{"taxonomy":"post_tag","embeddable":true,"href":"https:\/\/blogs.hoy.es\/catalanaconjamon\/wp-json\/wp\/v2\/tags?post=92"}],"curies":[{"name":"wp","href":"https:\/\/api.w.org\/{rel}","templated":true}]}}