{"id":1126,"date":"2017-07-06T12:52:37","date_gmt":"2017-07-06T11:52:37","guid":{"rendered":"http:\/\/blogs.hoy.es\/ciencia-facil\/?p=1126"},"modified":"2017-07-06T12:52:37","modified_gmt":"2017-07-06T11:52:37","slug":"calor-frio-y-viceversa-alguien-esta-loco","status":"publish","type":"post","link":"https:\/\/blogs.hoy.es\/ciencia-facil\/2017\/07\/06\/calor-frio-y-viceversa-alguien-esta-loco\/","title":{"rendered":"Calor, fr\u00edo y viceversa, alguien est\u00e1 loco"},"content":{"rendered":"<p><a href=\"https:\/\/static-blogs.hoy.es\/wp-content\/uploads\/sites\/63\/2017\/07\/01.-El-clima-est\u00e1-loco.jpg\"><img loading=\"lazy\" class=\"aligncenter size-full wp-image-1121\" src=\"https:\/\/static-blogs.hoy.es\/wp-content\/uploads\/sites\/63\/2017\/07\/01.-El-clima-est\u00e1-loco.jpg\" alt=\"01-el-clima-esta-loco\" width=\"784\" height=\"257\" srcset=\"https:\/\/static-blogs.hoy.es\/wp-content\/uploads\/sites\/63\/2017\/07\/01.-El-clima-est\u00e1-loco.jpg 784w, https:\/\/static-blogs.hoy.es\/wp-content\/uploads\/sites\/63\/2017\/07\/01.-El-clima-est\u00e1-loco-300x98.jpg 300w, https:\/\/static-blogs.hoy.es\/wp-content\/uploads\/sites\/63\/2017\/07\/01.-El-clima-est\u00e1-loco-768x252.jpg 768w\" sizes=\"(max-width: 784px) 100vw, 784px\" \/><\/a><\/p>\n<p>Ante los fen\u00f3menos meteorol\u00f3gicos adversos, o simplemente an\u00f3malos, frecuente acusamos al clima de estar loco, y hasta es muy probable que lo est\u00e9, pero sin embargo no nos damos cuenta de que tal vez le hemos vuelto loco nosotros, con nuestras continuas agresiones; en ese sentido, en la imagen anterior, el \u00fanico que parece haberse fijado en algunas de las causas es el ni\u00f1o, con su ir\u00f3nico comentario.<\/p>\n<p>Vamos a echar una breve ojeada a algunos aspectos de las tormentosas relaciones entre los humanos y el clima, pregunt\u00e1ndonos qui\u00e9n empez\u00f3 a atacar a qui\u00e9n y, sobre todo, c\u00f3mo terminar\u00e1 esta absurda guerra. Y digo absurda porque, seg\u00fan la Real Academia, <strong>absurdo<\/strong> es todo <strong>aquello que es contrario y opuesto a la raz\u00f3n, algo que no tiene sentido<\/strong>.<\/p>\n<p>Por lo que, dada la descomunal desproporci\u00f3n de fuerzas entre ambos contendientes,\u00a0 resulta evidente que la humanidad puede llegar a ganar alguna peque\u00f1a batallita frente al <strong><a href=\"https:\/\/blogs.hoy.es\/ciencia-facil\/2013\/02\/11\/que-es-y-como-funciona-el-sistema-climatico\/\">Sistema Clim\u00e1tico<\/a><\/strong> y a los cinco subsistemas que lo componen: <strong>Atm\u00f3sfera<\/strong> (envuelta gaseosa del planeta), <strong>Hidrosfera<\/strong> (agua planetaria), <strong>Criosfera<\/strong> (todo el hielo), <strong>Litosfera<\/strong> (parte s\u00f3lida de la Tierra) y <strong>Biosfera<\/strong> (conjunto de todos los seres vivos, incluido el hombre para desgracia del planeta), pero es evidente que, la mayor\u00eda de las batallas las ganar\u00e1 el ej\u00e9rcito clim\u00e1tico, y por supuesto el final de la guerra\u00a0 tendr\u00e1 al <strong>Clima<\/strong> como ganador. \u00a1No lo duden!<\/p>\n<p>Y no ser\u00e1 porque no se viene avisando, desde hace decenios, del peligro que corre el hombre, al agredir al medio ambiente. Como ejemplo, a continuaci\u00f3n, adjunto dos diapositivas que he extra\u00eddo de una presentaci\u00f3n que yo mismo utilic\u00e9 hace unos 30 a\u00f1os, en algunos art\u00edculos y conferencias, relacionadas con la meteorolog\u00eda, el clima y sus cambios.<\/p>\n<p>En la de la izquierda figura el esquema de los procesos que intercambian el sistema clim\u00e1tico y el hombre; \u00e9ste atacando a los subsistemas y \u00e9stos tratando de buscar el equilibrio, para no alterar el clima. En la de la derecha, que presenta los niveles de vulnerabilidad ante el cambio clim\u00e1tico, de distintas partes del mundo, yo remarcaba entonces como \u00e1reas de alto o muy alto riesgo las de Centro Europa y los pa\u00edses ribere\u00f1os del Mediterr\u00e1neo, incluida, de forma particular, la Pen\u00ednsula Ib\u00e9rica; todo ello de acuerdo con las salidas de los modelos clim\u00e1ticos de la \u00e9poca.<\/p>\n<p><a href=\"https:\/\/static-blogs.hoy.es\/wp-content\/uploads\/sites\/63\/2017\/07\/02.-Sistema-clim\u00e1tico-y-vulnerabilidad.jpg\"><img loading=\"lazy\" class=\"aligncenter size-full wp-image-1122\" src=\"https:\/\/static-blogs.hoy.es\/wp-content\/uploads\/sites\/63\/2017\/07\/02.-Sistema-clim\u00e1tico-y-vulnerabilidad.jpg\" alt=\"02-sistema-climatico-y-vulnerabilidad\" width=\"800\" height=\"362\" srcset=\"https:\/\/static-blogs.hoy.es\/wp-content\/uploads\/sites\/63\/2017\/07\/02.-Sistema-clim\u00e1tico-y-vulnerabilidad.jpg 800w, https:\/\/static-blogs.hoy.es\/wp-content\/uploads\/sites\/63\/2017\/07\/02.-Sistema-clim\u00e1tico-y-vulnerabilidad-300x136.jpg 300w, https:\/\/static-blogs.hoy.es\/wp-content\/uploads\/sites\/63\/2017\/07\/02.-Sistema-clim\u00e1tico-y-vulnerabilidad-768x348.jpg 768w\" sizes=\"(max-width: 800px) 100vw, 800px\" \/><\/a><\/p>\n<p>Pues bien, comparado \u00e9ste antiguo (en ciencia, algo con m\u00e1s de 30 a\u00f1os es ya \u201cantiguo\u201d) mapa de \u201cavisos de vulnerabilidad\u201d con los mapas actuales del cuadrante del hemisferio norte, mapas elaborados por la Japan Meteorological Agency, de Tokyo, \u00a0que presento a continuaci\u00f3n, en los que se han representado, en la parte izquierda, las anomal\u00edas t\u00e9rmicas <strong>\u00a1Calor!<\/strong>, correspondientes a la <strong>\u00faltima semana de la primavera, del 14 al 20 de junio de 2017<\/strong>, en \u00baC, y a la derecha, tras una semana y una vez <strong>entrado el verano<\/strong>, las anomal\u00edas t\u00e9rmicas <strong>\u00a1Frio!<\/strong>, que se produjeron <strong>en la semana del 28 de junio al 4 de julio<\/strong>; referidos todos los valores, en \u00baC, a los colores de la escala que figura en la parte inferior.<\/p>\n<p><a href=\"https:\/\/static-blogs.hoy.es\/wp-content\/uploads\/sites\/63\/2017\/07\/03.-Anomal\u00edas-semanales-14a20-y-28a04.jpg\"><img loading=\"lazy\" class=\"aligncenter size-full wp-image-1123\" src=\"https:\/\/static-blogs.hoy.es\/wp-content\/uploads\/sites\/63\/2017\/07\/03.-Anomal\u00edas-semanales-14a20-y-28a04.jpg\" alt=\"03-anomalias-semanales-14a20-y-28a04\" width=\"726\" height=\"314\" srcset=\"https:\/\/static-blogs.hoy.es\/wp-content\/uploads\/sites\/63\/2017\/07\/03.-Anomal\u00edas-semanales-14a20-y-28a04.jpg 726w, https:\/\/static-blogs.hoy.es\/wp-content\/uploads\/sites\/63\/2017\/07\/03.-Anomal\u00edas-semanales-14a20-y-28a04-300x130.jpg 300w\" sizes=\"(max-width: 726px) 100vw, 726px\" \/><\/a><\/p>\n<p>A la izquierda puede verse como, en la semana del 14 al 20 de junio, toda Europa y sobre todo Espa\u00f1a, sufri\u00f3 unas elevadas temperaturas, muy por encima de los valores registrados para esa \u00e9poca en las series clim\u00e1ticas correspondientes, o sea <u>lo que ya dec\u00edamos hace 30 a\u00f1os<\/u>, como puede comprobarse a simple vista, comparando ambos mapas, el de la vulnerabilidad, de 1980, y \u00e9ste actual.<\/p>\n<p>A la derecha, pasada una semana, las anomal\u00edas de temperatura cambiaron de signo, pasando a ser \u00e9stas temperaturas, durante la semana del 28 de junio al 4 de julio, muy inferiores a las de las series clim\u00e1ticas. Entre ambas semanas se detectaron descensos de m\u00e1s de 12 o 14 \u00baC, y eso en los valores medios semanales; porque si se tratara de una ca\u00edda en un d\u00eda y en una zona limitada, podr\u00edamos explicarlo por un cambio de masa de aire asociado al paso de un sistema frontal fr\u00edo, desapareciendo la anomal\u00eda despu\u00e9s; pero un descenso de temperaturas de ese calibre, en un \u00e1rea tan grande como media Europa, y manteni\u00e9ndose durante tantos d\u00edas\u2026<\/p>\n<p><strong>\u00bfEs eso normal? No, no lo es. Es m\u00e1s bien raro, an\u00f3malo, algo que no tiene sentido; cosa de locos, vamos.<\/strong><\/p>\n<p>Ahora bien \u00bfqui\u00e9n est\u00e1 loco el clima o nosotros? Posiblemente ambos, pero si nos pregunt\u00e1ramos \u00bfqui\u00e9n empez\u00f3, qui\u00e9n fue el primero en agredir al otro? Ah\u00ed s\u00ed que habr\u00eda que admitir que empez\u00f3 el clima, puesto que lo del cambio clim\u00e1tico no es cosa de ahora; muy al contrario, el clima es esencialmente cambiante, tanto temporal como espacialmente, desde hace millones de a\u00f1os y en todas las zonas del planeta.<\/p>\n<p><a href=\"https:\/\/static-blogs.hoy.es\/wp-content\/uploads\/sites\/63\/2017\/07\/04.-Tendencia-global-de-la-temperatura.jpg\"><img loading=\"lazy\" class=\"alignleft size-medium wp-image-1124\" src=\"https:\/\/static-blogs.hoy.es\/wp-content\/uploads\/sites\/63\/2017\/07\/04.-Tendencia-global-de-la-temperatura-300x187.jpg\" alt=\"04-tendencia-global-de-la-temperatura\" width=\"300\" height=\"187\" srcset=\"https:\/\/static-blogs.hoy.es\/wp-content\/uploads\/sites\/63\/2017\/07\/04.-Tendencia-global-de-la-temperatura-300x187.jpg 300w, https:\/\/static-blogs.hoy.es\/wp-content\/uploads\/sites\/63\/2017\/07\/04.-Tendencia-global-de-la-temperatura-768x478.jpg 768w, https:\/\/static-blogs.hoy.es\/wp-content\/uploads\/sites\/63\/2017\/07\/04.-Tendencia-global-de-la-temperatura.jpg 900w\" sizes=\"(max-width: 300px) 100vw, 300px\" \/><\/a>Pues bien, la mayor\u00eda de los climat\u00f3logos estamos convencidos de que lo que acaba de ocurrir, y yo acabo de referirles a ustedes, \u201c<strong><em>no es el cambio clim\u00e1tico<\/em><\/strong>\u201d, pero s\u00ed es un eslab\u00f3n en la cadena que forma la tendencia creciente de las temperaturas planetarias en el \u00faltimo siglo, lo que no significa naturalmente que las temperaturas vayan a ser crecientes mes a mes y a\u00f1o a a\u00f1o, pero s\u00ed que considerado el conjunto de las temperaturas de cada decenio, \u00e9stas son, y muy probablemente seguir\u00e1n siendo, estad\u00edsticamente crecientes, salvo que se tomen medidas muy dr\u00e1sticas, en el tema de las emisiones de GEI (Gases de Efecto Invernadero), cosa que, hoy por hoy, y m\u00e1s con la descabellada posici\u00f3n que el presidente Trump ha adoptado, parece poco probable.<\/p>\n<p>Por tanto, incluyendo entre los muchos a\u00f1os de subida, alguno aislado de bajada, sin embargo, globalmente \u201c<strong><em>la tendencia es la que es, claramente CRECIENTE<\/em><\/strong>\u201d.<\/p>\n<p>Y debemos tener siempre en cuenta que el Sistema Clim\u00e1tico, como rector responsable del clima y sus cambios, es una parte esencial de la propia naturaleza, y como tal hay dos cosas que lleva muy mal:<strong> los desequilibrios y las prisas<\/strong>. Por lo que, durante millones de a\u00f1os, las temperaturas del planeta Tierra han venido sufriendo altibajos, es decir \u201ccambios\u201d, del orden del que estamos padeciendo ahora, <strong>pero<\/strong>\u2026 \u201cvaya por Dios, siempre hay un <strong>pero<\/strong>\u201d, y el <strong>pero<\/strong>, en este caso es que esos cambios, cuando eran naturales, es decir los provocaba <strong>la propia naturaleza<\/strong> a trav\u00e9s del funcionamiento de su sistema clim\u00e1tico, y ten\u00edan lugar a lo largo de unos <strong>cien mil a\u00f1os<\/strong>, el tiempo entre glaciaciones sucesivas, mientras que en la actualidad el cambio provocado por <strong>el hombre est\u00e1 siendo mil veces m\u00e1s r\u00e1pido<\/strong>, puesto que se ha producido en poco m\u00e1s de cien a\u00f1os.<\/p>\n<p>Pueden ustedes estar seguros de que, \u201c<strong><em>si no dejamos de hacer lo que estamos haciendo<\/em><\/strong>\u201d, es decir atacar\u00a0 al medio ambiente, al sistema clim\u00e1tico, \u00e9ste se encargar\u00e1 de hacernos saber su disgusto, empleando en ello todo su poder, que es much\u00edsimo, con lo que la pasada anomal\u00eda t\u00e9rmica, la sequ\u00eda que se est\u00e1 produciendo, los frecuentes y cada vez m\u00e1s potentes huracanes, tornados y dem\u00e1s \u201cpu\u00f1etazos sobre la mesa\u201d que est\u00e1 dando el clima, ser\u00e1n apenas caricias con lo que tendr\u00e1n que pasar las pr\u00f3ximas generaciones que sobrevivan en este planeta Tierra.<\/p>\n<p>Pero como el ataque actual es nuestro nos habremos ganado las indeseables consecuencias del contraataque, as\u00ed que, ni siquiera podremos quejarnos; de forma que, como se dice en Extremadura, bendita tierra: <strong>\u00a1AVE! \u00a1Otra cosa no hay!<\/strong><\/p>\n<p><strong><a href=\"https:\/\/www.google.es\/?gfe_rd=cr&amp;ei=hn88Vv6TPIjCbOOKvdgG&amp;gws_rd=ssl#q=Adolfo+Marroqu%C3%ADn+Santo%C3%B1a\">Adolfo Marroqu\u00edn Santo\u00f1a<\/a><\/strong><\/p>\n<!-- AddThis Advanced Settings generic via filter on the_content --><!-- AddThis Share Buttons generic via filter on the_content -->","protected":false},"excerpt":{"rendered":"<p>Ante los fen\u00f3menos meteorol\u00f3gicos adversos, o simplemente an\u00f3malos, frecuente acusamos al clima de estar loco, y hasta es muy probable que lo est\u00e9, pero sin embargo no nos damos cuenta de que tal vez le hemos vuelto loco nosotros, con nuestras continuas agresiones; en ese sentido, en la imagen anterior, el \u00fanico que parece haberse [&hellip;]<!-- AddThis Advanced Settings generic via filter on get_the_excerpt --><!-- AddThis Share Buttons generic via filter on get_the_excerpt --><\/p>\n","protected":false},"author":69,"featured_media":0,"comment_status":"closed","ping_status":"closed","sticky":false,"template":"","format":"standard","meta":[],"categories":[4,7],"tags":[1627,233,239,1625,325,331,585,643,666,673,760,1628,937,952,1016,1626,1166,1380,1442,1463,1572],"_links":{"self":[{"href":"https:\/\/blogs.hoy.es\/ciencia-facil\/wp-json\/wp\/v2\/posts\/1126"}],"collection":[{"href":"https:\/\/blogs.hoy.es\/ciencia-facil\/wp-json\/wp\/v2\/posts"}],"about":[{"href":"https:\/\/blogs.hoy.es\/ciencia-facil\/wp-json\/wp\/v2\/types\/post"}],"author":[{"embeddable":true,"href":"https:\/\/blogs.hoy.es\/ciencia-facil\/wp-json\/wp\/v2\/users\/69"}],"replies":[{"embeddable":true,"href":"https:\/\/blogs.hoy.es\/ciencia-facil\/wp-json\/wp\/v2\/comments?post=1126"}],"version-history":[{"count":1,"href":"https:\/\/blogs.hoy.es\/ciencia-facil\/wp-json\/wp\/v2\/posts\/1126\/revisions"}],"predecessor-version":[{"id":1127,"href":"https:\/\/blogs.hoy.es\/ciencia-facil\/wp-json\/wp\/v2\/posts\/1126\/revisions\/1127"}],"wp:attachment":[{"href":"https:\/\/blogs.hoy.es\/ciencia-facil\/wp-json\/wp\/v2\/media?parent=1126"}],"wp:term":[{"taxonomy":"category","embeddable":true,"href":"https:\/\/blogs.hoy.es\/ciencia-facil\/wp-json\/wp\/v2\/categories?post=1126"},{"taxonomy":"post_tag","embeddable":true,"href":"https:\/\/blogs.hoy.es\/ciencia-facil\/wp-json\/wp\/v2\/tags?post=1126"}],"curies":[{"name":"wp","href":"https:\/\/api.w.org\/{rel}","templated":true}]}}