{"id":1134,"date":"2017-07-16T10:55:12","date_gmt":"2017-07-16T09:55:12","guid":{"rendered":"http:\/\/blogs.hoy.es\/ciencia-facil\/?p=1134"},"modified":"2017-07-16T10:55:12","modified_gmt":"2017-07-16T09:55:12","slug":"el-clima-puede-que-se-defienda-atacando","status":"publish","type":"post","link":"https:\/\/blogs.hoy.es\/ciencia-facil\/2017\/07\/16\/el-clima-puede-que-se-defienda-atacando\/","title":{"rendered":"El clima puede que se defienda atacando"},"content":{"rendered":"<p>En un art\u00edculo anterior, que titulaba \u201c<strong><a href=\"http:\/\/bit.ly\/2tUA3t7\">Calor, fr\u00edo y viceversa, alguien est\u00e1 loco<\/a><\/strong>\u201d, les expon\u00eda a ustedes las anomal\u00edas t\u00e9rmicas padecidas por gran parte de Europa, y sobre todo Espa\u00f1a, a finales de la primavera y comienzo del verano del 2017. Pues bien, de momento los <strong>modelos clim\u00e1ticos de predicci\u00f3n<\/strong> indican que, durante gran parte de este verano <strong>las altas temperaturas se van a prolongar<\/strong>, en el hemisferio norte, por lo que he decidido comentar con ustedes algunas cosas, referidas a sus reales, o al menos potenciales, efectos sobre nuestra salud o nuestras actividades de esas altas temperaturas.<\/p>\n<p>En un art\u00edculo que aparece en una edici\u00f3n reciente de la revista \u201c<strong><em>Nature Climate Change<\/em><\/strong>\u201d, en la U.S. National Library of Medicine, se afirma que <strong>las ciudades podr\u00edan ser las m\u00e1s afectadas por el cambio clim\u00e1tico<\/strong>, puesto que el asfalto, el hormig\u00f3n, los coches, los equipos de aire acondicionado, etc., intensifican el efecto del calor en las ciudades, dando lugar a las conocidas como \u201c<strong>islas de calor urbanas<\/strong>\u201d.<\/p>\n<p><a href=\"https:\/\/static-blogs.hoy.es\/wp-content\/uploads\/sites\/63\/2017\/07\/01.-Isla-t\u00e9rmica-urbana.jpg\"><img loading=\"lazy\" class=\"aligncenter size-full wp-image-1129\" src=\"https:\/\/static-blogs.hoy.es\/wp-content\/uploads\/sites\/63\/2017\/07\/01.-Isla-t\u00e9rmica-urbana.jpg\" alt=\"01-isla-termica-urbana\" width=\"794\" height=\"182\" srcset=\"https:\/\/static-blogs.hoy.es\/wp-content\/uploads\/sites\/63\/2017\/07\/01.-Isla-t\u00e9rmica-urbana.jpg 794w, https:\/\/static-blogs.hoy.es\/wp-content\/uploads\/sites\/63\/2017\/07\/01.-Isla-t\u00e9rmica-urbana-300x69.jpg 300w, https:\/\/static-blogs.hoy.es\/wp-content\/uploads\/sites\/63\/2017\/07\/01.-Isla-t\u00e9rmica-urbana-768x176.jpg 768w\" sizes=\"(max-width: 794px) 100vw, 794px\" \/><\/a><\/p>\n<p>Esto se agrava cuando las superficies naturales como la vegetaci\u00f3n y el agua son reemplazadas por el cemento y el asfalto, que captan el calor de la radiaci\u00f3n solar y lo reemiten en forma de radiaci\u00f3n infrarroja de onda larga. Se calcula que, para 2050, el efecto de la isla de calor har\u00e1 que se a\u00f1adan, como media, al menos 2 \u00baC, a las previsiones del calentamiento global en las grandes ciudades.<\/p>\n<p>Las temperaturas crecientes aumentar\u00e1n los costos econ\u00f3micos de la vida en las ciudades de varias formas; por ejemplo, los costos potenciales incluyen el aumento del consumo de energ\u00eda para la refrigeraci\u00f3n, con aumento en la contaminaci\u00f3n del aire y el agua, as\u00ed como una productividad m\u00e1s baja de los trabajadores. Se piensa que poner en marcha medidas de adaptaci\u00f3n, a nivel de cada ciudad, para limitar el calentamiento local, producir\u00e1n en el futuro importantes beneficios econ\u00f3micos netos, para casi todas las ciudades del mundo, y conviene tener en cuenta que las ciudades, que cubren apenas un 1 % de la superficie de la Tierra, producen casi un 80 % del PIB mundial, consumiendo cerca del 78 % de la energ\u00eda del planeta, y acogiendo a m\u00e1s de la mitad de la poblaci\u00f3n del mismo.<\/p>\n<p>En la revista \u201c<strong><em>Science Advances<\/em><\/strong>\u201d, se afirma, lo que por otra parte es evidente, que <strong>dormir mal puede tener un enorme impacto en las personas<\/strong>, tanto en su la calidad de vida, como en el rendimiento en el trabajo, por lo que las crecientes temperaturas nocturnas que el cambio clim\u00e1tico est\u00e1 trayendo podr\u00edan significar que millones de personas duerman cada vez peor, puesto que el cambio har\u00e1 que, muy probablemente, aumente la frecuencia de temperaturas nocturnas inusualmente altas.<\/p>\n<p><a href=\"https:\/\/static-blogs.hoy.es\/wp-content\/uploads\/sites\/63\/2017\/07\/02.-Vivir-y-dormir-con-calor.jpg\"><img loading=\"lazy\" class=\"aligncenter size-full wp-image-1130\" src=\"https:\/\/static-blogs.hoy.es\/wp-content\/uploads\/sites\/63\/2017\/07\/02.-Vivir-y-dormir-con-calor.jpg\" alt=\"02-vivir-y-dormir-con-calor\" width=\"776\" height=\"185\" srcset=\"https:\/\/static-blogs.hoy.es\/wp-content\/uploads\/sites\/63\/2017\/07\/02.-Vivir-y-dormir-con-calor.jpg 776w, https:\/\/static-blogs.hoy.es\/wp-content\/uploads\/sites\/63\/2017\/07\/02.-Vivir-y-dormir-con-calor-300x72.jpg 300w, https:\/\/static-blogs.hoy.es\/wp-content\/uploads\/sites\/63\/2017\/07\/02.-Vivir-y-dormir-con-calor-768x183.jpg 768w\" sizes=\"(max-width: 776px) 100vw, 776px\" \/><\/a><\/p>\n<p>En el estudio, llevado a cabo en Estados Unidos, se realizaron encuestas sobre miles de personas, domiciliadas por todas las regiones del pa\u00eds, que cada d\u00eda anotaban c\u00f3mo hab\u00edan dormido la noche anterior. Posteriormente los investigadores recogieron los datos meteorol\u00f3gicos de cada noche, en cada una de las ciudades en que viv\u00eda cada participante de la encuesta, y compararon las temperaturas nocturnas con los reportes de insomnio, encontrando que en las noches calurosas es m\u00e1s dif\u00edcil conciliar el sue\u00f1o para todos, pero lo es m\u00e1s para las personas con ingresos bajos y de m\u00e1s edad.<\/p>\n<p>Las causas son que las personas con poco dinero suelen vivir en lugares que, o no disponen de aire acondicionado, o no pueden permitirse dejar funcionando el equipo todo el tiempo. Por otro lado, las personas mayores no pueden regular su temperatura corporal tan bien como las m\u00e1s j\u00f3venes, lo que las hace m\u00e1s vulnerables al calor. Evidente, si se daban las dos circunstancias, es decir para las <strong>personas mayores con ingresos bajos<\/strong>, se encontr\u00f3 que fueron las que tuvieron m\u00e1s dificultades: <strong>10 veces m\u00e1s noches de insomnio que todas las dem\u00e1s<\/strong>.<\/p>\n<p>No recuerdo haber o\u00eddo hablar de este asunto a los gobiernos, ni a los pol\u00edticos en general, y ser\u00eda deseable ir ocup\u00e1ndose y hasta preocup\u00e1ndose por ello, sobre todo en aquellos pa\u00edses que, como <strong>Espa\u00f1a<\/strong>, van camino de encontrarse <u>CON TODO<\/u>: <strong>muy altas temperaturas, muy alta poblaci\u00f3n de edad avanzada y muy bajas pensiones<\/strong>.<\/p>\n<p>El estudio del que se han obtenido estos datos se ha hecho en Estados Unidos, uno de los pa\u00edses m\u00e1s ricos del mundo y que tiene un clima relativamente templado, de forma que podemos anticipar que los efectos ser\u00e1n bastante m\u00e1s graves en pa\u00edses como Espa\u00f1a, Portugal, Italia o Grecia. De lo contrario llegaremos a que unas noches c\u00e1lidas m\u00e1s frecuentes, podr\u00edan conducir a un aumento en los fallecimientos de personas mayores, que necesitan el sue\u00f1o para recuperarse del estr\u00e9s por el calor. \u00c1nimo gobiernos y pol\u00edticos\u2026 (<strong>\u00a1Montoro, abst\u00e9ngase!<\/strong>).<\/p>\n<p><a href=\"https:\/\/static-blogs.hoy.es\/wp-content\/uploads\/sites\/63\/2017\/07\/03.-Montoro-y-el-voto.jpg\"><img loading=\"lazy\" class=\"aligncenter wp-image-1131\" src=\"https:\/\/static-blogs.hoy.es\/wp-content\/uploads\/sites\/63\/2017\/07\/03.-Montoro-y-el-voto.jpg\" alt=\"03-montoro-y-el-voto\" width=\"772\" height=\"222\" srcset=\"https:\/\/static-blogs.hoy.es\/wp-content\/uploads\/sites\/63\/2017\/07\/03.-Montoro-y-el-voto.jpg 678w, https:\/\/static-blogs.hoy.es\/wp-content\/uploads\/sites\/63\/2017\/07\/03.-Montoro-y-el-voto-300x86.jpg 300w\" sizes=\"(max-width: 772px) 100vw, 772px\" \/><\/a><\/p>\n<p>En otro orden de cosas, la revista \u201c<strong><em>Nature Ecology and Evolution<\/em><\/strong>\u201d, publica un art\u00edculo en el que se afirma que el cambio clim\u00e1tico podr\u00eda favorecer que se produzcan m\u00e1s incendios forestales extremos en todo el mundo en las pr\u00f3ximas d\u00e9cadas. En este trabajo se analizaron los datos de casi 500 incendios forestales extremos que se produjeron en todo el mundo entre 2002 y 2013. Los autores del estudio concluyeron que, salvo que se tomen medidas para rebajar la emisi\u00f3n de gases invernadero, habr\u00eda en el mundo un aumento de entre un 20 y un 50 % en el n\u00famero de d\u00edas en que las condiciones ser\u00edan \u00f3ptimas para los incendios, siendo m\u00e1ximo este riesgo en zonas como Australia o Europa, y m\u00e1s en concreto los pa\u00edses ribere\u00f1os del Mediterr\u00e1neo.<\/p>\n<p><a href=\"https:\/\/static-blogs.hoy.es\/wp-content\/uploads\/sites\/63\/2017\/07\/04.-Incendios-forestales.jpg\"><img loading=\"lazy\" class=\"aligncenter size-full wp-image-1132\" src=\"https:\/\/static-blogs.hoy.es\/wp-content\/uploads\/sites\/63\/2017\/07\/04.-Incendios-forestales.jpg\" alt=\"04-incendios-forestales\" width=\"798\" height=\"240\" srcset=\"https:\/\/static-blogs.hoy.es\/wp-content\/uploads\/sites\/63\/2017\/07\/04.-Incendios-forestales.jpg 798w, https:\/\/static-blogs.hoy.es\/wp-content\/uploads\/sites\/63\/2017\/07\/04.-Incendios-forestales-300x90.jpg 300w, https:\/\/static-blogs.hoy.es\/wp-content\/uploads\/sites\/63\/2017\/07\/04.-Incendios-forestales-768x231.jpg 768w\" sizes=\"(max-width: 798px) 100vw, 798px\" \/><\/a><\/p>\n<p>En un estudio publicado recientemente, por un equipo de cient\u00edficos de la Universidad de Haw\u00e1i, en la revista \u201c<strong><em>Nature Climate Change<\/em><\/strong>\u201d, se afirma que <strong>habr\u00e1 m\u00e1s olas de calor letales con el cambio clim\u00e1tico<\/strong>. A d\u00eda de hoy, m\u00e1s o menos un 30 % de las personas del mundo est\u00e1n expuestas a olas de calor letales cada a\u00f1o, e incluso con los esfuerzos que podr\u00edan conducir a una reducci\u00f3n significativa en las emisiones de gases que fomentan el cambio clim\u00e1tico, un 48 % de la poblaci\u00f3n seguir\u00e1 estando en riesgo en 2100, seg\u00fan el equipo internacional de investigadores, que ha desarrollado este trabajo.<\/p>\n<p>El cambio clim\u00e1tico ha puesto a la humanidad en un camino que se har\u00e1 cada vez m\u00e1s peligroso y dif\u00edcil de revertir; m\u00e1s vale que <strong>muy pronto<\/strong> <strong>se tomen serias medidas<\/strong> para la disminuci\u00f3n de las emisiones de los GEI (Gases de Efecto Invernadero) en todo el planeta; porque, de no hacerlo as\u00ed, el clima nos har\u00e1 la vida\u2026 ,digamos que \u201c<strong>muy inc\u00f3moda<\/strong>\u201d.<\/p>\n<p><a href=\"https:\/\/static-blogs.hoy.es\/wp-content\/uploads\/sites\/63\/2017\/07\/05.-Precauci\u00f3n-calor-extremo.jpg\"><img loading=\"lazy\" class=\"aligncenter size-full wp-image-1133\" src=\"https:\/\/static-blogs.hoy.es\/wp-content\/uploads\/sites\/63\/2017\/07\/05.-Precauci\u00f3n-calor-extremo.jpg\" alt=\"05-precaucion-calor-extremo\" width=\"788\" height=\"261\" srcset=\"https:\/\/static-blogs.hoy.es\/wp-content\/uploads\/sites\/63\/2017\/07\/05.-Precauci\u00f3n-calor-extremo.jpg 788w, https:\/\/static-blogs.hoy.es\/wp-content\/uploads\/sites\/63\/2017\/07\/05.-Precauci\u00f3n-calor-extremo-300x99.jpg 300w, https:\/\/static-blogs.hoy.es\/wp-content\/uploads\/sites\/63\/2017\/07\/05.-Precauci\u00f3n-calor-extremo-768x254.jpg 768w\" sizes=\"(max-width: 788px) 100vw, 788px\" \/><\/a><\/p>\n<p>Pero saben ustedes qu\u00e9 es lo m\u00e1s triste de este asunto, pues el hecho de que quienes tienen que tomar las decisiones necesarias, y sobre todo imponer, a ser posible convenciendo, que esas decisiones se cumplan, <strong>Y NO LO HACEN<\/strong>, son las personas, organizaciones y naciones m\u00e1s ricas y poderosas del mundo; mientras que quienes m\u00e1s padecer\u00e1n este pecado de omisi\u00f3n, llegando incluso a la <strong>P\u00c9RDIDA DE VIDAS<\/strong>, ser\u00e1n las naciones y personas m\u00e1s pobres y d\u00e9biles de este planeta.<\/p>\n<p>En fin, que Dios, o quien tenga esa responsabilidad, castigue a unos y premie a otros, de acuerdo con la responsabilidad y sufrimientos de cada uno, <strong>\u00a1AM\u00c9N!<\/strong><\/p>\n<p><strong><a href=\"https:\/\/www.google.es\/?gfe_rd=cr&amp;ei=hn88Vv6TPIjCbOOKvdgG&amp;gws_rd=ssl#q=Adolfo+Marroqu%C3%ADn+Santo%C3%B1a\">Adolfo Marroqu\u00edn Santo\u00f1a<\/a><\/strong><\/p>\n<p>&nbsp;<\/p>\n<!-- AddThis Advanced Settings generic via filter on the_content --><!-- AddThis Share Buttons generic via filter on the_content -->","protected":false},"excerpt":{"rendered":"<p>En un art\u00edculo anterior, que titulaba \u201cCalor, fr\u00edo y viceversa, alguien est\u00e1 loco\u201d, les expon\u00eda a ustedes las anomal\u00edas t\u00e9rmicas padecidas por gran parte de Europa, y sobre todo Espa\u00f1a, a finales de la primavera y comienzo del verano del 2017. Pues bien, de momento los modelos clim\u00e1ticos de predicci\u00f3n indican que, durante gran parte [&hellip;]<!-- AddThis Advanced Settings generic via filter on get_the_excerpt --><!-- AddThis Share Buttons generic via filter on get_the_excerpt --><\/p>\n","protected":false},"author":69,"featured_media":0,"comment_status":"closed","ping_status":"closed","sticky":false,"template":"","format":"standard","meta":[],"categories":[2,4,7],"tags":[27,1629,1631,1635,1632,239,325,1634,666,673,779,821,937,1630,1633,1278],"_links":{"self":[{"href":"https:\/\/blogs.hoy.es\/ciencia-facil\/wp-json\/wp\/v2\/posts\/1134"}],"collection":[{"href":"https:\/\/blogs.hoy.es\/ciencia-facil\/wp-json\/wp\/v2\/posts"}],"about":[{"href":"https:\/\/blogs.hoy.es\/ciencia-facil\/wp-json\/wp\/v2\/types\/post"}],"author":[{"embeddable":true,"href":"https:\/\/blogs.hoy.es\/ciencia-facil\/wp-json\/wp\/v2\/users\/69"}],"replies":[{"embeddable":true,"href":"https:\/\/blogs.hoy.es\/ciencia-facil\/wp-json\/wp\/v2\/comments?post=1134"}],"version-history":[{"count":1,"href":"https:\/\/blogs.hoy.es\/ciencia-facil\/wp-json\/wp\/v2\/posts\/1134\/revisions"}],"predecessor-version":[{"id":1135,"href":"https:\/\/blogs.hoy.es\/ciencia-facil\/wp-json\/wp\/v2\/posts\/1134\/revisions\/1135"}],"wp:attachment":[{"href":"https:\/\/blogs.hoy.es\/ciencia-facil\/wp-json\/wp\/v2\/media?parent=1134"}],"wp:term":[{"taxonomy":"category","embeddable":true,"href":"https:\/\/blogs.hoy.es\/ciencia-facil\/wp-json\/wp\/v2\/categories?post=1134"},{"taxonomy":"post_tag","embeddable":true,"href":"https:\/\/blogs.hoy.es\/ciencia-facil\/wp-json\/wp\/v2\/tags?post=1134"}],"curies":[{"name":"wp","href":"https:\/\/api.w.org\/{rel}","templated":true}]}}