{"id":1136,"date":"2017-08-02T18:04:07","date_gmt":"2017-08-02T17:04:07","guid":{"rendered":"http:\/\/blogs.hoy.es\/ciencia-facil\/?p=1136"},"modified":"2017-08-02T18:04:07","modified_gmt":"2017-08-02T17:04:07","slug":"las-anomalias-del-clima-se-veian-venir-desde-el-siglo-xix","status":"publish","type":"post","link":"https:\/\/blogs.hoy.es\/ciencia-facil\/2017\/08\/02\/las-anomalias-del-clima-se-veian-venir-desde-el-siglo-xix\/","title":{"rendered":"Las anomal\u00edas del clima se ve\u00edan venir desde el siglo XIX"},"content":{"rendered":"<p><a href=\"https:\/\/static-blogs.hoy.es\/wp-content\/uploads\/sites\/63\/2017\/08\/01.-Antes-y-despu\u00e9s-del-CambiCli.jpg\"><img loading=\"lazy\" class=\"aligncenter size-full wp-image-1137\" src=\"https:\/\/static-blogs.hoy.es\/wp-content\/uploads\/sites\/63\/2017\/08\/01.-Antes-y-despu\u00e9s-del-CambiCli.jpg\" alt=\"01-antes-y-despues-del-cambicli\" width=\"756\" height=\"193\" srcset=\"https:\/\/static-blogs.hoy.es\/wp-content\/uploads\/sites\/63\/2017\/08\/01.-Antes-y-despu\u00e9s-del-CambiCli.jpg 756w, https:\/\/static-blogs.hoy.es\/wp-content\/uploads\/sites\/63\/2017\/08\/01.-Antes-y-despu\u00e9s-del-CambiCli-300x77.jpg 300w\" sizes=\"(max-width: 756px) 100vw, 756px\" \/><\/a>Desde hace ya varios a\u00f1os, los t\u00e9rminos efecto invernadero, calentamiento global, cambio clim\u00e1tico, extinci\u00f3n de especies, degradaci\u00f3n de suelos, desertificaci\u00f3n, y otros, se han hecho habituales en los medios de comunicaci\u00f3n, por lo que resultan ya generalmente conocidos, al menos \u201cde o\u00eddas\u201d o \u201cde le\u00eddas\u201d, a pesar de lo cual siempre faltan cosas por conocer y aclarar. Por ejemplo, es frecuente llamar \u201ccambio clim\u00e1tico\u201d al conjunto formado por las causas y sus efectos, cuando convendr\u00eda separar ambos conceptos.<\/p>\n<p>Frecuentemente se dice que son consecuencia del cambio clim\u00e1tico cosas que poco o nada tienen que ver con \u00e9l, y sin embargo no se le achacan situaciones que s\u00ed son consecuencia de ese cambio. Es como si se hubiera troceado el tema, separando las piezas como si se tratara de un puzle, y despu\u00e9s trat\u00e1semos de forzar la entrada de una pieza en un hueco, sea el suyo o no.<\/p>\n<p><a href=\"https:\/\/static-blogs.hoy.es\/wp-content\/uploads\/sites\/63\/2017\/08\/02.-El-puzle-planetario.jpg\"><img loading=\"lazy\" class=\"aligncenter size-full wp-image-1138\" src=\"https:\/\/static-blogs.hoy.es\/wp-content\/uploads\/sites\/63\/2017\/08\/02.-El-puzle-planetario.jpg\" alt=\"02-el-puzle-planetario\" width=\"637\" height=\"229\" srcset=\"https:\/\/static-blogs.hoy.es\/wp-content\/uploads\/sites\/63\/2017\/08\/02.-El-puzle-planetario.jpg 637w, https:\/\/static-blogs.hoy.es\/wp-content\/uploads\/sites\/63\/2017\/08\/02.-El-puzle-planetario-300x108.jpg 300w\" sizes=\"(max-width: 637px) 100vw, 637px\" \/><\/a><\/p>\n<p>Algunas realidades, constatadas por la observaci\u00f3n, son que los glaciares est\u00e1n derriti\u00e9ndose en todo el mundo y que, con cada verano, disminuyen m\u00e1s y m\u00e1s los hielos marinos, de forma que\u00a0las criaturas marinas tienen ya dificultades para sobrevivir en aguas cada vez m\u00e1s c\u00e1lidas y la reducci\u00f3n de las poblaciones de peces amenaza el sustento de aquellos que dependen de la pesca.<\/p>\n<p>Los incendios forestales y las olas de calor son cada vez m\u00e1s frecuentes y violentos, produciendo cada a\u00f1o numerosos da\u00f1os materiales, y lo que es peor incluso p\u00e9rdidas de vidas, al tiempo que los cambios en los patrones de distribuci\u00f3n de las enfermedades hacen que la poblaci\u00f3n humana sea m\u00e1s vulnerable a brotes de infecciones, algunas de ellas graves, que hasta ahora no nos hab\u00edan atacado. Al mismo tiempo, algunas regiones se enfrentan a inundaciones devastadoras, mientras que otras atraviesan per\u00edodos de sequ\u00eda de larga duraci\u00f3n.<\/p>\n<p>Todos estos eventos afectan enormemente a nuestra sociedad y a muchas de sus actividades, y las previsiones de los climat\u00f3logos sugieren que estas situaciones seguir\u00e1n present\u00e1ndose en el futuro, y cada vez con mayor intensidad, de forma que estos temas seguir\u00e1n dominando los titulares de los medios de comunicaci\u00f3n. Sin embargo, el tema no es nuevo, puesto que hace m\u00e1s de siglo y medio que este asunto ha venido preocupando y ocupando a los cient\u00edficos. Volviendo al s\u00edmil del puzle, la situaci\u00f3n es similar a armar uno de ellos gigantesco, en el que cada pieza individual aportara un poco de informaci\u00f3n, pero de manera que, a medida que colocamos m\u00e1s piezas en sus sitios, el puzle va adquiriendo una forma que podemos identificar, pese a que algunas partes a\u00fan quedan por terminar.<\/p>\n<p><a href=\"https:\/\/static-blogs.hoy.es\/wp-content\/uploads\/sites\/63\/2017\/08\/03.-Svante-Arrhenius.jpg\"><img loading=\"lazy\" class=\"alignleft size-full wp-image-1139\" src=\"https:\/\/static-blogs.hoy.es\/wp-content\/uploads\/sites\/63\/2017\/08\/03.-Svante-Arrhenius.jpg\" alt=\"03-svante-arrhenius\" width=\"280\" height=\"350\" srcset=\"https:\/\/static-blogs.hoy.es\/wp-content\/uploads\/sites\/63\/2017\/08\/03.-Svante-Arrhenius.jpg 280w, https:\/\/static-blogs.hoy.es\/wp-content\/uploads\/sites\/63\/2017\/08\/03.-Svante-Arrhenius-240x300.jpg 240w\" sizes=\"(max-width: 280px) 100vw, 280px\" \/><\/a>Hoy en d\u00eda, pr\u00e1cticamente la totalidad de los climat\u00f3logos, sobre todo aquellos de primera l\u00ednea, que tienen un cierto prestigio, coinciden en que las partes del puzle, que hemos logrado armar hasta ahora, muestran claramente que en efecto se est\u00e1 produciendo un cambio clim\u00e1tico inducido por la actividad humana. Pero \u00e9sta no es una teor\u00eda reciente, puesto que ya en el siglo XIX, un respetado cient\u00edfico sueco llamado Svante Arrhenius public\u00f3 una serie de art\u00edculos e incluso un libro en 1896, en los que hac\u00eda una predicci\u00f3n que, en aquellos momentos parec\u00eda descabellada, pero que, con el transcurso del tiempo, demostr\u00f3 ser acertada.<\/p>\n<p>Arrhenius estaba investigando el ciclo del carbono con un colega, un estudio que inclu\u00eda, entre otras cosas, un c\u00e1lculo aproximado de los cambios producidos en el nivel de di\u00f3xido de carbono (CO<sub>2<\/sub>) por procesos naturales tales como la meteorizaci\u00f3n de las rocas, las erupciones volc\u00e1nicas y la absorci\u00f3n de dicho gas por los oc\u00e9anos. Esto se hab\u00eda hecho ya en d\u00e9cadas anteriores al trabajo de Arrhenius, pero lo que nadie se hab\u00eda planteado antes era considerar como una posible fuente de CO<sub>2<\/sub>, al propio ser humano y sus actividades, plante\u00e1ndose la pregunta \u00bfSer\u00e1 posible que el ser humano llegue a cambiar el clima en el futuro?<\/p>\n<p>Arrhenius calcul\u00f3 que ser\u00eda suficiente duplicar el di\u00f3xido de carbono presente, en su \u00e9poca, en la atm\u00f3sfera para que la temperatura de la Tierra aumentara del orden de 5 a 6\u00a0\u00b0C, pero a \u00e9l le tranquilizaba pensar que, al ritmo de emisiones de 1896, esa subida tardar\u00eda miles de a\u00f1os en producirse. Sin embargo, para cuando sus art\u00edculos y publicaciones sobre el tema salieron a luz, concretamente en 1908, la cantidad de carb\u00f3n que se estaba quemando hab\u00eda aumentado tanto que Arrhenius cambi\u00f3 su estimaci\u00f3n anterior, modificando sus previsiones y pasando el plazo que \u00e9l hab\u00eda estimado en miles de a\u00f1os a \u201cunos pocos siglos\u201d.<\/p>\n<p>Por otra parte, esta aceleraci\u00f3n en la emisi\u00f3n de gases de efecto invernadero, no preocupaba demasiado a Arrhenius, que incluso cre\u00eda que un clima m\u00e1s c\u00e1lido ser\u00eda <em>beneficioso<\/em>, lo que \u00fanicamente se comprende, si tenemos en cuenta que \u00e9l viv\u00eda en Estocolmo, a unos pocos cientos de kil\u00f3metros del c\u00edrculo polar \u00e1rtico, donde una subida de temperaturas se ve\u00eda como algo lleno de interesantes posibilidades.<\/p>\n<p>Arrhenius gan\u00f3 el Premio Nobel de Qu\u00edmica en 1903, y transcurrido m\u00e1s de un siglo desde sus estimaciones originales, se ha encontrado que fueron sorprendentemente cercanas a los mejores c\u00e1lculos actuales. Hoy d\u00eda los climat\u00f3logos no tenemos ninguna duda de que estamos inmersos en un cambio clim\u00e1tico y de que la rapidez con la que se est\u00e1 desarrollando ha sido inducida por la actividad humana. Y, por supuesto, lejos del optimismo de Arrhenius, v\u00e1lido \u00fanicamente para algunas \u00e1reas de Suecia, las consecuencias del cambio no pueden considerarse como globalmente beneficiosas, sino m\u00e1s bien todo lo contrario.<\/p>\n<p>Todas las formas de medici\u00f3n a nuestra disposici\u00f3n indican que el planeta est\u00e1 calent\u00e1ndose, y que hace varios decenios que la temperatura est\u00e1 bastante m\u00e1s alta que sus valores de referencia anteriores. Si bien un aumento del orden de 0,7\u00a0\u00b0C a lo largo del \u00faltimo siglo no parecer\u00eda una gran amenaza, hay que recordar que se trata de un promedio mundial, por lo que la situaci\u00f3n, para \u00e1reas concretas de nuestro planeta, est\u00e1 presentando ya valores que sit\u00faan a muchas personas bastante lejos del confort deseable. Siendo el calentamiento mayor sobre tierra firme que sobre los oc\u00e9anos y mayor en las latitudes altas que en las regiones tropicales, como puede comprobarse en los siguientes gr\u00e1ficos de anomal\u00edas t\u00e9rmicas globales, generados por la <em>University Corporation for Atmospheric Research<\/em>.<\/p>\n<p><a href=\"https:\/\/static-blogs.hoy.es\/wp-content\/uploads\/sites\/63\/2017\/08\/04.-Anomal\u00edas-de-temperatura-global.jpg\"><img loading=\"lazy\" class=\"aligncenter size-full wp-image-1140\" src=\"https:\/\/static-blogs.hoy.es\/wp-content\/uploads\/sites\/63\/2017\/08\/04.-Anomal\u00edas-de-temperatura-global.jpg\" alt=\"04-anomalias-de-temperatura-global\" width=\"640\" height=\"480\" srcset=\"https:\/\/static-blogs.hoy.es\/wp-content\/uploads\/sites\/63\/2017\/08\/04.-Anomal\u00edas-de-temperatura-global.jpg 640w, https:\/\/static-blogs.hoy.es\/wp-content\/uploads\/sites\/63\/2017\/08\/04.-Anomal\u00edas-de-temperatura-global-300x225.jpg 300w\" sizes=\"(max-width: 640px) 100vw, 640px\" \/><\/a><\/p>\n<p>Es evidente que en la actualidad estamos ya experimentando algunos de los efectos asociados al cambio clim\u00e1tico. Un ejemplo de ello podemos encontrarlo en c\u00f3mo, recientemente, en los \u00faltimos decenios, se est\u00e1n registrando r\u00e9cords de temperaturas m\u00e1ximas, y episodios de intensas y prolongadas sequ\u00edas, con una elevada frecuencia y con patrones similares en todo el planeta.<\/p>\n<p>Mientras el clima global ha permanecido relativamente estable durante varios miles de a\u00f1os, las variaciones regionales en el clima han influido profundamente en la historia de la humanidad; ahora sabemos que lo contrario es cierto tambi\u00e9n, es decir que las actividades humanas, como la quema de combustibles f\u00f3siles y la deforestaci\u00f3n de grandes \u00e1reas, han tenido una gran influencia en el clima de la Tierra.<\/p>\n<p>El IPCC (Panel Intergubernamental sobre el Cambio Clim\u00e1tico) lleg\u00f3 a la conclusi\u00f3n de que el efecto neto de las actividades humanas desde mediados del siglo XVIII ha sido un apreciable aumento de la temperatura a lo largo del siglo XIX, continuando, e incluso increment\u00e1ndose, durante el XX y en el presente XXI. El IPCC atribuye la influencia humana en el calentamiento global principalmente al incremento de tres gases, que han resultado claves para atrapar calor en la atm\u00f3sfera, el di\u00f3xido de carbono, el metano y el \u00f3xido nitroso.<\/p>\n<p>Pues bien, la mayor parte de todo esto que hemos comentado, se sab\u00eda desde hace m\u00e1s de un siglo, y se ha venido anunciando y denunciando desde entonces, en todos los foros, a trav\u00e9s de todos los medios y a todos los niveles, local, regional, nacional, continental y global, por desgracia con muchas reuniones, llenas de fotograf\u00edas y brindis de los reunidos, pero vac\u00edas de unanimidad en los acuerdos y sobre todo de la voluntad en el cumplimiento de los mismos.<\/p>\n<p>Ojal\u00e1 que GEA (GAIA) nos eche una mano, antes de que <strong>crucemos el punto de no retorno<\/strong>.<\/p>\n<p><strong><a href=\"https:\/\/www.google.es\/?gfe_rd=cr&amp;ei=hn88Vv6TPIjCbOOKvdgG&amp;gws_rd=ssl#q=Adolfo+Marroqu%C3%ADn+Santo%C3%B1a\">Adolfo Marroqu\u00edn Santo\u00f1a<\/a><\/strong><\/p>\n<p>&nbsp;<\/p>\n<!-- AddThis Advanced Settings generic via filter on the_content --><!-- AddThis Share Buttons generic via filter on the_content -->","protected":false},"excerpt":{"rendered":"<p>Desde hace ya varios a\u00f1os, los t\u00e9rminos efecto invernadero, calentamiento global, cambio clim\u00e1tico, extinci\u00f3n de especies, degradaci\u00f3n de suelos, desertificaci\u00f3n, y otros, se han hecho habituales en los medios de comunicaci\u00f3n, por lo que resultan ya generalmente conocidos, al menos \u201cde o\u00eddas\u201d o \u201cde le\u00eddas\u201d, a pesar de lo cual siempre faltan cosas por conocer [&hellip;]<!-- AddThis Advanced Settings generic via filter on get_the_excerpt --><!-- AddThis Share Buttons generic via filter on get_the_excerpt --><\/p>\n","protected":false},"author":69,"featured_media":0,"comment_status":"closed","ping_status":"closed","sticky":false,"template":"","format":"standard","meta":[],"categories":[4,7],"tags":[1636,1627,126,142,230,239,325,443,457,477,667,779,804,816,1064,1357,1463],"_links":{"self":[{"href":"https:\/\/blogs.hoy.es\/ciencia-facil\/wp-json\/wp\/v2\/posts\/1136"}],"collection":[{"href":"https:\/\/blogs.hoy.es\/ciencia-facil\/wp-json\/wp\/v2\/posts"}],"about":[{"href":"https:\/\/blogs.hoy.es\/ciencia-facil\/wp-json\/wp\/v2\/types\/post"}],"author":[{"embeddable":true,"href":"https:\/\/blogs.hoy.es\/ciencia-facil\/wp-json\/wp\/v2\/users\/69"}],"replies":[{"embeddable":true,"href":"https:\/\/blogs.hoy.es\/ciencia-facil\/wp-json\/wp\/v2\/comments?post=1136"}],"version-history":[{"count":1,"href":"https:\/\/blogs.hoy.es\/ciencia-facil\/wp-json\/wp\/v2\/posts\/1136\/revisions"}],"predecessor-version":[{"id":1141,"href":"https:\/\/blogs.hoy.es\/ciencia-facil\/wp-json\/wp\/v2\/posts\/1136\/revisions\/1141"}],"wp:attachment":[{"href":"https:\/\/blogs.hoy.es\/ciencia-facil\/wp-json\/wp\/v2\/media?parent=1136"}],"wp:term":[{"taxonomy":"category","embeddable":true,"href":"https:\/\/blogs.hoy.es\/ciencia-facil\/wp-json\/wp\/v2\/categories?post=1136"},{"taxonomy":"post_tag","embeddable":true,"href":"https:\/\/blogs.hoy.es\/ciencia-facil\/wp-json\/wp\/v2\/tags?post=1136"}],"curies":[{"name":"wp","href":"https:\/\/api.w.org\/{rel}","templated":true}]}}