{"id":1177,"date":"2017-11-04T20:51:33","date_gmt":"2017-11-04T19:51:33","guid":{"rendered":"http:\/\/blogs.hoy.es\/ciencia-facil\/?p=1177"},"modified":"2017-11-04T20:51:33","modified_gmt":"2017-11-04T19:51:33","slug":"el-clima-y-sus-cambios-frente-a-la-salud","status":"publish","type":"post","link":"https:\/\/blogs.hoy.es\/ciencia-facil\/2017\/11\/04\/el-clima-y-sus-cambios-frente-a-la-salud\/","title":{"rendered":"El clima y sus cambios, frente a la salud"},"content":{"rendered":"<p><a href=\"https:\/\/static-blogs.hoy.es\/wp-content\/uploads\/sites\/63\/2017\/11\/01.-Antes-y-despu\u00e9s-del-cambio-clim\u00e1tico.jpg\"><img loading=\"lazy\" class=\"aligncenter size-full wp-image-1179\" src=\"https:\/\/static-blogs.hoy.es\/wp-content\/uploads\/sites\/63\/2017\/11\/01.-Antes-y-despu\u00e9s-del-cambio-clim\u00e1tico.jpg\" alt=\"01-antes-y-despues-del-cambio-climatico\" width=\"780\" height=\"204\" srcset=\"https:\/\/static-blogs.hoy.es\/wp-content\/uploads\/sites\/63\/2017\/11\/01.-Antes-y-despu\u00e9s-del-cambio-clim\u00e1tico.jpg 780w, https:\/\/static-blogs.hoy.es\/wp-content\/uploads\/sites\/63\/2017\/11\/01.-Antes-y-despu\u00e9s-del-cambio-clim\u00e1tico-300x78.jpg 300w, https:\/\/static-blogs.hoy.es\/wp-content\/uploads\/sites\/63\/2017\/11\/01.-Antes-y-despu\u00e9s-del-cambio-clim\u00e1tico-768x201.jpg 768w\" sizes=\"(max-width: 780px) 100vw, 780px\" \/><\/a>A nivel mundial, el n\u00famero de desastres naturales relacionados con la meteorolog\u00eda, y con las cambiantes condiciones que acompa\u00f1an al cambio clim\u00e1tico, se ha triplicado desde los a\u00f1os sesenta, y cada a\u00f1o esos desastres causan decenas de miles de muertes, sobre todo en los pa\u00edses en desarrollo.<\/p>\n<p>En un art\u00edculo de la Universidad de Carolina del Norte (EE. UU.), recientemente publicado por HealthDay, se afirma que, si no se hace nada para abordar el problema del cambio clim\u00e1tico que estamos padeciendo, decenas de miles de muertes prematuras adicionales podr\u00edan ocurrir en todo el mundo como consecuencia de la contaminaci\u00f3n atmosf\u00e9rica.<\/p>\n<p>Por su parte, la OMS (Organizaci\u00f3n Mundial de la Salud) prev\u00e9 que, entre 2030 y 2050, el cambio clim\u00e1tico causar\u00e1 un incremento de muertes cada a\u00f1o, superior incluso al previsto hasta ahora, debido a la malnutrici\u00f3n, el paludismo, la diarrea, la malnutrici\u00f3n, la malaria, el dengue y el propio estr\u00e9s cal\u00f3rico, porque muchas de las enfermedades m\u00e1s mort\u00edferas, son muy sensibles al clima y es de prever que se agravar\u00e1n con el cambio clim\u00e1tico.<\/p>\n<p>Por otra parte, el aumento del nivel del mar y unos fen\u00f3menos meteorol\u00f3gicos cada vez m\u00e1s violentos, sobre todo en las zonas costeras, destruir\u00e1n hogares y otros muchos servicios esenciales. No debemos olvidar que, m\u00e1s de la mitad de la poblaci\u00f3n mundial vive en una franja de 60 km de ancho a lo largo de las costas de mares y oc\u00e9anos, por lo ambos acontecimientos, subida del nivel del mar y aumento de fen\u00f3menos violentos, pueden obligar a muchas personas a tratar de protegerse, cambiando su lugar de residencia y desplaz\u00e1ndose a zonas m\u00e1s seguras, lo que aumentar\u00e1 a su vez el riesgo de efectos en la salud, en aspectos que van desde trastornos mentales, asociados al estr\u00e9s de todo cambio, hasta enfermedades transmisibles.<\/p>\n<p>La OMS advierte de que la creciente variabilidad, tanto temporal como espacial, de las precipitaciones afectar\u00e1 tambi\u00e9n, al suministro de agua dulce, lo que provocar\u00e1 escasez de \u00e9sta, con lo que puede ponerse en peligro la higiene, aumentando las enfermedades. En los casos extremos, la escasez de agua causar\u00e1 la temible sequ\u00eda y su funesta compa\u00f1era, la hambruna. Se estima que a finales del siglo XXI es probable que el cambio clim\u00e1tico haya aumentado la frecuencia e intensidad de las sequ\u00edas a nivel regional y mundial.<\/p>\n<p>Al mismo tiempo, el efecto combinado del aumento de las temperaturas y la variabilidad de las lluvias reducir\u00e1n probablemente la producci\u00f3n de alimentos b\u00e1sicos en muchas de las regiones m\u00e1s pobres del planeta. Lo que aumentar\u00e1 la actual malnutrici\u00f3n y desnutrici\u00f3n, que actualmente causan ya millones de defunciones cada a\u00f1o. Las temperaturas extremas del aire, durante los meses centrales del a\u00f1o, contribuyen directamente a las defunciones por enfermedades cardiovasculares y respiratorias, sobre todo entre las personas de edad avanzada.<\/p>\n<p>Como muestra, en la ola de calor que sufri\u00f3 Europa en el verano de 2003, se registr\u00f3 un incremento de la mortalidad, cifrado en 70.000 defunciones. Las temperaturas altas provocan adem\u00e1s un aumento de los niveles de ozono troposf\u00e9rico, es decir el conocido como \u201cozono-malo\u201d, que se acumula en las capas bajas de la atm\u00f3sfera, junto al suelo, donde act\u00faa como contaminante, junto con algunas otras componentes nocivas del aire, que agravan las enfermedades respiratorias.<\/p>\n<p><a href=\"https:\/\/static-blogs.hoy.es\/wp-content\/uploads\/sites\/63\/2017\/11\/02.-Contaminaci\u00f3n-inundaciones-infancia.jpg\"><img loading=\"lazy\" class=\"aligncenter size-full wp-image-1180\" src=\"https:\/\/static-blogs.hoy.es\/wp-content\/uploads\/sites\/63\/2017\/11\/02.-Contaminaci\u00f3n-inundaciones-infancia.jpg\" alt=\"02-contaminacion-inundaciones-infancia\" width=\"789\" height=\"212\" srcset=\"https:\/\/static-blogs.hoy.es\/wp-content\/uploads\/sites\/63\/2017\/11\/02.-Contaminaci\u00f3n-inundaciones-infancia.jpg 789w, https:\/\/static-blogs.hoy.es\/wp-content\/uploads\/sites\/63\/2017\/11\/02.-Contaminaci\u00f3n-inundaciones-infancia-300x81.jpg 300w, https:\/\/static-blogs.hoy.es\/wp-content\/uploads\/sites\/63\/2017\/11\/02.-Contaminaci\u00f3n-inundaciones-infancia-768x206.jpg 768w\" sizes=\"(max-width: 789px) 100vw, 789px\" \/><\/a><\/p>\n<p>Una cuesti\u00f3n que podemos plantearnos es \u00bf<u>a qu\u00e9 regiones y a qu\u00e9 personas afectar\u00e1n m\u00e1s los efectos del cambio clim\u00e1tico<\/u>? Pues bien, en la pr\u00e1ctica todas las \u00e1reas del planeta se ver\u00e1n afectadas, pero ciertamente algunas regiones son m\u00e1s vulnerables que otras. Por ejemplo, los habitantes de los peque\u00f1os estados insulares en desarrollo y de otras regiones costeras, megal\u00f3polis y regiones monta\u00f1osas y polares son especialmente vulnerables. Los ni\u00f1os, en particular los de los pa\u00edses pobres, son una de esas poblaciones m\u00e1s en riesgo ante los problemas sanitarios previsibles y que adem\u00e1s se ver\u00e1n expuestos por m\u00e1s tiempo a las consecuencias sanitarias de los cambios. Se prev\u00e9 as\u00ed mismo que los efectos en la salud ser\u00e1n m\u00e1s graves en las personas de mayor edad y, l\u00f3gicamente, en las personas con achaques, dolencias o enfermedades preexistentes.<\/p>\n<p>A corto plazo, las perturbaciones meteorol\u00f3gicas intensas, que se presentan como anomal\u00edas t\u00e9rmicas, con calor o fr\u00edo alejados de los valores estad\u00edsticamente normales, para la \u00e9poca del a\u00f1o en la regi\u00f3n de que se trate, tambi\u00e9n pueden afectar gravemente a la salud, causando estr\u00e9s t\u00e9rmico, y provocando el aumento de la mortalidad por enfermedades cardiacas y respiratorias. Otro aspecto a tener en cuenta\u00a0 es que el aumento de la temperatura global modificar\u00e1 los niveles y la distribuci\u00f3n estacional de aerosoles naturales, como el polen, lo que puede provocar asma. De hecho, hay aproximadamente 300 millones de personas en el mundo que padecen asma y se teme que, con la esperada elevaci\u00f3n de la temperatura del planeta, aumente el n\u00famero de personas con dicha enfermedad.<\/p>\n<p>Frente a tanto riesgo asociado al cambio clim\u00e1tico \u00bf<u>estamos haciendo algo los humanos para tratar de paliar los da\u00f1os<\/u>? Pues, de momento, casi lo \u00fanico que podemos decir aqu\u00ed, al respecto, es aquello que dec\u00eda Humphrey Bogart a Ingrid Bergman, y que quedaba tan bien, en la famosa pel\u00edcula Casablanca\u2026 \u00a1<u>Siempre nos quedar\u00e1 Par\u00eds<\/u>! Refiri\u00e9ndonos, en este caso, al conocido como Acuerdo de Par\u00eds, que fue el primer pacto internacional, al m\u00e1s alto nivel, para reducir las emisiones de gases contaminantes, de efecto invernadero, a la atm\u00f3sfera.<\/p>\n<p>Este Acuerdo, fue ratificado en Par\u00eds en diciembre de 2015, por casi 200 naciones, entre las que se encontraban Estados Unidos, con el presidente Obama, y tambi\u00e9n China, es decir <u>los dos mayores contaminadores del mundo<\/u>. Se present\u00f3 all\u00ed un plan mundial de actuaciones, para mantener el calentamiento del planeta <u>muy por debajo de 2 \u00b0C<\/u>, lo que se estim\u00f3 como imprescindible para no superar el llamado \u201c<u>punto de no retorno<\/u>\u201d, por encima del cual las consecuencias de los potenciales da\u00f1os, asociados al cambio clim\u00e1tico, ser\u00edan irreversibles.<\/p>\n<p><a href=\"https:\/\/static-blogs.hoy.es\/wp-content\/uploads\/sites\/63\/2017\/11\/03.-Siempre-nos-quedar\u00e1-Par\u00eds.jpg\"><img loading=\"lazy\" class=\"aligncenter size-full wp-image-1181\" src=\"https:\/\/static-blogs.hoy.es\/wp-content\/uploads\/sites\/63\/2017\/11\/03.-Siempre-nos-quedar\u00e1-Par\u00eds.jpg\" alt=\"03-siempre-nos-quedara-paris\" width=\"800\" height=\"212\" srcset=\"https:\/\/static-blogs.hoy.es\/wp-content\/uploads\/sites\/63\/2017\/11\/03.-Siempre-nos-quedar\u00e1-Par\u00eds.jpg 800w, https:\/\/static-blogs.hoy.es\/wp-content\/uploads\/sites\/63\/2017\/11\/03.-Siempre-nos-quedar\u00e1-Par\u00eds-300x80.jpg 300w, https:\/\/static-blogs.hoy.es\/wp-content\/uploads\/sites\/63\/2017\/11\/03.-Siempre-nos-quedar\u00e1-Par\u00eds-768x204.jpg 768w\" sizes=\"(max-width: 800px) 100vw, 800px\" \/><\/a><\/p>\n<p>Sin embargo, de momento al menos, parece que el citado Acuerdo de Par\u00eds presenta algunas sombras que pueden apagar, o al menos oscurecer, sus luces. Porque, aunque hay que admitir que aparentemente este Acuerdo plantea soluciones, con muchas expectativas de \u00e9xito, lo cierto es que existen algunas dudas, como son:<\/p>\n<p>1.- Todos los pa\u00edses participantes, cerca de 200, acordaron mantener el aumento de la temperatura mundial por debajo de 2 \u00baC y, si fuera posible, no llegar siquiera a 1,5 \u00baC respecto al comienzo del siglo XX; lo que me parece muy dif\u00edcil, en primer lugar porque ya ha aumentado m\u00e1s de 1 \u00baC y adem\u00e1s porque, en mi opini\u00f3n, el Acuerdo presupone un elevado \u201cbuenismo\u201d de los firmantes, y la realidad vivida hasta ahora demuestra que \u201c<u>no todo el mundo es tan bueno<\/u>\u201d.<\/p>\n<p>2.- El Acuerdo crea <u>mecanismos voluntarios de revisi\u00f3n<\/u>, de acuerdo con los cuales, los pa\u00edses deber\u00e1n presentar un primer balance en el 2023 y, despu\u00e9s cada cinco a\u00f1os. Pero los compromisos de reducci\u00f3n de GEI (Gases de Efecto Invernadero) por parte de los pa\u00edses <u>no ser\u00e1n jur\u00eddicamente vinculantes<\/u>, tal como solicit\u00f3 Estados Unidos, lo que posteriormente, con Trump en la Casa Blanca, ha complicado a\u00fan bastante m\u00e1s las cosas.<\/p>\n<p>3.- Los pa\u00edses firmantes se compromet\u00edan a comenzar la reducci\u00f3n de emisiones de gases \u201ctan pronto como fuera posible\u201d. O sea, <u>cada uno a su aire<\/u>. Adem\u00e1s, a las potencias emergentes como China e India no se les obligaba a cuantificar la reducci\u00f3n de emisiones y <u>s\u00f3lo se les ped\u00eda que hicieran esfuerzos por cumplir<\/u>. Tambi\u00e9n se exclu\u00edan del tratado las emisiones de la aviaci\u00f3n y el transporte mar\u00edtimo, pese a que suponen un 8% de las emisiones mundiales de GEI.<\/p>\n<p>4.- Finalmente, la llegada de Donald Trump a la Presidencia de los EEUU, y su intenci\u00f3n, manifestada en varias ocasiones durante su campa\u00f1a electoral, de \u201csacar\u201d a EEUU del bloque de pa\u00edses comprometidos con el Acuerdo de Par\u00eds, apunta a serias dificultades en el cumplimiento del mismo.<\/p>\n<p>Es sabido, que la mayor parte de la causa del cambio clim\u00e1tico est\u00e1 en el modelo energ\u00e9tico que hemos mantenido durante d\u00e9cadas, quemando combustibles f\u00f3siles y emitiendo contaminantes, <u>literalmente como si no hubiera un ma\u00f1ana<\/u>. Pero el gran problema que se esconde tras ese modelo y por tanto tras la deseada soluci\u00f3n es la econom\u00eda. Sabemos cu\u00e1l es el problema, conocemos la soluci\u00f3n y sabemos c\u00f3mo resolverlo, <u>pero es muy caro<\/u>. Sin embargo, no perdamos la esperanza, porque <strong>\u201cSiempre tendremos Par\u00eds\u201d<\/strong>.<\/p>\n<p><strong><a href=\"https:\/\/www.google.es\/?gfe_rd=cr&amp;ei=hn88Vv6TPIjCbOOKvdgG&amp;gws_rd=ssl#q=Adolfo+Marroqu%C3%ADn+Santo%C3%B1a\">Adolfo Marroqu\u00edn Santo\u00f1a<\/a><\/strong><\/p>\n<!-- AddThis Advanced Settings generic via filter on the_content --><!-- AddThis Share Buttons generic via filter on the_content -->","protected":false},"excerpt":{"rendered":"<p>A nivel mundial, el n\u00famero de desastres naturales relacionados con la meteorolog\u00eda, y con las cambiantes condiciones que acompa\u00f1an al cambio clim\u00e1tico, se ha triplicado desde los a\u00f1os sesenta, y cada a\u00f1o esos desastres causan decenas de miles de muertes, sobre todo en los pa\u00edses en desarrollo. En un art\u00edculo de la Universidad de Carolina [&hellip;]<!-- AddThis Advanced Settings generic via filter on get_the_excerpt --><!-- AddThis Share Buttons generic via filter on get_the_excerpt --><\/p>\n","protected":false},"author":69,"featured_media":0,"comment_status":"closed","ping_status":"closed","sticky":false,"template":"","format":"standard","meta":[],"categories":[2,4],"tags":[24,1627,1672,239,325,1668,1671,1669,1670,666,1083,1098,1604,1331],"_links":{"self":[{"href":"https:\/\/blogs.hoy.es\/ciencia-facil\/wp-json\/wp\/v2\/posts\/1177"}],"collection":[{"href":"https:\/\/blogs.hoy.es\/ciencia-facil\/wp-json\/wp\/v2\/posts"}],"about":[{"href":"https:\/\/blogs.hoy.es\/ciencia-facil\/wp-json\/wp\/v2\/types\/post"}],"author":[{"embeddable":true,"href":"https:\/\/blogs.hoy.es\/ciencia-facil\/wp-json\/wp\/v2\/users\/69"}],"replies":[{"embeddable":true,"href":"https:\/\/blogs.hoy.es\/ciencia-facil\/wp-json\/wp\/v2\/comments?post=1177"}],"version-history":[{"count":1,"href":"https:\/\/blogs.hoy.es\/ciencia-facil\/wp-json\/wp\/v2\/posts\/1177\/revisions"}],"predecessor-version":[{"id":1182,"href":"https:\/\/blogs.hoy.es\/ciencia-facil\/wp-json\/wp\/v2\/posts\/1177\/revisions\/1182"}],"wp:attachment":[{"href":"https:\/\/blogs.hoy.es\/ciencia-facil\/wp-json\/wp\/v2\/media?parent=1177"}],"wp:term":[{"taxonomy":"category","embeddable":true,"href":"https:\/\/blogs.hoy.es\/ciencia-facil\/wp-json\/wp\/v2\/categories?post=1177"},{"taxonomy":"post_tag","embeddable":true,"href":"https:\/\/blogs.hoy.es\/ciencia-facil\/wp-json\/wp\/v2\/tags?post=1177"}],"curies":[{"name":"wp","href":"https:\/\/api.w.org\/{rel}","templated":true}]}}