{"id":1188,"date":"2017-11-24T11:49:27","date_gmt":"2017-11-24T10:49:27","guid":{"rendered":"http:\/\/blogs.hoy.es\/ciencia-facil\/?p=1188"},"modified":"2017-11-24T11:49:27","modified_gmt":"2017-11-24T10:49:27","slug":"en-el-futuro-faltara-agua-y-sobrara-calor","status":"publish","type":"post","link":"https:\/\/blogs.hoy.es\/ciencia-facil\/2017\/11\/24\/en-el-futuro-faltara-agua-y-sobrara-calor\/","title":{"rendered":"En el futuro faltar\u00e1 agua y sobrar\u00e1 calor"},"content":{"rendered":"<p><a href=\"https:\/\/static-blogs.hoy.es\/wp-content\/uploads\/sites\/63\/2017\/11\/01.-Estado-del-clima-mundial.jpg\"><img loading=\"lazy\" class=\"aligncenter size-full wp-image-1189\" src=\"https:\/\/static-blogs.hoy.es\/wp-content\/uploads\/sites\/63\/2017\/11\/01.-Estado-del-clima-mundial.jpg\" alt=\"01-estado-del-clima-mundial\" width=\"681\" height=\"352\" srcset=\"https:\/\/static-blogs.hoy.es\/wp-content\/uploads\/sites\/63\/2017\/11\/01.-Estado-del-clima-mundial.jpg 681w, https:\/\/static-blogs.hoy.es\/wp-content\/uploads\/sites\/63\/2017\/11\/01.-Estado-del-clima-mundial-300x155.jpg 300w\" sizes=\"(max-width: 681px) 100vw, 681px\" \/><\/a>Hace ya unos a\u00f1os, el \u201cInternational Food Policy Research Institute\u201d (IFPRI), planteaba algunas preguntas y pon\u00eda sobre la mesa algunos temas para el debate: \u00bfPuede la Tierra producir alimentos suficientes para 9.000 millones de personas?, \u00bfPara 10.000 millones?, \u00bfD\u00f3nde est\u00e1 el l\u00edmite de esas posibilidades? Pues resulta que se ha encontrado que el agua ser\u00e1 uno de los principales factores que podr\u00edan limitar la producci\u00f3n futura de alimentos, y que este recurso escaso debe enfrentarse permanentemente a una fuerte, e insostenible, demanda creciente de usuarios de todo tipo.<\/p>\n<p>En este planeta de nuestros pecados, que llamamos Tierra, los usos ambientales del agua, pueden ser clave para asegurar la sostenibilidad de la oferta frente a la demanda, no s\u00f3lo del agua en s\u00ed, sino tambi\u00e9n de todos los alimentos que, a medio o largo plazo, no ser\u00edan posibles sin ella; no obstante, pese a su enorme importancia, muchos de los estudios y conclusiones alcanzadas sobre el tema, son con frecuencia objeto de escasa atenci\u00f3n. A nivel global, refiri\u00e9ndonos a todo el planeta, que es como debemos considerar estos problemas, de nada sirve tener pol\u00edticas, t\u00e9cnicas y tecnolog\u00edas para ahorrar agua, si no se aplican y cumplen.<\/p>\n<p>Cuando, en gran parte del planeta, los incentivos para el ahorro no existen, <u>o no son claros<\/u>, y cuando los organismos de control no existen, <u>o no son claros<\/u>, el resultado es un uso ineficaz del agua. Lo cierto es que todos, tanto los usuarios, como sobre todo las autoridades responsables, deber\u00edan dedicar mucha m\u00e1s atenci\u00f3n a cu\u00e1les ser\u00e1n ma\u00f1ana los resultados de las decisiones que se tomen hoy.<\/p>\n<p>En la actualidad, en todo el mundo se riegan m\u00e1s de 250 millones de hect\u00e1reas, casi cinco veces m\u00e1s que a comienzos del siglo XX. El riego ha ayudado a aumentar los rendimientos y la producci\u00f3n de la agricultura, pero el crecimiento de la poblaci\u00f3n mundial har\u00e1 que aumente la demanda de agua para consumo dom\u00e9stico e industrial, y sobre todo para riego con el fin de satisfacer las necesidades de la producci\u00f3n de alimentos. Es evidente que el acceso seguro a agua para beber y para la higiene es crucial para mantener la salud; sin embargo, m\u00e1s de 1.000 millones de personas en todo el mundo carecen de agua suficiente para cubrir sus niveles m\u00ednimos de salud.<\/p>\n<p>Globalmente, en la segunda mitad del siglo XX, la extracci\u00f3n de agua para fines dom\u00e9sticos e industriales creci\u00f3 en un 400%, el doble de lo que creci\u00f3 para la agricultura, donde en el mismo per\u00edodo el aumento fue \u201cs\u00f3lo\u201d de un 200%. Por otra parte, los humedales almacenan agua durante las lluvias, la liberan en los per\u00edodos secos, y la purifican de muchos de sus contaminantes; pero desgraciadamente durante el siglo XX el planeta perdi\u00f3 m\u00e1s de la mitad de los humedales. Por otra parte, los bosques reducen la erosi\u00f3n y la sedimentaci\u00f3n de los r\u00edos y recargan el agua subterr\u00e1nea; pero desgraciadamente tambi\u00e9n los bosques est\u00e1n sufriendo el acoso del desarrollo insostenible. Y en el siglo XXI no parecen ir mucho mejor las cosas para este viejo problema, que se reactiva de nuevo, como viene ocurriendo, decenio a decenio, desde hace ya demasiado tiempo.<\/p>\n<p>Como se muestra en el siguiente mapa, los problemas asociados a la <strong>escasez de agua<\/strong> <strong>en el planeta<\/strong>, tanto por ausencia f\u00edsica de la misma, como por carencias econ\u00f3micas para su gesti\u00f3n, es mucho mayor en los continentes y comarcas del Sur que en las del Norte.<\/p>\n<p><a href=\"https:\/\/static-blogs.hoy.es\/wp-content\/uploads\/sites\/63\/2017\/11\/02.-Mapa-de-escasez-de-agua.jpg\"><img loading=\"lazy\" class=\"aligncenter size-full wp-image-1190\" src=\"https:\/\/static-blogs.hoy.es\/wp-content\/uploads\/sites\/63\/2017\/11\/02.-Mapa-de-escasez-de-agua.jpg\" alt=\"02-mapa-de-escasez-de-agua\" width=\"800\" height=\"404\" srcset=\"https:\/\/static-blogs.hoy.es\/wp-content\/uploads\/sites\/63\/2017\/11\/02.-Mapa-de-escasez-de-agua.jpg 800w, https:\/\/static-blogs.hoy.es\/wp-content\/uploads\/sites\/63\/2017\/11\/02.-Mapa-de-escasez-de-agua-300x152.jpg 300w, https:\/\/static-blogs.hoy.es\/wp-content\/uploads\/sites\/63\/2017\/11\/02.-Mapa-de-escasez-de-agua-768x388.jpg 768w\" sizes=\"(max-width: 800px) 100vw, 800px\" \/><\/a><\/p>\n<p>Pero, con car\u00e1cter general, hablando de todo el planeta en su conjunto, se podr\u00eda decir que <u>no hay una escasez mundial del agua como tal<\/u>, aunque, bajando al detalle, son muchos los pa\u00edses y regiones concretas que necesitan una soluci\u00f3n urgente a los problemas cr\u00edticos que se les presenta por el estr\u00e9s h\u00eddrico, por tanto el problema deber\u00eda ser tratado en su conjunto, considerando el agua como un recurso potencialmente suficiente, pero a la vez escaso en su accesibilidad; enfocando el problema m\u00e1s hacia la gesti\u00f3n del agua disponible y su redistribuci\u00f3n, que a la disponibilidad en s\u00ed.<\/p>\n<p>Sin embargo, lo cierto es que las anomal\u00edas pluviom\u00e9tricas, tanto en la distribuci\u00f3n espacial como en la temporal de las precipitaciones, que el cambio clim\u00e1tico est\u00e1 produciendo ya en todo el mundo, y que seguir\u00e1 produciendo cada vez m\u00e1s en el futuro, crear\u00e1 <strong>serios problemas para mantener la disponibilidad permanente de agua para todo y para todos<\/strong>, que sin duda ser\u00eda muy deseable, pero que, tal como van las cosas, no deja de parecerse bastante a una utop\u00eda.<\/p>\n<p>Desde todos los puntos de vista, el agua es nuestro recurso natural m\u00e1s importante.\u00a0M\u00e1s del 70% de la superficie del planeta Tierra est\u00e1 cubierta por agua. En los oc\u00e9anos se encuentra el 97,5% del agua planetaria, pero en forma de agua salada, y el resto, es decir <strong>s\u00f3lo un 2,5% del total es agua dulce<\/strong>, pero la mayor parte de \u00e9sta no est\u00e1 en forma l\u00edquida, sino en forma de hielo, fundamentalmente en la Ant\u00e1rtida, el \u00c1rtico, glaciares, etc., lo que complica su acceso y utilizaci\u00f3n. No obstante, lo cierto es que la cantidad de agua potable en el mundo ser\u00eda suficiente, si pudi\u00e9ramos disponer de ella, d\u00f3nde y c\u00f3mo quisi\u00e9ramos.<\/p>\n<p>Pero la realidad es que existen enormes desigualdades entre unas \u00e1reas y otras del planeta. Analizado el problema globalmente, resulta que de los 2.100 millones de personas que no disponen de agua de forma segura, 844 millones no tienen ni siquiera un servicio b\u00e1sico de agua potable. Esto incluye a 263 millones de personas que tienen que emplear m\u00e1s de 30 minutos en cada viaje que hacen para recoger agua de fuentes que se encuentran lejos de su hogar, y 159 millones que todav\u00eda beben agua no tratada, de muy dudosa salubridad, procedente de fuentes superficiales no vigiladas ni controladas.<\/p>\n<p>En cuanto a las <u>temperaturas planetarias<\/u>, en una reciente publicaci\u00f3n de la OMM (Organizaci\u00f3n Meteorol\u00f3gica Mundial) se se\u00f1ala que el 2017 va a ser uno de los tres a\u00f1os m\u00e1s c\u00e1lidos registrados hasta ahora en el mundo, y al mismo tiempo uno de los que han presentado m\u00e1s episodios de efectos devastadores, como huracanes catastr\u00f3ficos y crecidas, alternando \u00e9stas con enormes sequ\u00edas. A lo que hay que a\u00f1adir que los indicadores del cambio clim\u00e1tico a medio y largo plazo, como el incremento de las concentraciones de di\u00f3xido de carbono, el aumento del nivel del mar y la acidificaci\u00f3n del oc\u00e9ano, siguen apuntando <u>previsiones nada optimistas<\/u>.<\/p>\n<p>La cubierta de hielo marino del \u00c1rtico contin\u00faa estando por debajo de la media, y la extensi\u00f3n del hielo marino de la Ant\u00e1rtida, que se ha mantenido estable durante siglos, est\u00e1 alcanzando en la actualidad niveles m\u00ednimos, nunca registrados antes.<\/p>\n<p>Las temperaturas del planeta, desde enero a octubre de 2017, han alcanzado una media global de aproximadamente 1,1 \u00b0C por encima de los niveles preindustriales, lo que en t\u00e9rminos estad\u00edsticos de tendencia del clima es muy mal s\u00edntoma. El resultado, de momento, es que <u>el per\u00edodo de 2013 a 2017 ser\u00e1 el quinquenio m\u00e1s c\u00e1lido jam\u00e1s registrado<\/u>.<\/p>\n<p>El mapa de anomal\u00edas de las temperaturas medias planetarias, respecto al treintenio de referencia, 1981-2010, es el que se presenta a continuaci\u00f3n; en \u00e9l que puede apreciarse como la peor parte del calentamiento an\u00f3malo corresponde a las altas latitudes del Norte, con lo que el deshielo del \u00c1rtico se ha incrementado notablemente. El sur de Europa, concretamente en sus costas mediterr\u00e1neas, presenta tambi\u00e9n altas anomal\u00edas, siendo Espa\u00f1a, y dentro de ella algunas comarcas de Andaluc\u00eda, las que han registrado temperaturas medias del orden de m\u00e1s de 2 \u00baC, por encima de sus valores de referencia.<\/p>\n<p><a href=\"https:\/\/static-blogs.hoy.es\/wp-content\/uploads\/sites\/63\/2017\/11\/03.-Anomal\u00edas-temperaturas-2017-Global.jpg\"><img loading=\"lazy\" class=\"aligncenter size-full wp-image-1191\" src=\"https:\/\/static-blogs.hoy.es\/wp-content\/uploads\/sites\/63\/2017\/11\/03.-Anomal\u00edas-temperaturas-2017-Global.jpg\" alt=\"03-anomalias-temperaturas-2017-global\" width=\"2136\" height=\"951\" srcset=\"https:\/\/static-blogs.hoy.es\/wp-content\/uploads\/sites\/63\/2017\/11\/03.-Anomal\u00edas-temperaturas-2017-Global.jpg 2136w, https:\/\/static-blogs.hoy.es\/wp-content\/uploads\/sites\/63\/2017\/11\/03.-Anomal\u00edas-temperaturas-2017-Global-300x134.jpg 300w, https:\/\/static-blogs.hoy.es\/wp-content\/uploads\/sites\/63\/2017\/11\/03.-Anomal\u00edas-temperaturas-2017-Global-768x342.jpg 768w, https:\/\/static-blogs.hoy.es\/wp-content\/uploads\/sites\/63\/2017\/11\/03.-Anomal\u00edas-temperaturas-2017-Global-1024x456.jpg 1024w\" sizes=\"(max-width: 2136px) 100vw, 2136px\" \/><\/a><\/p>\n<p>Para el futuro, pero no un futuro muy lejano, sino el futuro en que vivir\u00e1n nuestros hijos y nietos, ambas variables meteorol\u00f3gicas, las precipitaciones y las temperaturas, nos crear\u00e1n bastantes complicaciones, en un caso por defecto y en el otro por exceso, complicaciones que tendr\u00e1n importancia notable sobre nuestras condiciones de vida, e incluso sobre nuestra salud. Por tanto, todo lo que hagamos para moderar sus efectos ser\u00e1 beneficioso para nosotros, y cuanto antes empecemos a tomar medidas de adaptaci\u00f3n, tanto mejor para todos.<\/p>\n<p>Refiri\u00e9ndonos al sur europeo, en concreto Espa\u00f1a, y tanto m\u00e1s cuanto m\u00e1s al sur dentro de ella, nos espera una disminuci\u00f3n de la precipitaci\u00f3n anual, con un aumento del n\u00famero de tormentas fuertes, con precipitaciones muy intensas, lo que dar\u00e1 lugar a frecuentes inundaciones, si no se prev\u00e9n y mantienen los canales de descarga naturales; es decir <u>la lluvia total ser\u00e1 menor, pero acumulada en pocos e intensos episodios<\/u>, por lo que vendr\u00e1n acompa\u00f1adas de un aumento de las sequ\u00edas \u201cintra-anuales\u201d e interanuales. Y, para acompa\u00f1ar a estas sequ\u00edas, <u>la temperatura media seguir\u00e1 en ascenso, con elevadas m\u00e1ximas absolutas y olas de calor<\/u>. Lo que, a fin de cuentas, no ser\u00e1 sino <strong>el clima que la humanidad, se ha ganado a pulso<\/strong>.<\/p>\n<p><strong><a href=\"https:\/\/www.google.es\/?gfe_rd=cr&amp;ei=hn88Vv6TPIjCbOOKvdgG&amp;gws_rd=ssl#q=Adolfo+Marroqu%C3%ADn+Santo%C3%B1a\">Adolfo Marroqu\u00edn Santo\u00f1a<\/a><\/strong><\/p>\n<!-- AddThis Advanced Settings generic via filter on the_content --><!-- AddThis Share Buttons generic via filter on the_content -->","protected":false},"excerpt":{"rendered":"<p>Hace ya unos a\u00f1os, el \u201cInternational Food Policy Research Institute\u201d (IFPRI), planteaba algunas preguntas y pon\u00eda sobre la mesa algunos temas para el debate: \u00bfPuede la Tierra producir alimentos suficientes para 9.000 millones de personas?, \u00bfPara 10.000 millones?, \u00bfD\u00f3nde est\u00e1 el l\u00edmite de esas posibilidades? Pues resulta que se ha encontrado que el agua ser\u00e1 [&hellip;]<!-- AddThis Advanced Settings generic via filter on get_the_excerpt --><!-- AddThis Share Buttons generic via filter on get_the_excerpt --><\/p>\n","protected":false},"author":69,"featured_media":0,"comment_status":"closed","ping_status":"closed","sticky":false,"template":"","format":"standard","meta":[],"categories":[4],"tags":[47,1689,48,1688,1684,1691,233,239,325,1685,581,1686,1166,1196,1687,1331,1364,1690,1463],"_links":{"self":[{"href":"https:\/\/blogs.hoy.es\/ciencia-facil\/wp-json\/wp\/v2\/posts\/1188"}],"collection":[{"href":"https:\/\/blogs.hoy.es\/ciencia-facil\/wp-json\/wp\/v2\/posts"}],"about":[{"href":"https:\/\/blogs.hoy.es\/ciencia-facil\/wp-json\/wp\/v2\/types\/post"}],"author":[{"embeddable":true,"href":"https:\/\/blogs.hoy.es\/ciencia-facil\/wp-json\/wp\/v2\/users\/69"}],"replies":[{"embeddable":true,"href":"https:\/\/blogs.hoy.es\/ciencia-facil\/wp-json\/wp\/v2\/comments?post=1188"}],"version-history":[{"count":1,"href":"https:\/\/blogs.hoy.es\/ciencia-facil\/wp-json\/wp\/v2\/posts\/1188\/revisions"}],"predecessor-version":[{"id":1192,"href":"https:\/\/blogs.hoy.es\/ciencia-facil\/wp-json\/wp\/v2\/posts\/1188\/revisions\/1192"}],"wp:attachment":[{"href":"https:\/\/blogs.hoy.es\/ciencia-facil\/wp-json\/wp\/v2\/media?parent=1188"}],"wp:term":[{"taxonomy":"category","embeddable":true,"href":"https:\/\/blogs.hoy.es\/ciencia-facil\/wp-json\/wp\/v2\/categories?post=1188"},{"taxonomy":"post_tag","embeddable":true,"href":"https:\/\/blogs.hoy.es\/ciencia-facil\/wp-json\/wp\/v2\/tags?post=1188"}],"curies":[{"name":"wp","href":"https:\/\/api.w.org\/{rel}","templated":true}]}}