{"id":1198,"date":"2017-12-24T13:19:44","date_gmt":"2017-12-24T12:19:44","guid":{"rendered":"http:\/\/blogs.hoy.es\/ciencia-facil\/?p=1198"},"modified":"2017-12-24T13:19:44","modified_gmt":"2017-12-24T12:19:44","slug":"calor-para-todos-agua-solo-para-algunos","status":"publish","type":"post","link":"https:\/\/blogs.hoy.es\/ciencia-facil\/2017\/12\/24\/calor-para-todos-agua-solo-para-algunos\/","title":{"rendered":"Calor para todos, agua s\u00f3lo para algunos"},"content":{"rendered":"<p><a href=\"https:\/\/static-blogs.hoy.es\/wp-content\/uploads\/sites\/63\/2017\/12\/01.-Antes-y-despu\u00e9s-del-CambiCli.jpg\"><img loading=\"lazy\" class=\"aligncenter size-full wp-image-1199\" src=\"https:\/\/static-blogs.hoy.es\/wp-content\/uploads\/sites\/63\/2017\/12\/01.-Antes-y-despu\u00e9s-del-CambiCli.jpg\" alt=\"01-antes-y-despues-del-cambicli\" width=\"756\" height=\"193\" srcset=\"https:\/\/static-blogs.hoy.es\/wp-content\/uploads\/sites\/63\/2017\/12\/01.-Antes-y-despu\u00e9s-del-CambiCli.jpg 756w, https:\/\/static-blogs.hoy.es\/wp-content\/uploads\/sites\/63\/2017\/12\/01.-Antes-y-despu\u00e9s-del-CambiCli-300x77.jpg 300w\" sizes=\"(max-width: 756px) 100vw, 756px\" \/><\/a>En la actualidad, durante el a\u00f1o 2017, la mayor parte de Espa\u00f1a ha sufrido una seria sequ\u00eda, otra m\u00e1s deber\u00edamos decir, puesto que sequ\u00edas las hemos tenido siempre y seguiremos teni\u00e9ndolas para siempre y, lo que es peor, probablemente las que est\u00e1n por venir ser\u00e1n m\u00e1s serias que las ya pasadas, al menos para algunas \u00e1reas del planeta, como para la nuestra en particular, tal como indican la pr\u00e1ctica totalidad de los modelos clim\u00e1ticos.<\/p>\n<p>Por cierto, aclarar\u00e9, para los que puedan no tenerlo claro, que un <u>modelo clim\u00e1tico<\/u>, es la representaci\u00f3n f\u00edsico-matem\u00e1tica del <u>sistema clim\u00e1tico<\/u>, es decir del conjunto formado por las cinco componentes principales implicadas en el clima: la <u>atm\u00f3sfera<\/u>, la <u>hidrosfera<\/u> (el agua), la <u>criosfera<\/u> (el hielo), la <u>litosfera<\/u> (la parte s\u00f3lida del planeta) y la <u>biosfera<\/u> (todo cuanto tiene vida en el planeta), incluyendo en el modelo todas las propiedades conocidas de cada una de esas cinco componentes, as\u00ed como informaci\u00f3n sobre las interacciones e intercambios entre ellas.<\/p>\n<p>Conviene recordar aqu\u00ed que, en el marco del cambio clim\u00e1tico en que estamos inmersos, <u>es seguro el calentamiento global<\/u>, es decir el calentamiento de todo el planeta, <u>y son seguras las anomal\u00edas pluviom\u00e9tricas<\/u>, que ser\u00e1n tambi\u00e9n globales; pero la diferencia, que debemos tener clara, es que la globalidad del calentamiento significa que <strong>las temperaturas son, y ser\u00e1n, m\u00e1s altas en todas partes<\/strong>. Mientras que las precipitaciones ser\u00e1n an\u00f3malas en todas partes, es decir distintas de las registradas hasta ahora, pero <strong>con cantidades de precipitaci\u00f3n m\u00e1s altas en unas partes y bastante m\u00e1s bajas en otras<\/strong>. A\u00f1adi\u00e9ndose una caracter\u00edstica, que pone peor las cosas para todos, en el sentido de que la precipitaci\u00f3n total anual, sea mayor o menor que la actual, se concentrar\u00e1 en el tiempo y en el espacio, con intensidades (cantidades registradas por unidad de tiempo) muy altas, dando lugar a <strong>sequ\u00edas<\/strong> interanuales, y al mismo tiempo a <strong>inundaciones<\/strong> locales.<\/p>\n<p>En las nueve figuras siguientes se muestra el <u>tanto por ciento de variaci\u00f3n de las temperaturas<\/u> previstas en este siglo XXI, respecto a los valores registrados durante el pasado siglo XX, resultados obtenidos mediante distintos <u>modelos clim\u00e1ticos<\/u>, trabajando con diferentes escenarios, es decir teniendo en cuenta los cambios que puedan producirse en la actividad humana. Puede comprobarse como ninguno de los modelos, en ning\u00fan escenario y para ning\u00fan periodo de tiempo actual o futuro, a lo largo de este siglo XXI, presenta tonos azules, que significar\u00edan enfriamiento. Todo son tonos marrones o rojizos en todo el planeta, es decir <strong>calentamiento global, extendido literalmente a todo el globo<\/strong>.<\/p>\n<p><a href=\"https:\/\/static-blogs.hoy.es\/wp-content\/uploads\/sites\/63\/2017\/12\/02.-Temperaturas-siglo-XXI.jpg\"><img loading=\"lazy\" class=\"aligncenter size-full wp-image-1200\" src=\"https:\/\/static-blogs.hoy.es\/wp-content\/uploads\/sites\/63\/2017\/12\/02.-Temperaturas-siglo-XXI.jpg\" alt=\"02-temperaturas-siglo-xxi\" width=\"800\" height=\"482\" srcset=\"https:\/\/static-blogs.hoy.es\/wp-content\/uploads\/sites\/63\/2017\/12\/02.-Temperaturas-siglo-XXI.jpg 800w, https:\/\/static-blogs.hoy.es\/wp-content\/uploads\/sites\/63\/2017\/12\/02.-Temperaturas-siglo-XXI-300x181.jpg 300w, https:\/\/static-blogs.hoy.es\/wp-content\/uploads\/sites\/63\/2017\/12\/02.-Temperaturas-siglo-XXI-768x463.jpg 768w\" sizes=\"(max-width: 800px) 100vw, 800px\" \/><\/a><\/p>\n<p>Vemos tambi\u00e9n que la subida de temperaturas para el per\u00edodo inicial, en el que nos encontramos, el 2011-2030, est\u00e1 entre 1 y 2\u00baC, que pasa a ser entre 3 y 4\u00baC para el per\u00edodo 2046 a 2065, y super\u00e1ndose los 4 y 5\u00baC a partir del 2080. Se observa tambi\u00e9n que los aumentos m\u00e1ximos corresponden a las \u00e1reas de mayor latitud, sobre todo hacia el norte, en las zonas \u00e1rticas. Pero queda claro que <strong>el calentamiento ser\u00e1 planetario<\/strong>.<\/p>\n<p>Por el contrario, esta homogeneidad de tendencia, que significa \u201c<strong>siempre m\u00e1s calor para todos<\/strong>\u201d, no se dar\u00e1 en el caso de las precipitaciones, puesto que lo que se prev\u00e9 es que se produzcan aumentos de la cantidad media mundial de precipitaci\u00f3n durante el siglo XXI, pero con una distribuci\u00f3n espacial poco homog\u00e9nea, con \u00e1reas de valores m\u00e1ximos de aumento en las regiones tropicales y tambi\u00e9n en latitudes altas de ambos hemisferios, tanto en el norte como en el sur. Mientras que, por el contrario, se presentan disminuciones generales en las regiones subtropicales, y tambi\u00e9n disminuciones generalizadas en latitudes medias, excepto en Asia oriental.<\/p>\n<p>Los resultados sobre la distribuci\u00f3n de las variaciones de los porcentajes de precipitaci\u00f3n que se muestran en la siguiente figura, han sido obtenidos a partir de los modelos clim\u00e1ticos, manejados por el conocido <strong>IPCC<\/strong> (Grupo Intergubernamental de Expertos sobre Cambio Clim\u00e1tico), y es destacable el descenso previsto en la <strong>escorrent\u00eda<\/strong>, es decir en el \u201c<u>agua potencialmente utilizable<\/u>\u201d tras las precipitaciones, descenso que deber\u00eda ser preocupante, para algunas zonas del planeta, concretamente las \u201cmarrones\u201d. Mientras que, al mismo tiempo las \u00e1reas \u201cazules\u201d, tanto en el hemisferio norte como en el sur presentan porcentajes crecientes de precipitaciones y escorrent\u00eda, con aumentos de hasta el 30 o el 50%.<\/p>\n<p><a href=\"https:\/\/static-blogs.hoy.es\/wp-content\/uploads\/sites\/63\/2017\/12\/03.-Precipitaci\u00f3n-y-escorrent\u00eda.jpg\"><img loading=\"lazy\" class=\"aligncenter size-full wp-image-1201\" src=\"https:\/\/static-blogs.hoy.es\/wp-content\/uploads\/sites\/63\/2017\/12\/03.-Precipitaci\u00f3n-y-escorrent\u00eda.jpg\" alt=\"03-precipitacion-y-escorrentia\" width=\"776\" height=\"341\" srcset=\"https:\/\/static-blogs.hoy.es\/wp-content\/uploads\/sites\/63\/2017\/12\/03.-Precipitaci\u00f3n-y-escorrent\u00eda.jpg 776w, https:\/\/static-blogs.hoy.es\/wp-content\/uploads\/sites\/63\/2017\/12\/03.-Precipitaci\u00f3n-y-escorrent\u00eda-300x132.jpg 300w, https:\/\/static-blogs.hoy.es\/wp-content\/uploads\/sites\/63\/2017\/12\/03.-Precipitaci\u00f3n-y-escorrent\u00eda-768x337.jpg 768w\" sizes=\"(max-width: 776px) 100vw, 776px\" \/><\/a><\/p>\n<p>La <u>clara disminuci\u00f3n del porcentaje<\/u> en los valores de la precipitaci\u00f3n (del 20 al 30%) y de la escorrent\u00eda (del 30 al 40%) previstos para la cuenca mediterr\u00e1nea en general y para Espa\u00f1a en particular, durante la segunda mitad del siglo en curso, <u>respecto a los valores medios<\/u> registrados en esas \u00e1reas en el siglo pasado, hacen recomendable que nos planteemos algunas dudas sobre la atenci\u00f3n a la creciente demanda de agua en el futuro.<\/p>\n<p>El suministro de agua, de calidad adecuada y en cantidad suficiente, es esencial para tener y mantener un nivel de vida y un ritmo de desarrollo, de acuerdo con las necesidades que nosotros mismos nos hemos impuesto. Y ese suministro est\u00e1 condicionado por el llamado ciclo hidro<strong>l\u00f3gico<\/strong>; en consecuencia, ser\u00eda <strong>l\u00f3gico<\/strong> que nos preocup\u00e1ramos y que, cuanto antes, nos ocup\u00e1ramos de <strong>no perturbar la l\u00f3gica de ese ciclo<\/strong>.<\/p>\n<p><strong><a href=\"https:\/\/www.google.es\/?gfe_rd=cr&amp;ei=hn88Vv6TPIjCbOOKvdgG&amp;gws_rd=ssl#q=Adolfo+Marroqu%C3%ADn+Santo%C3%B1a\">Adolfo Marroqu\u00edn Santo\u00f1a<\/a><\/strong><\/p>\n<!-- AddThis Advanced Settings generic via filter on the_content --><!-- AddThis Share Buttons generic via filter on the_content -->","protected":false},"excerpt":{"rendered":"<p>En la actualidad, durante el a\u00f1o 2017, la mayor parte de Espa\u00f1a ha sufrido una seria sequ\u00eda, otra m\u00e1s deber\u00edamos decir, puesto que sequ\u00edas las hemos tenido siempre y seguiremos teni\u00e9ndolas para siempre y, lo que es peor, probablemente las que est\u00e1n por venir ser\u00e1n m\u00e1s serias que las ya pasadas, al menos para algunas [&hellip;]<!-- AddThis Advanced Settings generic via filter on get_the_excerpt --><!-- AddThis Share Buttons generic via filter on get_the_excerpt --><\/p>\n","protected":false},"author":69,"featured_media":0,"comment_status":"closed","ping_status":"closed","sticky":false,"template":"","format":"standard","meta":[],"categories":[4,7],"tags":[47,1699,142,205,230,233,239,304,401,558,743,804,882,970,1166,1195,1357,1436],"_links":{"self":[{"href":"https:\/\/blogs.hoy.es\/ciencia-facil\/wp-json\/wp\/v2\/posts\/1198"}],"collection":[{"href":"https:\/\/blogs.hoy.es\/ciencia-facil\/wp-json\/wp\/v2\/posts"}],"about":[{"href":"https:\/\/blogs.hoy.es\/ciencia-facil\/wp-json\/wp\/v2\/types\/post"}],"author":[{"embeddable":true,"href":"https:\/\/blogs.hoy.es\/ciencia-facil\/wp-json\/wp\/v2\/users\/69"}],"replies":[{"embeddable":true,"href":"https:\/\/blogs.hoy.es\/ciencia-facil\/wp-json\/wp\/v2\/comments?post=1198"}],"version-history":[{"count":1,"href":"https:\/\/blogs.hoy.es\/ciencia-facil\/wp-json\/wp\/v2\/posts\/1198\/revisions"}],"predecessor-version":[{"id":1202,"href":"https:\/\/blogs.hoy.es\/ciencia-facil\/wp-json\/wp\/v2\/posts\/1198\/revisions\/1202"}],"wp:attachment":[{"href":"https:\/\/blogs.hoy.es\/ciencia-facil\/wp-json\/wp\/v2\/media?parent=1198"}],"wp:term":[{"taxonomy":"category","embeddable":true,"href":"https:\/\/blogs.hoy.es\/ciencia-facil\/wp-json\/wp\/v2\/categories?post=1198"},{"taxonomy":"post_tag","embeddable":true,"href":"https:\/\/blogs.hoy.es\/ciencia-facil\/wp-json\/wp\/v2\/tags?post=1198"}],"curies":[{"name":"wp","href":"https:\/\/api.w.org\/{rel}","templated":true}]}}