{"id":1219,"date":"2018-02-22T13:56:49","date_gmt":"2018-02-22T12:56:49","guid":{"rendered":"http:\/\/blogs.hoy.es\/ciencia-facil\/?p=1219"},"modified":"2018-02-22T13:56:49","modified_gmt":"2018-02-22T12:56:49","slug":"resolviendo-los-desastres-meteo-climaticos","status":"publish","type":"post","link":"https:\/\/blogs.hoy.es\/ciencia-facil\/2018\/02\/22\/resolviendo-los-desastres-meteo-climaticos\/","title":{"rendered":"Resolviendo los desastres meteo-clim\u00e1ticos"},"content":{"rendered":"<p><a href=\"https:\/\/static-blogs.hoy.es\/wp-content\/uploads\/sites\/63\/2018\/02\/01.-CO2-planeta-e-inundaci\u00f3n.jpg\"><img loading=\"lazy\" class=\"aligncenter size-full wp-image-1220\" src=\"https:\/\/static-blogs.hoy.es\/wp-content\/uploads\/sites\/63\/2018\/02\/01.-CO2-planeta-e-inundaci\u00f3n.jpg\" alt=\"01-co2-planeta-e-inundacion\" width=\"796\" height=\"250\" srcset=\"https:\/\/static-blogs.hoy.es\/wp-content\/uploads\/sites\/63\/2018\/02\/01.-CO2-planeta-e-inundaci\u00f3n.jpg 796w, https:\/\/static-blogs.hoy.es\/wp-content\/uploads\/sites\/63\/2018\/02\/01.-CO2-planeta-e-inundaci\u00f3n-300x94.jpg 300w, https:\/\/static-blogs.hoy.es\/wp-content\/uploads\/sites\/63\/2018\/02\/01.-CO2-planeta-e-inundaci\u00f3n-768x241.jpg 768w\" sizes=\"(max-width: 796px) 100vw, 796px\" \/><\/a>Sabemos que estamos inmersos en un cambio clim\u00e1tico, sabemos que, antes de \u00e9ste, ha habido otros muchos cambios clim\u00e1ticos, puesto que el clima no es algo est\u00e1tico, sino m\u00e1s bien continuamente cambiante, sabemos tambi\u00e9n que el actual cambio est\u00e1 provocando fen\u00f3menos atmosf\u00e9ricos muy violentos, dando lugar a aut\u00e9nticas cat\u00e1strofes meteo-clim\u00e1ticas, a las que denominaremos as\u00ed por estar asociadas a fen\u00f3menos meteorol\u00f3gicos, que a su vez est\u00e1n asociados al cambio del clima.<\/p>\n<p>Sabemos todo eso, pero lo que no sabemos, o m\u00e1s bien lo que no queremos saber, y mucho menos admitir, es qui\u00e9n es el responsable de este cambio actual, que resulta ser el m\u00e1s r\u00e1pido del que tenemos constancia.<\/p>\n<p>En el 2004, tras la gran ola de calor que asol\u00f3 Europa, provocando miles de muertos, se pusieron en marcha una serie de an\u00e1lisis sobre la atribuci\u00f3n de aquel funesto episodio; se citaba, como causante, la persistencia de una situaci\u00f3n anticicl\u00f3nica, pero se\u00f1alando que la presencia de aquel pertinaz anticicl\u00f3n, por s\u00ed solo, no justificaba la presencia de tan adversa ola de calor. La \u00fanica explicaci\u00f3n, si es que puede llamarse as\u00ed, era que \u201cotros factores\u201d debieron actuar sin\u00e9rgicamente.<\/p>\n<p>Pero si algo puede decirse a favor de aquellos an\u00e1lisis es que abrieron camino a numerosos estudios posteriores sobre las causas, efectos y responsabilidades de ocurrencia de los, cada vez m\u00e1s frecuentes, fen\u00f3menos meteo-clim\u00e1ticos extremos; pero \u00bfqu\u00e9 se ha aprendido en los \u00faltimos a\u00f1os sobre ello?<\/p>\n<p>Desde 2011 se han publicado m\u00e1s de 100 documentos de atribuci\u00f3n, contenidos en el informe anual &#8220;<em>Explicando los eventos extremos desde una perspectiva clim\u00e1tica<\/em>&#8220;, publicado como suplemento especial del Bolet\u00edn de la Sociedad Meteorol\u00f3gica Americana (BAMS, por sus siglas en ingl\u00e9s). El tipo de eventos que ahora se examinan se ha extendido m\u00e1s all\u00e1 de las olas de calor y de las precipitaciones de gran intensidad, para incluir muchos otros tipos de eventos: ciclones tropicales, tormentas extremas, mareas de tormenta, inundaciones, prolongadas sequ\u00edas, incendios forestales, extensi\u00f3n de hielo marino, etc.<\/p>\n<p>Los miembros del IPCC, el panel internacional de expertos sobre el cambio clim\u00e1tico, dicen que los causantes de los fen\u00f3menos extremos, son las sustancias y los procesos naturales y antr\u00f3picos, que alteran el balance energ\u00e9tico de la Tierra. Muy bien, pero \u00bfqui\u00e9n puso esas sustancias all\u00ed, d\u00f3nde est\u00e1n? Y, en cuanto a los procesos perjudiciales puestos en marcha, se dice que son naturales y antr\u00f3picos; bien, vale, pero \u00bfqui\u00e9n los ha disparado, la naturaleza o el hombre?<\/p>\n<p>Echemos una ojeada a lo que dicen al respecto las \u00faltimas <strong>COP<\/strong> (<strong>Conferencia de las Partes<\/strong>) sobre el cambio clim\u00e1tico celebradas, que fijan la hoja de ruta \u201cimprescindible\u201d, <strong>admitiendo la responsabilidad humana<\/strong> en los problemas derivados del cambio clim\u00e1tico, y tomando medidas para la <strong>mitigaci\u00f3n de los lamentables efectos<\/strong> ocasionados por los desastres meteo-clim\u00e1ticos asociados. Comentaremos, someramente, estas \u00faltimas Conferencias, que son el COP 21 Acuerdo de Par\u00eds, el COP 22 de Marrakech y el COP 23 de Bonn. Quedando a la espera de lo que suceda en la pr\u00f3xima Conferencia Mundial, que ser\u00e1 la COP 24 a celebrar en Polonia.<\/p>\n<p><a href=\"https:\/\/static-blogs.hoy.es\/wp-content\/uploads\/sites\/63\/2018\/02\/02.-COP-21-y-COP-22.jpg\"><img loading=\"lazy\" class=\"aligncenter size-full wp-image-1221\" src=\"https:\/\/static-blogs.hoy.es\/wp-content\/uploads\/sites\/63\/2018\/02\/02.-COP-21-y-COP-22.jpg\" alt=\"02-cop-21-y-cop-22\" width=\"800\" height=\"240\" srcset=\"https:\/\/static-blogs.hoy.es\/wp-content\/uploads\/sites\/63\/2018\/02\/02.-COP-21-y-COP-22.jpg 800w, https:\/\/static-blogs.hoy.es\/wp-content\/uploads\/sites\/63\/2018\/02\/02.-COP-21-y-COP-22-300x90.jpg 300w, https:\/\/static-blogs.hoy.es\/wp-content\/uploads\/sites\/63\/2018\/02\/02.-COP-21-y-COP-22-768x230.jpg 768w\" sizes=\"(max-width: 800px) 100vw, 800px\" \/><\/a><\/p>\n<p><strong><u>COP 21 &#8211; El Acuerdo de Par\u00eds<\/u><\/strong><\/p>\n<p>En el Acuerdo de Par\u00eds se plantea como objetivo que el incremento de la temperatura media global del planeta no supere los 2\u00baC, respecto a los niveles preindustriales y busca, adem\u00e1s, tratar de conseguir que, si fuera posible, el calentamiento global no supere los 1,5\u00baC. De esta manera, el Acuerdo recoge la mayor ambici\u00f3n posible para <strong>reducir los riesgos y los impactos del cambio clim\u00e1tico<\/strong> en todo el mundo y, al mismo tiempo, incluye todos los elementos necesarios para que se pueda alcanzar este objetivo.<\/p>\n<p>Adem\u00e1s, reconoce la necesidad de que las emisiones globales no sigan creciendo desde ya mismo, o al menos lo antes posible, asumiendo que esta tarea llevar\u00e1 m\u00e1s tiempo para los pa\u00edses en desarrollo. En cuanto a las sendas de reducci\u00f3n de emisiones a medio y largo plazo, se establece la necesidad de conseguir la neutralidad de las emisiones, es decir, <strong>un equilibrio entre las emisiones y las absorciones de gases de efecto invernadero<\/strong> en la segunda mitad de siglo actual.<\/p>\n<p><strong><u>COP 22 \u2013 Marrakech<\/u><\/strong><\/p>\n<p>Esta Conferencia, comenz\u00f3 remarcando que la retirada de EE.UU. del Acuerdo de Par\u00eds, decidida por <strong>el presidente Trump, hab\u00eda causado profunda decepci\u00f3n<\/strong> en los pa\u00edses miembros, pero a\u00f1adiendo a continuaci\u00f3n: \u201cA pesar de esta decisi\u00f3n, continuar\u00e1n las acciones clim\u00e1ticas emprendidas, que son irreversibles. Vamos a mantener nuestro esp\u00edritu de cooperaci\u00f3n y continuaremos nuestros esfuerzos para la implementaci\u00f3n del Acuerdo de Par\u00eds, confirmado aqu\u00ed, en la Proclamaci\u00f3n de Marrakech\u201d.<\/p>\n<p>La Uni\u00f3n Europea, y por tanto Espa\u00f1a, es una de las regiones con los objetivos de reducci\u00f3n de gases de efecto invernadero m\u00e1s ambiciosos, ya que se ha fijado para el a\u00f1o 2030 una reducci\u00f3n de al menos el 40% con respecto a los niveles de 1990, al menos un 27% del consumo total de energ\u00eda procedente de fuentes renovables y un incremento de al menos el 27% en la eficiencia energ\u00e9tica, reduciendo m\u00e1s significativamente si cabe las emisiones para el a\u00f1o 2050 (entre un 80 y un 95% con respecto a los niveles de 1990), para as\u00ed hacer una econom\u00eda europea de alta eficiencia energ\u00e9tica y bajas emisiones de gases de efecto invernadero.<\/p>\n<p><strong><u>COP 23 \u2013 Bonn<\/u><\/strong><\/p>\n<p>Esta Cumbre del Clima celebrada en Bonn (Alemania), en noviembre de 2017, ha contado con la participaci\u00f3n de 194 pa\u00edses, 9.200 representantes de gobiernos y m\u00e1s de 16.000 participantes. En ella se han sentado las bases para la aplicaci\u00f3n del Acuerdo de Par\u00eds y se ha logrado mantener el impulso pol\u00edtico en la lucha contra el cambio clim\u00e1tico, pese a la actitud \u201cnada constructiva\u201d del presidente Trump.<\/p>\n<p><a href=\"https:\/\/static-blogs.hoy.es\/wp-content\/uploads\/sites\/63\/2018\/02\/03.-COP-23-y-Trump.jpg\"><img loading=\"lazy\" class=\"aligncenter size-full wp-image-1222\" src=\"https:\/\/static-blogs.hoy.es\/wp-content\/uploads\/sites\/63\/2018\/02\/03.-COP-23-y-Trump.jpg\" alt=\"03-cop-23-y-trump\" width=\"779\" height=\"271\" srcset=\"https:\/\/static-blogs.hoy.es\/wp-content\/uploads\/sites\/63\/2018\/02\/03.-COP-23-y-Trump.jpg 779w, https:\/\/static-blogs.hoy.es\/wp-content\/uploads\/sites\/63\/2018\/02\/03.-COP-23-y-Trump-300x104.jpg 300w, https:\/\/static-blogs.hoy.es\/wp-content\/uploads\/sites\/63\/2018\/02\/03.-COP-23-y-Trump-768x267.jpg 768w\" sizes=\"(max-width: 779px) 100vw, 779px\" \/><\/a><\/p>\n<p>Esta Cumbre ha tenido como reto consolidar la confianza para implementar el Acuerdo de Par\u00eds que reconoce las causas antr\u00f3picas, es decir ocasionadas por el hombre, de car\u00e1cter cultural y tecnol\u00f3gico del cambio clim\u00e1tico, como <strong>hechos inequ\u00edvocos y potencialmente irreversibles<\/strong>, consciente de que la falta de acciones significativas frente al calentamiento global en los \u00faltimos 25 a\u00f1os, est\u00e1 poniendo en riesgo los ecosistemas, la vida humana y los medios de subsistencia.<\/p>\n<p>Se intent\u00f3 tambi\u00e9n <strong>convencer a Trump del error<\/strong> que cometer\u00eda si su pa\u00eds abandonaba el Acuerdo de Par\u00eds. Pero lo cierto fue que, el propio Trump, anunci\u00f3 a todos los pa\u00edses presentes en la Cumbre, que los Estados Unidos se retiraban del compromiso internacional.<\/p>\n<p><strong><u>Lo pr\u00f3ximo ser\u00e1n las migraciones clim\u00e1ticas<\/u><\/strong><\/p>\n<p>Hace unos meses, el presidente de la Comisi\u00f3n Europea, Jean-Claude Juncker, ha alertado de que si fracasa el acuerdo internacional de Par\u00eds contra el cambio clim\u00e1tico supondr\u00e1 \u201cempujar al exilio a millones de refugiados clim\u00e1ticos\u201d. \u201cNo cumplir hoy los compromisos (de reducci\u00f3n de emisiones) asumidos en Par\u00eds es correr el riesgo de empujar, de aqu\u00ed a 2050, a hasta 250 millones de refugiados clim\u00e1ticos, camino del exilio\u201d, ha asegurado.<\/p>\n<p>Juncker ha advertido de que no se debe perder \u201cni un instante\u201d para luchar contra el cambio clim\u00e1tico y para apoyar a los pa\u00edses m\u00e1s vulnerables, evitando as\u00ed una crisis \u201cmucho m\u00e1s grave\u201d que la vivida en los \u00faltimos a\u00f1os en Europa, por la presi\u00f3n migratoria.<\/p>\n<p><a href=\"https:\/\/static-blogs.hoy.es\/wp-content\/uploads\/sites\/63\/2018\/02\/04.-Papa-Francisco-y-planeta-en-peligro.jpg\"><img loading=\"lazy\" class=\"aligncenter size-full wp-image-1223\" src=\"https:\/\/static-blogs.hoy.es\/wp-content\/uploads\/sites\/63\/2018\/02\/04.-Papa-Francisco-y-planeta-en-peligro.jpg\" alt=\"04-papa-francisco-y-planeta-en-peligro\" width=\"730\" height=\"329\" srcset=\"https:\/\/static-blogs.hoy.es\/wp-content\/uploads\/sites\/63\/2018\/02\/04.-Papa-Francisco-y-planeta-en-peligro.jpg 730w, https:\/\/static-blogs.hoy.es\/wp-content\/uploads\/sites\/63\/2018\/02\/04.-Papa-Francisco-y-planeta-en-peligro-300x135.jpg 300w\" sizes=\"(max-width: 730px) 100vw, 730px\" \/><\/a><\/p>\n<p>El propio Papa Francisco public\u00f3, el 18\/06\/2015 en el Vaticano, la enc\u00edclica \u201cLaudato si\u201d, la primera redactada \u00edntegramente por Francisco, que ha sido muy comentada, con opiniones a favor y en contra, lo que est\u00e1 muy bien en el marco de la libertad de expresi\u00f3n. Pero esta enc\u00edclica, que trata sobre cambio clim\u00e1tico, ecolog\u00eda y desarrollo, es el primer documento pontificio que se centra en esos asuntos, y desde su presentaci\u00f3n ha provocado lo que podr\u00edamos llamar divisi\u00f3n de opiniones.<\/p>\n<p>Estas opiniones van desde un c\u00e1lido apoyo por parte de algunos gobiernos y organizaciones, asociaciones, y personas en general, hasta cr\u00edticas furibundas de grupos que se ven beneficiados por una irracional explotaci\u00f3n de los recursos naturales, por pa\u00edses, organizaciones, empresas,\u00a0 o simples particulares, a los que no parece importarles la creciente degradaci\u00f3n del planeta, en beneficio de una minor\u00eda.<\/p>\n<p>Existen pues <strong>dos personalidades de nivel planetario, el papa Francisco y el presidente Trump<\/strong>, con posturas totalmente diferentes, pensando uno en la humanidad y sobre todo en los m\u00e1s desfavorecidos de ella, y el otro en su famoso \u201cAm\u00e9rica first and only America\u201d y sobre todo en \u201csus\u201d multimillonarios. <strong>\u00a1Que cada uno elija la opci\u00f3n que prefiera!<\/strong><\/p>\n<p><strong><a href=\"https:\/\/www.google.es\/?gfe_rd=cr&amp;ei=hn88Vv6TPIjCbOOKvdgG&amp;gws_rd=ssl#q=Adolfo+Marroqu%C3%ADn+Santo%C3%B1a\">Adolfo Marroqu\u00edn Santo\u00f1a<\/a><\/strong><\/p>\n<!-- AddThis Advanced Settings generic via filter on the_content --><!-- AddThis Share Buttons generic via filter on the_content -->","protected":false},"excerpt":{"rendered":"<p>Sabemos que estamos inmersos en un cambio clim\u00e1tico, sabemos que, antes de \u00e9ste, ha habido otros muchos cambios clim\u00e1ticos, puesto que el clima no es algo est\u00e1tico, sino m\u00e1s bien continuamente cambiante, sabemos tambi\u00e9n que el actual cambio est\u00e1 provocando fen\u00f3menos atmosf\u00e9ricos muy violentos, dando lugar a aut\u00e9nticas cat\u00e1strofes meteo-clim\u00e1ticas, a las que denominaremos as\u00ed [&hellip;]<!-- AddThis Advanced Settings generic via filter on get_the_excerpt --><!-- AddThis Share Buttons generic via filter on get_the_excerpt --><\/p>\n","protected":false},"author":25830,"featured_media":0,"comment_status":"closed","ping_status":"closed","sticky":false,"template":"","format":"standard","meta":[],"categories":[4,7],"tags":[24,239,1722,325,1723,1720,1724,666,870,1721,1726,1064,1111,1725,1463],"_links":{"self":[{"href":"https:\/\/blogs.hoy.es\/ciencia-facil\/wp-json\/wp\/v2\/posts\/1219"}],"collection":[{"href":"https:\/\/blogs.hoy.es\/ciencia-facil\/wp-json\/wp\/v2\/posts"}],"about":[{"href":"https:\/\/blogs.hoy.es\/ciencia-facil\/wp-json\/wp\/v2\/types\/post"}],"author":[{"embeddable":true,"href":"https:\/\/blogs.hoy.es\/ciencia-facil\/wp-json\/wp\/v2\/users\/25830"}],"replies":[{"embeddable":true,"href":"https:\/\/blogs.hoy.es\/ciencia-facil\/wp-json\/wp\/v2\/comments?post=1219"}],"version-history":[{"count":2,"href":"https:\/\/blogs.hoy.es\/ciencia-facil\/wp-json\/wp\/v2\/posts\/1219\/revisions"}],"predecessor-version":[{"id":1225,"href":"https:\/\/blogs.hoy.es\/ciencia-facil\/wp-json\/wp\/v2\/posts\/1219\/revisions\/1225"}],"wp:attachment":[{"href":"https:\/\/blogs.hoy.es\/ciencia-facil\/wp-json\/wp\/v2\/media?parent=1219"}],"wp:term":[{"taxonomy":"category","embeddable":true,"href":"https:\/\/blogs.hoy.es\/ciencia-facil\/wp-json\/wp\/v2\/categories?post=1219"},{"taxonomy":"post_tag","embeddable":true,"href":"https:\/\/blogs.hoy.es\/ciencia-facil\/wp-json\/wp\/v2\/tags?post=1219"}],"curies":[{"name":"wp","href":"https:\/\/api.w.org\/{rel}","templated":true}]}}