{"id":1234,"date":"2018-03-25T10:58:24","date_gmt":"2018-03-25T09:58:24","guid":{"rendered":"http:\/\/blogs.hoy.es\/ciencia-facil\/?p=1234"},"modified":"2018-03-25T10:58:24","modified_gmt":"2018-03-25T09:58:24","slug":"contaminantes-de-vida-corta-que-nos-acortan-la-vida","status":"publish","type":"post","link":"https:\/\/blogs.hoy.es\/ciencia-facil\/2018\/03\/25\/contaminantes-de-vida-corta-que-nos-acortan-la-vida\/","title":{"rendered":"Contaminantes de vida corta, que nos acortan la vida"},"content":{"rendered":"<p><a href=\"https:\/\/static-blogs.hoy.es\/wp-content\/uploads\/sites\/63\/2018\/03\/01.-CCVC-1.jpg\"><img loading=\"lazy\" class=\"aligncenter size-full wp-image-1236\" src=\"https:\/\/static-blogs.hoy.es\/wp-content\/uploads\/sites\/63\/2018\/03\/01.-CCVC-1.jpg\" alt=\"01-ccvc-1\" width=\"731\" height=\"461\" srcset=\"https:\/\/static-blogs.hoy.es\/wp-content\/uploads\/sites\/63\/2018\/03\/01.-CCVC-1.jpg 731w, https:\/\/static-blogs.hoy.es\/wp-content\/uploads\/sites\/63\/2018\/03\/01.-CCVC-1-300x189.jpg 300w\" sizes=\"(max-width: 731px) 100vw, 731px\" \/><\/a>Un informe de la Organizaci\u00f3n Mundial de la Salud (<strong>OMS<\/strong>) se\u00f1ala que unas 7.000 personas mueren cada a\u00f1o en Espa\u00f1a a causa de las enfermedades provocadas por la contaminaci\u00f3n del aire; encontr\u00e1ndose adem\u00e1s que, a nivel planetario, el 92% de la poblaci\u00f3n vive en lugares donde se superan los umbrales l\u00edmite sobre calidad de aire, referidos a los llamados <strong>CCVC<\/strong> (Contaminantes Clim\u00e1ticos de Vida Corta), como el <u>carbono negro<\/u> (<strong>CN<\/strong>, que se produce en combustiones incompletas o ineficientes), el <u>metano<\/u> (<strong>CH<sub>4<\/sub><\/strong>), el <u>ozono troposf\u00e9rico<\/u> (<strong>O<sub>3<\/sub><\/strong>) o los <u>compuestos de cloro, fl\u00faor y carbono<\/u> (<strong>CFCs<\/strong>).<\/p>\n<p>Estos agentes, que resultan peligrosos por sus efectos nocivos para la salud humana, para la agricultura y los ecosistemas, contribuyen adem\u00e1s al calentamiento global, origen del cambio clim\u00e1tico, que es actualmente la mayor amenaza a que se enfrenta la humanidad. Sin embargo, la permanencia en la atm\u00f3sfera de estas componentes es relativamente breve en el tiempo, puesto que va desde unos d\u00edas hasta unos pocos a\u00f1os, a diferencia de los conocidos <strong>GEI<\/strong> (Gases de Efecto Invernadero), como el tristemente famoso <strong>CO<sub>2<\/sub><\/strong> (di\u00f3xido de carbono), que permanece en la atm\u00f3sfera durante siglos o milenios.<\/p>\n<p>El hecho de que estos contaminantes permanezcan poco tiempo en la atm\u00f3sfera significa que su eliminaci\u00f3n resultar\u00eda beneficiosa y apreciable a corto plazo; por ello su reducci\u00f3n representa una oportunidad que debemos aprovechar en la lucha contra los efectos de la contaminaci\u00f3n, que es un desaf\u00edo global. El Programa de Naciones Unidas para el Medio Ambiente (<strong>PNUMA<\/strong>), coordina varias de las medidas que permitir\u00e1n proteger el clima, y disponer de un aire limpio, y adem\u00e1s hacerlo de forma que sus efectos se noten pronto.<\/p>\n<p>Sin embargo, suponiendo que se lleve a cabo la reducci\u00f3n de los CCVC, el calentamiento a largo plazo continuar\u00e1 y estar\u00e1 determinado esencialmente por las emisiones acumulativas totales de CO<sub>2<\/sub>, que ser\u00e1n efectivamente irreversibles en unos pocos decenios, salvo que se tomen serias medidas en el control de sus emisiones. Por tanto, aunque tanto los CCVC como el propio CO<sub>2<\/sub>, son contaminantes que tienen efectos clim\u00e1ticos importantes, y por tanto conviene rebajarlos, lo que nos interesa ahora, para empezar a aplicar medidas correctoras, es que, al presentarse ambos a escalas de tiempo tan diferentes, la reducci\u00f3n de las emisiones de ambos resultan metas independientes y complementarias, a la vez.<\/p>\n<p><a href=\"https:\/\/static-blogs.hoy.es\/wp-content\/uploads\/sites\/63\/2018\/03\/02.-CCVC-2.jpg\"><img loading=\"lazy\" class=\"aligncenter size-full wp-image-1237\" src=\"https:\/\/static-blogs.hoy.es\/wp-content\/uploads\/sites\/63\/2018\/03\/02.-CCVC-2.jpg\" alt=\"02-ccvc-2\" width=\"800\" height=\"513\" srcset=\"https:\/\/static-blogs.hoy.es\/wp-content\/uploads\/sites\/63\/2018\/03\/02.-CCVC-2.jpg 800w, https:\/\/static-blogs.hoy.es\/wp-content\/uploads\/sites\/63\/2018\/03\/02.-CCVC-2-300x192.jpg 300w, https:\/\/static-blogs.hoy.es\/wp-content\/uploads\/sites\/63\/2018\/03\/02.-CCVC-2-768x492.jpg 768w\" sizes=\"(max-width: 800px) 100vw, 800px\" \/><\/a><\/p>\n<p>Reducir el ritmo de crecimiento del cambio clim\u00e1tico a corto plazo dar\u00e1 lugar a m\u00faltiples beneficios, incluyendo la reducci\u00f3n de sus impactos en los seres vivos que habitan el planeta, disminuir la actual p\u00e9rdida de biodiversidad, ganar tiempo para la puesta en marcha de medidas de adaptaci\u00f3n al cambio y, sobre todo, reducir el riesgo de ir m\u00e1s all\u00e1 del conocido como <strong><u>punto de no retorno<\/u><\/strong>, que nos llevar\u00eda a un <strong><u>cambio clim\u00e1tico irreversible<\/u><\/strong>. Al mismo tiempo, ayudar\u00e1 en la mitigaci\u00f3n del calentamiento en el \u00c1rtico, y otras regiones altas, donde abundan glaciares que actualmente est\u00e1n en peligro de fusi\u00f3n. Tambi\u00e9n se obtendr\u00edan beneficios en la disminuci\u00f3n del ritmo de aumento del nivel del mar.<\/p>\n<p>Menci\u00f3n especial, dentro de estos contaminantes de corta vida, merece el ozono que se sit\u00faa en la capa atmosf\u00e9rica m\u00e1s pr\u00f3xima al suelo (troposfera), por lo que es denominado <u>ozono troposf\u00e9rico<\/u>, actuando all\u00ed como un contaminante muy perjudicial. Este ozono es un gas secundario porque no es emitido directamente, sino que se forma cuando gases precursores se oxidan al entrar en contacto con la luz solar. Es conocido que, en la parte superior de la atm\u00f3sfera (estrat\u00f3sfera), el ozono act\u00faa como un escudo protector, dando lugar a la ozonosfera, que protege al planeta del da\u00f1o de la componente ultravioleta de la radiaci\u00f3n solar. Sin embargo, como decimos, en la parte m\u00e1s baja de la atmosfera el ozono act\u00faa como un potente gas de efecto invernadero y un da\u00f1ino contaminante, que tiene efectos adversos en la salud humana y de los ecosistemas.<\/p>\n<p><a href=\"https:\/\/static-blogs.hoy.es\/wp-content\/uploads\/sites\/63\/2018\/03\/03.-CCVC-3.jpg\"><img loading=\"lazy\" class=\"aligncenter size-full wp-image-1238\" src=\"https:\/\/static-blogs.hoy.es\/wp-content\/uploads\/sites\/63\/2018\/03\/03.-CCVC-3.jpg\" alt=\"03-ccvc-3\" width=\"717\" height=\"473\" srcset=\"https:\/\/static-blogs.hoy.es\/wp-content\/uploads\/sites\/63\/2018\/03\/03.-CCVC-3.jpg 717w, https:\/\/static-blogs.hoy.es\/wp-content\/uploads\/sites\/63\/2018\/03\/03.-CCVC-3-300x198.jpg 300w\" sizes=\"(max-width: 717px) 100vw, 717px\" \/><\/a><\/p>\n<p>El ozono troposf\u00e9rico es tambi\u00e9n el principal componente del smog fotoqu\u00edmico urbano, convirti\u00e9ndose en un oxidante altamente reactivo que puede empeorar males como la bronquitis y los enfisemas, desencadenar asma y da\u00f1ar permanente el tejido pulmonar.<\/p>\n<p>Retrasar la puesta en marcha de las medidas de control de estos contaminantes, podr\u00eda conducirnos a no alcanzar los beneficios esperados; se calcula que el retraso de unos 25 a\u00f1os en la toma de las medidas, llevar\u00eda a tener impactos irreversibles sobre el <strong>sistema clim\u00e1tico<\/strong>, y a que la subida de la temperatura media del planeta superase en este siglo los 2\u00b0C, con lo que la gente no tendr\u00eda ni la capacidad, ni el tiempo necesario para adaptarse.<\/p>\n<p><a href=\"https:\/\/static-blogs.hoy.es\/wp-content\/uploads\/sites\/63\/2018\/03\/04.-CCVC-4.jpg\"><img loading=\"lazy\" class=\"aligncenter size-full wp-image-1239\" src=\"https:\/\/static-blogs.hoy.es\/wp-content\/uploads\/sites\/63\/2018\/03\/04.-CCVC-4.jpg\" alt=\"04-ccvc-4\" width=\"690\" height=\"461\" srcset=\"https:\/\/static-blogs.hoy.es\/wp-content\/uploads\/sites\/63\/2018\/03\/04.-CCVC-4.jpg 690w, https:\/\/static-blogs.hoy.es\/wp-content\/uploads\/sites\/63\/2018\/03\/04.-CCVC-4-300x200.jpg 300w\" sizes=\"(max-width: 690px) 100vw, 690px\" \/><\/a><\/p>\n<p>Por otra parte, entre los beneficios clim\u00e1ticos de la mitigaci\u00f3n de los CCVC, est\u00e1 el de que podemos cuantificar el calentamiento global que, a muy corto plazo, podemos evitar; en concreto, para el 2030 podr\u00edan evitarse 0.6\u00b0C del calentamiento total previsto para el 2050.<\/p>\n<p>En la l\u00ednea de las recomendaciones adoptadas en el Acuerdo de Par\u00eds, que suponen poner en marcha todos los esfuerzos necesarios para que el incremento de la temperatura global del planeta no alcance los 2\u00baC, la inmediata implementaci\u00f3n de las medidas de control de los CCVC, junto con medidas orientadas a la reducci\u00f3n de las emisiones de CO<sub>2<\/sub>, ser\u00edan una buena garant\u00eda para conseguir no superar esos peligrosos 2\u00b0C previstos, e incluso los 1.5\u00baC, que el citado Acuerdo de Par\u00eds recomienda, como medida de seguridad. <strong>Ojal\u00e1 se consiga, por el bien de todos nosotros<\/strong>.<\/p>\n<p><strong><a href=\"https:\/\/www.google.es\/?gfe_rd=cr&amp;ei=hn88Vv6TPIjCbOOKvdgG&amp;gws_rd=ssl#q=Adolfo+Marroqu%C3%ADn+Santo%C3%B1a\">Adolfo Marroqu\u00edn Santo\u00f1a<\/a><\/strong><\/p>\n<!-- AddThis Advanced Settings generic via filter on the_content --><!-- AddThis Share Buttons generic via filter on the_content -->","protected":false},"excerpt":{"rendered":"<p>Un informe de la Organizaci\u00f3n Mundial de la Salud (OMS) se\u00f1ala que unas 7.000 personas mueren cada a\u00f1o en Espa\u00f1a a causa de las enfermedades provocadas por la contaminaci\u00f3n del aire; encontr\u00e1ndose adem\u00e1s que, a nivel planetario, el 92% de la poblaci\u00f3n vive en lugares donde se superan los umbrales l\u00edmite sobre calidad de aire, [&hellip;]<!-- AddThis Advanced Settings generic via filter on get_the_excerpt --><!-- AddThis Share Buttons generic via filter on get_the_excerpt --><\/p>\n","protected":false},"author":69,"featured_media":0,"comment_status":"closed","ping_status":"closed","sticky":false,"template":"","format":"standard","meta":[],"categories":[2],"tags":[142,230,1735,239,1737,1736,1733,325,1734,457,666,948,1098,1604,1332,1380],"_links":{"self":[{"href":"https:\/\/blogs.hoy.es\/ciencia-facil\/wp-json\/wp\/v2\/posts\/1234"}],"collection":[{"href":"https:\/\/blogs.hoy.es\/ciencia-facil\/wp-json\/wp\/v2\/posts"}],"about":[{"href":"https:\/\/blogs.hoy.es\/ciencia-facil\/wp-json\/wp\/v2\/types\/post"}],"author":[{"embeddable":true,"href":"https:\/\/blogs.hoy.es\/ciencia-facil\/wp-json\/wp\/v2\/users\/69"}],"replies":[{"embeddable":true,"href":"https:\/\/blogs.hoy.es\/ciencia-facil\/wp-json\/wp\/v2\/comments?post=1234"}],"version-history":[{"count":2,"href":"https:\/\/blogs.hoy.es\/ciencia-facil\/wp-json\/wp\/v2\/posts\/1234\/revisions"}],"predecessor-version":[{"id":1240,"href":"https:\/\/blogs.hoy.es\/ciencia-facil\/wp-json\/wp\/v2\/posts\/1234\/revisions\/1240"}],"wp:attachment":[{"href":"https:\/\/blogs.hoy.es\/ciencia-facil\/wp-json\/wp\/v2\/media?parent=1234"}],"wp:term":[{"taxonomy":"category","embeddable":true,"href":"https:\/\/blogs.hoy.es\/ciencia-facil\/wp-json\/wp\/v2\/categories?post=1234"},{"taxonomy":"post_tag","embeddable":true,"href":"https:\/\/blogs.hoy.es\/ciencia-facil\/wp-json\/wp\/v2\/tags?post=1234"}],"curies":[{"name":"wp","href":"https:\/\/api.w.org\/{rel}","templated":true}]}}