{"id":1266,"date":"2018-06-06T10:36:56","date_gmt":"2018-06-06T09:36:56","guid":{"rendered":"http:\/\/blogs.hoy.es\/ciencia-facil\/?p=1266"},"modified":"2018-06-06T10:36:56","modified_gmt":"2018-06-06T09:36:56","slug":"en-clima-es-prudente-mirar-donde-vamos-viendo-de-donde-venimos","status":"publish","type":"post","link":"https:\/\/blogs.hoy.es\/ciencia-facil\/2018\/06\/06\/en-clima-es-prudente-mirar-donde-vamos-viendo-de-donde-venimos\/","title":{"rendered":"En clima es prudente mirar donde vamos, viendo de donde venimos"},"content":{"rendered":"<p><a href=\"https:\/\/static-blogs.hoy.es\/wp-content\/uploads\/sites\/63\/2018\/06\/01.-Paleo-temperaturas.png\"><img loading=\"lazy\" class=\"aligncenter size-full wp-image-1267\" src=\"https:\/\/static-blogs.hoy.es\/wp-content\/uploads\/sites\/63\/2018\/06\/01.-Paleo-temperaturas.png\" alt=\"01-paleo-temperaturas\" width=\"1125\" height=\"363\" srcset=\"https:\/\/static-blogs.hoy.es\/wp-content\/uploads\/sites\/63\/2018\/06\/01.-Paleo-temperaturas.png 1125w, https:\/\/static-blogs.hoy.es\/wp-content\/uploads\/sites\/63\/2018\/06\/01.-Paleo-temperaturas-300x97.png 300w, https:\/\/static-blogs.hoy.es\/wp-content\/uploads\/sites\/63\/2018\/06\/01.-Paleo-temperaturas-768x248.png 768w, https:\/\/static-blogs.hoy.es\/wp-content\/uploads\/sites\/63\/2018\/06\/01.-Paleo-temperaturas-1024x330.png 1024w\" sizes=\"(max-width: 1125px) 100vw, 1125px\" \/><\/a>Con frecuencia se habla del Cambio Clim\u00e1tico y del Calentamiento Global, pero se habla menos de la combinaci\u00f3n y resultado de ambos procesos, que ser\u00eda el <strong>Cambio Global<\/strong>, en el que deber\u00edamos considerar no s\u00f3lo la atm\u00f3sfera, que tambi\u00e9n, sino los otros cuatro componentes (litosfera, hidrosfera, criosfera y biosfera) que, junto con la atm\u00f3sfera, constituyen el <strong>Sistema Clim\u00e1tico Global<\/strong>. Y, tampoco estar\u00eda de m\u00e1s, echar una ojeada a los cambios que \u201ceste cambio est\u00e1 provocando ya\u201d, entre los miembros de la citada biosfera, es decir entre el conjunto de todos los seres vivos que pueblan el planeta Tierra, incluidos los propios humanos.<\/p>\n<p>Desde mediados del siglo pasado resultan evidentes los cambios en nuestro planeta, provocados por el calentamiento global, que se han reflejado, entre otros aspectos, en p\u00e9rdidas de biodiversidad por la extinci\u00f3n de especies, en la destrucci\u00f3n de sus h\u00e1bitats, en la alteraci\u00f3n de los ciclos del nitr\u00f3geno y el f\u00f3sforo, etc. En todos estos procesos, la huella de la actividad humana es evidente, bien a trav\u00e9s de cambios en los usos del suelo, bien en el crecimiento incontrolado de las urbanizaciones, o en el aprovechamiento, hasta casi la extinci\u00f3n de muchos recursos naturales, con cambios en la din\u00e1mica del clima, debidos al aumento de los conocidos <strong>GEI<\/strong> (Gases de Efecto Invernadero) en la atm\u00f3sfera, donde ya se han alcanzado y superado las 410 ppm (partes por mill\u00f3n) de CO<sub>2<\/sub> equivalente.<\/p>\n<p>Al hablar de <strong>Cambio Global<\/strong> debemos referirnos al conjunto de todos los cambios, a escala planetaria, provocados por la actividad humana; en la actualidad, pr\u00e1cticamente cada a\u00f1o se est\u00e1n batiendo, una y otra vez, r\u00e9cords de temperaturas, con inviernos m\u00e1s calurosos y olas de calor en verano, al tiempo que se funden tanto los glaciares de las cadenas monta\u00f1osas, como los casquetes polares, en el \u00c1rtico y en la Ant\u00e1rtida, con la expectativa, a no mucho tardar, de un Polo Norte sin hielo en los veranos de las pr\u00f3ximas d\u00e9cadas. Pero, para saber hacia d\u00f3nde vamos, resulta necesario estudiar y conocer, lo mejor posible, no s\u00f3lo los cambios actuales, sino tambi\u00e9n los cambios anteriores similares, que se hayan producido en nuestro planeta.<\/p>\n<p>Los registros de datos procedentes de mediciones instrumentales son relativamente modernos, como ejemplo, en el caso de los datos clim\u00e1ticos procedentes de observaciones meteorol\u00f3gicas, fundamentalmente de la atm\u00f3sfera, hechas a las mismas horas y con las mismas t\u00e9cnicas y normas, con mediciones mantenidas y sistematizadas, en lugares representativos, no alterados por los cambios del entorno, arrancan apenas a mediados del siglo XIX; y pr\u00e1cticamente lo mismo puede decirse de los registros disponibles para otras variables relacionadas con los cinco subsistemas, que antes cit\u00e1bamos, que conforman el Sistema Clim\u00e1tico.<\/p>\n<p>En consecuencia, para poder \u201c<strong>avanzar mucho hacia atr\u00e1s<\/strong>\u201d en la obtenci\u00f3n de datos sobre todas esas variables, debemos recurrir a la paleociencia, con sus numerosos registros geol\u00f3gicos (hielo de los glaciares y de los casquetes polares, sedimentos del fondo de oc\u00e9anos y lagos, estalactitas y estalagmitas de las cuevas, anillos de los \u00e1rboles, corales, etc.), que son registros en los que ha quedado escrita y preservada la historia del clima planetario.<\/p>\n<p><a href=\"https:\/\/static-blogs.hoy.es\/wp-content\/uploads\/sites\/63\/2018\/06\/02.-Huellas-del-cambio.jpg\"><img loading=\"lazy\" class=\"aligncenter size-full wp-image-1268\" src=\"https:\/\/static-blogs.hoy.es\/wp-content\/uploads\/sites\/63\/2018\/06\/02.-Huellas-del-cambio.jpg\" alt=\"02-huellas-del-cambio\" width=\"798\" height=\"184\" srcset=\"https:\/\/static-blogs.hoy.es\/wp-content\/uploads\/sites\/63\/2018\/06\/02.-Huellas-del-cambio.jpg 798w, https:\/\/static-blogs.hoy.es\/wp-content\/uploads\/sites\/63\/2018\/06\/02.-Huellas-del-cambio-300x69.jpg 300w, https:\/\/static-blogs.hoy.es\/wp-content\/uploads\/sites\/63\/2018\/06\/02.-Huellas-del-cambio-768x177.jpg 768w\" sizes=\"(max-width: 798px) 100vw, 798px\" \/><\/a><\/p>\n<p>Es un hecho que, en la actualidad, el sistema clim\u00e1tico del planeta Tierra opera fuera del rango de la variabilidad natural que se ha venido observando en los \u00faltimos 500.000 a\u00f1os. Se da por tanto una situaci\u00f3n muy especial, que requiere en consecuencia un cuidadoso an\u00e1lisis al tratar de prever hacia d\u00f3nde nos encaminamos, el planeta y nosotros; an\u00e1lisis en el que l\u00f3gicamente debemos preguntarnos \u00bfQu\u00e9 cambios ambientales ocurrieron en el pasado y cu\u00e1les fueron sus causas?<\/p>\n<p>Sabemos que en nuestro planeta han ocurrido con anterioridad cambios de temperatura muy r\u00e1pidos, durante los periodos glaciales, pero la velocidad a la que est\u00e1 ocurriendo el calentamiento actual es mucho, para ser m\u00e1s exactos \u201cmuch\u00edsimo\u201d, mayor a la de todos los otros cambios clim\u00e1ticos naturales, ocurridos antes. Sabemos tambi\u00e9n que no podemos, o m\u00e1s bien no debemos, esperar d\u00e9cadas o siglos para constatar los efectos de este periodo de cambio r\u00e1pido en el aumento del nivel del mar, la temperatura, la fusi\u00f3n de los hielos, y m\u00e1s en general todos los procesos de retroalimentaci\u00f3n internos al sistema clim\u00e1tico, porque esa espera <strong>puede llevarnos a que sea demasiado tarde<\/strong> para poner en marcha estrategias eficaces de mitigaci\u00f3n o de adaptaci\u00f3n al cambio.<\/p>\n<p>Estudios realizados por cient\u00edficos pertenecientes al Instituto Pirenaico de Ecolog\u00eda, del CSIC, se\u00f1alan que, en efecto, nuestra capacidad para anticipar el futuro y prepararnos para el impacto de todos estos cambios, se basa en modelos matem\u00e1ticos basados en lo que conocemos sobre c\u00f3mo se ha comportado el sistema Tierra en un pasado remoto. De forma que una manera prudente de comprobar si esos modelos funcionan bien es ver si son capaces de reflejar los cambios del planeta en el pasado reciente, del que se dispone de datos. Cuanto mejor reproduzcan esos cambios que la ciencia ha reconstruido para el pasado, m\u00e1s confianza tendremos en que predicen con acierto los escenarios futuros.<\/p>\n<p>Como consecuencia de lo anterior, se ha recogido un enorme conjunto de datos, en base a los cuales, sabemos que las temperaturas durante el \u00faltimo m\u00e1ximo glacial, hace unos 20.000 a\u00f1os, fueron entre 3 y 5 \u00b0C m\u00e1s fr\u00edas que las actuales y el nivel del mar estaba del orden de 120 a 140 metros m\u00e1s bajo que hoy d\u00eda. Sabemos tambi\u00e9n que durante el \u00faltimo periodo interglaciar, ocurrido hace 125.000 a\u00f1os, las temperaturas globales fueron ligeramente m\u00e1s c\u00e1lidas que las actuales, y el nivel general del oc\u00e9ano era de unos 6 a 9 m m\u00e1s alto que ahora, con una concentraci\u00f3n de CO<sub>2<\/sub> muy similar a la que ten\u00eda el planeta en la segunda mitad del siglo XIX.<\/p>\n<p><a href=\"https:\/\/static-blogs.hoy.es\/wp-content\/uploads\/sites\/63\/2018\/06\/03.-Sistema-clim\u00e1tico-y-temperatura.jpg\"><img loading=\"lazy\" class=\"aligncenter size-full wp-image-1269\" src=\"https:\/\/static-blogs.hoy.es\/wp-content\/uploads\/sites\/63\/2018\/06\/03.-Sistema-clim\u00e1tico-y-temperatura.jpg\" alt=\"03-sistema-climatico-y-temperatura\" width=\"1198\" height=\"469\" srcset=\"https:\/\/static-blogs.hoy.es\/wp-content\/uploads\/sites\/63\/2018\/06\/03.-Sistema-clim\u00e1tico-y-temperatura.jpg 1198w, https:\/\/static-blogs.hoy.es\/wp-content\/uploads\/sites\/63\/2018\/06\/03.-Sistema-clim\u00e1tico-y-temperatura-300x117.jpg 300w, https:\/\/static-blogs.hoy.es\/wp-content\/uploads\/sites\/63\/2018\/06\/03.-Sistema-clim\u00e1tico-y-temperatura-768x301.jpg 768w, https:\/\/static-blogs.hoy.es\/wp-content\/uploads\/sites\/63\/2018\/06\/03.-Sistema-clim\u00e1tico-y-temperatura-1024x401.jpg 1024w\" sizes=\"(max-width: 1198px) 100vw, 1198px\" \/><\/a><\/p>\n<p>Una reciente estimaci\u00f3n del nivel del mar global para los \u00faltimos 3.000 a\u00f1os demuestra que, <u>sin calentamiento global<\/u>, el nivel del mar durante el siglo XX habr\u00eda variado entre -3 y +7 cm, pero la realidad es que ha aumentado 14 cm, evidentemente <u>incluido el calentamiento global<\/u>; por cierto, seg\u00fan un informe del IPCC, para el final del siglo XXI est\u00e1 previsto un aumento del nivel del mar de entre 0,26 y 1,5 m.<\/p>\n<p>El aumento en la temperatura media del planeta durante las \u00faltimas d\u00e9cadas, a escala global es indudable, y sin embargo, los cambios en las precipitaciones no parecen mostrar ning\u00fan tipo de tendencias globales; al menos no tan evidentes como ocurre con las temperaturas, aunque algunos datos sugieren que, a escala global, los oc\u00e9anos m\u00e1s calientes intensificar\u00e1n la circulaci\u00f3n general atmosf\u00e9rica y con ello el transporte de humedad a latitudes m\u00e1s altas, dando lugar a <strong>un aumento de los fen\u00f3menos extremos<\/strong>, tanto de viento (con potentes tornados, e incluso frecuentes huracanes), como de precipitaciones que, en cantidades ser\u00e1n menores, pero present\u00e1ndose en <strong>episodios de enorme violencia<\/strong>, con grandes registros en cortos per\u00edodos de tiempo; provocando por tanto importantes riadas e inundaciones.<\/p>\n<p>Podr\u00edamos preguntarnos \u00bfCada cu\u00e1nto tiempo se produc\u00edan antes, y cada cu\u00e1nto se producir\u00e1n en el futuro, esas enormes riadas, que hemos calificado como de previsibles? Pues bien, sabemos que, en algunos periodos de la historia, cientos o miles de a\u00f1os atr\u00e1s, cuando las condiciones clim\u00e1ticas guardaban \u201c<strong>un cierto parecido<\/strong>\u201d con aquellas hacia las que nos dirigimos, esos fen\u00f3menos extremos fueron m\u00e1s frecuentes que en la actualidad; como ocurri\u00f3 por ejemplo, en periodos c\u00e1lidos de la Edad Media, durante los cuales las tormentas intensas, con precipitaciones de m\u00e1s de 80 litros por metro cuadrado en 24 horas, duplicaron su frecuencia. Por tanto, <strong>lo prudente ser\u00eda mirar hacia d\u00f3nde vamos con el futuro del clima, viendo c\u00f3mo fueron las cosas en el pasado<\/strong>.<\/p>\n<p><strong><a href=\"https:\/\/www.google.es\/?gfe_rd=cr&amp;ei=hn88Vv6TPIjCbOOKvdgG&amp;gws_rd=ssl#q=Adolfo+Marroqu%C3%ADn+Santo%C3%B1a\">Adolfo Marroqu\u00edn Santo\u00f1a<\/a><\/strong><\/p>\n<!-- AddThis Advanced Settings generic via filter on the_content --><!-- AddThis Share Buttons generic via filter on the_content -->","protected":false},"excerpt":{"rendered":"<p>Con frecuencia se habla del Cambio Clim\u00e1tico y del Calentamiento Global, pero se habla menos de la combinaci\u00f3n y resultado de ambos procesos, que ser\u00eda el Cambio Global, en el que deber\u00edamos considerar no s\u00f3lo la atm\u00f3sfera, que tambi\u00e9n, sino los otros cuatro componentes (litosfera, hidrosfera, criosfera y biosfera) que, junto con la atm\u00f3sfera, constituyen [&hellip;]<!-- AddThis Advanced Settings generic via filter on get_the_excerpt --><!-- AddThis Share Buttons generic via filter on get_the_excerpt --><\/p>\n","protected":false},"author":25830,"featured_media":0,"comment_status":"closed","ping_status":"closed","sticky":false,"template":"","format":"standard","meta":[],"categories":[1738,4,7],"tags":[142,205,230,239,1768,325,401,1771,666,673,743,882,1770,1769,1463],"_links":{"self":[{"href":"https:\/\/blogs.hoy.es\/ciencia-facil\/wp-json\/wp\/v2\/posts\/1266"}],"collection":[{"href":"https:\/\/blogs.hoy.es\/ciencia-facil\/wp-json\/wp\/v2\/posts"}],"about":[{"href":"https:\/\/blogs.hoy.es\/ciencia-facil\/wp-json\/wp\/v2\/types\/post"}],"author":[{"embeddable":true,"href":"https:\/\/blogs.hoy.es\/ciencia-facil\/wp-json\/wp\/v2\/users\/25830"}],"replies":[{"embeddable":true,"href":"https:\/\/blogs.hoy.es\/ciencia-facil\/wp-json\/wp\/v2\/comments?post=1266"}],"version-history":[{"count":1,"href":"https:\/\/blogs.hoy.es\/ciencia-facil\/wp-json\/wp\/v2\/posts\/1266\/revisions"}],"predecessor-version":[{"id":1270,"href":"https:\/\/blogs.hoy.es\/ciencia-facil\/wp-json\/wp\/v2\/posts\/1266\/revisions\/1270"}],"wp:attachment":[{"href":"https:\/\/blogs.hoy.es\/ciencia-facil\/wp-json\/wp\/v2\/media?parent=1266"}],"wp:term":[{"taxonomy":"category","embeddable":true,"href":"https:\/\/blogs.hoy.es\/ciencia-facil\/wp-json\/wp\/v2\/categories?post=1266"},{"taxonomy":"post_tag","embeddable":true,"href":"https:\/\/blogs.hoy.es\/ciencia-facil\/wp-json\/wp\/v2\/tags?post=1266"}],"curies":[{"name":"wp","href":"https:\/\/api.w.org\/{rel}","templated":true}]}}