{"id":1351,"date":"2018-12-10T19:29:08","date_gmt":"2018-12-10T18:29:08","guid":{"rendered":"http:\/\/blogs.hoy.es\/ciencia-facil\/?p=1351"},"modified":"2018-12-10T20:00:10","modified_gmt":"2018-12-10T19:00:10","slug":"el-calentamiento-global-nos-costara-caro","status":"publish","type":"post","link":"https:\/\/blogs.hoy.es\/ciencia-facil\/2018\/12\/10\/el-calentamiento-global-nos-costara-caro\/","title":{"rendered":"El calentamiento global nos costar\u00e1 caro"},"content":{"rendered":"<p><a href=\"https:\/\/static-blogs.hoy.es\/wp-content\/uploads\/sites\/63\/2018\/12\/01.-Tierra-caliente.jpg\"><img loading=\"lazy\" class=\"aligncenter size-full wp-image-1352\" src=\"https:\/\/static-blogs.hoy.es\/wp-content\/uploads\/sites\/63\/2018\/12\/01.-Tierra-caliente.jpg\" alt=\"01-tierra-caliente\" width=\"791\" height=\"234\" srcset=\"https:\/\/static-blogs.hoy.es\/wp-content\/uploads\/sites\/63\/2018\/12\/01.-Tierra-caliente.jpg 791w, https:\/\/static-blogs.hoy.es\/wp-content\/uploads\/sites\/63\/2018\/12\/01.-Tierra-caliente-300x89.jpg 300w, https:\/\/static-blogs.hoy.es\/wp-content\/uploads\/sites\/63\/2018\/12\/01.-Tierra-caliente-768x227.jpg 768w\" sizes=\"(max-width: 791px) 100vw, 791px\" \/><\/a>En el contexto de un a\u00f1o r\u00e9cord en cuanto a impactos del cambio clim\u00e1tico, como las olas de calor y las sequ\u00edas en todo el mundo, el IPCC (Panel Intergubernamental sobre el Cambio Clim\u00e1tico) de la ONU, comenz\u00f3 las discusiones acerca del pretendido l\u00edmite del calentamiento global en 1,5 grados cent\u00edgrados.<\/p>\n<p>El Acuerdo de Par\u00eds, firmado en 2015, es el documento de referencia sobre limitaciones para frenar la marcha del cambio clim\u00e1tico, y tiene como objetivo mantener el aumento de las temperaturas medias globales por debajo de 2 \u00baC, intentando limitarlo a 1,5 \u00baC, para evitar futuros graves impactos en todo el mundo.<\/p>\n<p>Para la elaboraci\u00f3n de su \u00faltimo informe, el IPCC ha evaluado los hallazgos cient\u00edficos m\u00e1s actualizados sobre el da\u00f1o que causar\u00e1 un calentamiento de 1,5 \u00b0 C, compar\u00e1ndolo con el da\u00f1o que causar\u00eda un potencial calentamiento de 2 \u00baC. Y partiendo de que los impactos actuales del cambio clim\u00e1tico, que se pueden observar ya en la actualidad, son el resultado de un aumento de la temperatura promedio mundial de apenas 1 \u00baC.<\/p>\n<p>En el citado informe del IPCC, se advierte de las consecuencias de no cumplir con las recomendaciones emitidas en las \u00faltimas Cumbres del Clima, y en concreto con el reciente Acuerdo de Par\u00eds. Seg\u00fan ese informe el cambio clim\u00e1tico nos costar\u00e1 47.600 M\u20ac (millones de euros) si la temperatura del planeta aumenta 1,5 \u00baC, llegando a 60.000 M\u20ac, si aumentara hasta los 2 \u00baC.<\/p>\n<p>Lo cierto es que para limitar el calentamiento global se necesitar\u00edan cambios de gran alcance y sin precedentes en todos los aspectos, y sin duda es necesario conseguir esos cambios, porque el calentamiento global inducido por el hombre, desde 1850, fecha en la que se fija la revoluci\u00f3n industrial y el comienzo del ascenso de las temperaturas planetarias, est\u00e1 ya <u>alcanzando 1\u00baC<\/u>, y est\u00e1 <u>aumentando a un ritmo de 0,2 \u00baC por d\u00e9cada<\/u>, debido a las emisiones de los conocidos GEI (Gases de Efecto Invernadero).<\/p>\n<p><a href=\"https:\/\/static-blogs.hoy.es\/wp-content\/uploads\/sites\/63\/2018\/12\/02.-GEI.jpg\"><img loading=\"lazy\" class=\"aligncenter size-full wp-image-1353\" src=\"https:\/\/static-blogs.hoy.es\/wp-content\/uploads\/sites\/63\/2018\/12\/02.-GEI.jpg\" alt=\"02-gei\" width=\"746\" height=\"237\" srcset=\"https:\/\/static-blogs.hoy.es\/wp-content\/uploads\/sites\/63\/2018\/12\/02.-GEI.jpg 746w, https:\/\/static-blogs.hoy.es\/wp-content\/uploads\/sites\/63\/2018\/12\/02.-GEI-300x95.jpg 300w\" sizes=\"(max-width: 746px) 100vw, 746px\" \/><\/a><\/p>\n<p>Como fen\u00f3meno natural, el efecto invernadero resulta de la absorci\u00f3n y reflexi\u00f3n por ciertos gases de la atm\u00f3sfera de parte de la radiaci\u00f3n infrarroja reenviada al espacio por la Tierra, que retiene de esa forma el calor. El planeta ha mantenido durante miles de a\u00f1os un nivel estable de esos gases, lo que ha permitido la vida como la conocemos.<\/p>\n<p>Pero el problema es que este fen\u00f3meno est\u00e1 acentu\u00e1ndose por la liberaci\u00f3n en la atm\u00f3sfera de gases resultantes de actividades humanas, como la quema de combustibles f\u00f3siles, la deforestaci\u00f3n y algunas actividades agr\u00edcolas. Aparte del propio vapor de agua, el di\u00f3xido de carbono (CO<sub>2<\/sub>) es el principal gas de efecto invernadero de origen humano (76% de las emisiones); otros son el metano (16%), el \u00f3xido de nitr\u00f3geno (6%) y algunos gases con fluor (2%). Cada gas tiene una capacidad diferente para retener el calor.<\/p>\n<p>A este ritmo de crecimiento, <u>de 0,2 \u00baC por d\u00e9cada<\/u>, resulta que, a lo largo del presente siglo, se superar\u00e1n los 2 \u00baC que se pretend\u00edan evitar en el Acuerdo de Par\u00eds. Los efectos ya se est\u00e1n viendo, con los fen\u00f3menos meteorol\u00f3gicos adversos, cada vez m\u00e1s frecuentes y violentos, en todos los continentes del planeta; pero adem\u00e1s, el \u00faltimo informe del IPCC advierte que la diferencia entre \u201cs\u00f3lo\u201d 1,5 \u00baC, o llegar a los 2 \u00baC, tendr\u00e1 gran importancia, en el sentido de ponernos las cosas m\u00e1s dif\u00edciles.<\/p>\n<p><a href=\"https:\/\/static-blogs.hoy.es\/wp-content\/uploads\/sites\/63\/2018\/12\/03.-Temperaturas-y-\u00c1rtico.jpg\"><img loading=\"lazy\" class=\"aligncenter size-full wp-image-1354\" src=\"https:\/\/static-blogs.hoy.es\/wp-content\/uploads\/sites\/63\/2018\/12\/03.-Temperaturas-y-\u00c1rtico.jpg\" alt=\"03-temperaturas-y-artico\" width=\"798\" height=\"265\" srcset=\"https:\/\/static-blogs.hoy.es\/wp-content\/uploads\/sites\/63\/2018\/12\/03.-Temperaturas-y-\u00c1rtico.jpg 798w, https:\/\/static-blogs.hoy.es\/wp-content\/uploads\/sites\/63\/2018\/12\/03.-Temperaturas-y-\u00c1rtico-300x100.jpg 300w, https:\/\/static-blogs.hoy.es\/wp-content\/uploads\/sites\/63\/2018\/12\/03.-Temperaturas-y-\u00c1rtico-768x255.jpg 768w\" sizes=\"(max-width: 798px) 100vw, 798px\" \/><\/a><\/p>\n<p>Por ejemplo, la enorme anomal\u00eda clim\u00e1tica que supondr\u00eda \u00a0que en el <u>\u00c1rtico desapareciera la mayor parte del hielo en verano<\/u>, suceder\u00eda <u>una vez por siglo<\/u>, si el calentamiento global es de 1,5 \u00baC, mientras que, de alcanzarse los 2 \u00baC, esto suceder\u00eda <u>una vez por decenio<\/u>. Al mismo tiempo, los arrecifes de coral disminuir\u00edan entre un 70 % \u00a0y un 90 %, con la subida de 1,5 \u00baC, llegando pr\u00e1cticamente a desaparecer todos ellos, si se llega a los 2 \u00baC.<\/p>\n<p>En el escenario m\u00e1s adverso, es decir el aumento de 2 \u00baC, el informe del IPCC prev\u00e9 una r\u00e1pida evacuaci\u00f3n de personas en las zonas de los tr\u00f3picos; resultando que en algunas partes del mundo, las fronteras nacionales resultar\u00e1n in\u00fatiles, puesto que no ser\u00e1 posible contener las migraciones de millones de personas, por muchos muros que se intenten construir.<\/p>\n<p>Los informes de los expertos apuntan a que, por el contrario, los Gobiernos tienen que actuar para reducir las emisiones de GEI, y tienen que ir m\u00e1s all\u00e1 de las medidas adoptadas en el Acuerdo de Par\u00eds, ya que est\u00e1s no ser\u00e1n suficientes para evitar los 2 \u00baC de calentamiento. En concreto, se se\u00f1ala que para limitar el calentamiento globa, se necesitar\u00edan transiciones r\u00e1pidas y de gran alcance en la utilizaci\u00f3n del suelo, la energ\u00eda, la industria, la edificaci\u00f3n, el transporte y el urbanismo.<\/p>\n<p>En suma, ser\u00eda necesario que las emisiones netas globales de di\u00f3xido de carbono de origen humano disminuyeran en 2030 alrededor de un 45 % respecto de los niveles de 2010, y siguieran disminuyendo hasta <u>conseguir emisiones cero aproximadamente en 2050<\/u>.<\/p>\n<p><a href=\"https:\/\/static-blogs.hoy.es\/wp-content\/uploads\/sites\/63\/2018\/12\/04.-Temporal-euro-y-dolar.jpg\"><img loading=\"lazy\" class=\"aligncenter size-full wp-image-1355\" src=\"https:\/\/static-blogs.hoy.es\/wp-content\/uploads\/sites\/63\/2018\/12\/04.-Temporal-euro-y-dolar.jpg\" alt=\"04-temporal-euro-y-dolar\" width=\"798\" height=\"277\" srcset=\"https:\/\/static-blogs.hoy.es\/wp-content\/uploads\/sites\/63\/2018\/12\/04.-Temporal-euro-y-dolar.jpg 798w, https:\/\/static-blogs.hoy.es\/wp-content\/uploads\/sites\/63\/2018\/12\/04.-Temporal-euro-y-dolar-300x104.jpg 300w, https:\/\/static-blogs.hoy.es\/wp-content\/uploads\/sites\/63\/2018\/12\/04.-Temporal-euro-y-dolar-768x267.jpg 768w\" sizes=\"(max-width: 798px) 100vw, 798px\" \/><\/a><\/p>\n<p>Una de las acciones en las que m\u00e1s \u00e9nfasis ponen los expertos del IPCC es en un impuesto a las emisiones de CO<sub>2<\/sub> (di\u00f3xido de carbono). Asegurando que poner un precio al carb\u00f3n es vital para promover la mitigaci\u00f3n, estimando adem\u00e1s que para ser efectivo, el precio tendr\u00eda que ir aumentando con los a\u00f1os, y pasar de situarse entre los 135 y los 5.500 d\u00f3lares por tonelada de CO2 en 2030, y de entre 690 y 27.000 por tonelada para el a\u00f1o 2100.<\/p>\n<p><strong><a href=\"https:\/\/www.google.es\/search?q=Adolfo+Marroqu%C3%ADn+Santo%C3%B1a&amp;cad=h\">Adolfo Marroqu\u00edn Santo\u00f1a<\/a><\/strong><\/p>\n<!-- AddThis Advanced Settings generic via filter on the_content --><!-- AddThis Share Buttons generic via filter on the_content -->","protected":false},"excerpt":{"rendered":"<p>En el contexto de un a\u00f1o r\u00e9cord en cuanto a impactos del cambio clim\u00e1tico, como las olas de calor y las sequ\u00edas en todo el mundo, el IPCC (Panel Intergubernamental sobre el Cambio Clim\u00e1tico) de la ONU, comenz\u00f3 las discusiones acerca del pretendido l\u00edmite del calentamiento global en 1,5 grados cent\u00edgrados. El Acuerdo de Par\u00eds, [&hellip;]<!-- AddThis Advanced Settings generic via filter on get_the_excerpt --><!-- AddThis Share Buttons generic via filter on get_the_excerpt --><\/p>\n","protected":false},"author":25830,"featured_media":0,"comment_status":"closed","ping_status":"closed","sticky":false,"template":"","format":"standard","meta":[],"categories":[4,7],"tags":[24,1837,128,230,239,1835,457,666,673,1836,816,1463],"_links":{"self":[{"href":"https:\/\/blogs.hoy.es\/ciencia-facil\/wp-json\/wp\/v2\/posts\/1351"}],"collection":[{"href":"https:\/\/blogs.hoy.es\/ciencia-facil\/wp-json\/wp\/v2\/posts"}],"about":[{"href":"https:\/\/blogs.hoy.es\/ciencia-facil\/wp-json\/wp\/v2\/types\/post"}],"author":[{"embeddable":true,"href":"https:\/\/blogs.hoy.es\/ciencia-facil\/wp-json\/wp\/v2\/users\/25830"}],"replies":[{"embeddable":true,"href":"https:\/\/blogs.hoy.es\/ciencia-facil\/wp-json\/wp\/v2\/comments?post=1351"}],"version-history":[{"count":1,"href":"https:\/\/blogs.hoy.es\/ciencia-facil\/wp-json\/wp\/v2\/posts\/1351\/revisions"}],"predecessor-version":[{"id":1356,"href":"https:\/\/blogs.hoy.es\/ciencia-facil\/wp-json\/wp\/v2\/posts\/1351\/revisions\/1356"}],"wp:attachment":[{"href":"https:\/\/blogs.hoy.es\/ciencia-facil\/wp-json\/wp\/v2\/media?parent=1351"}],"wp:term":[{"taxonomy":"category","embeddable":true,"href":"https:\/\/blogs.hoy.es\/ciencia-facil\/wp-json\/wp\/v2\/categories?post=1351"},{"taxonomy":"post_tag","embeddable":true,"href":"https:\/\/blogs.hoy.es\/ciencia-facil\/wp-json\/wp\/v2\/tags?post=1351"}],"curies":[{"name":"wp","href":"https:\/\/api.w.org\/{rel}","templated":true}]}}